{"id":425794,"date":"2025-09-29T10:02:15","date_gmt":"2025-09-29T10:02:15","guid":{"rendered":"https:\/\/www.europesays.com\/fr\/425794\/"},"modified":"2025-09-29T10:02:15","modified_gmt":"2025-09-29T10:02:15","slug":"photos-rouen-apres-des-travaux-les-services-de-larcheveche-se-regroupent","status":"publish","type":"post","link":"https:\/\/www.europesays.com\/fr\/425794\/","title":{"rendered":"[Photos] Rouen. Apr\u00e8s des travaux, les services de l&rsquo;archev\u00each\u00e9 se regroupent"},"content":{"rendered":"<p melodystyle=\"texte\">Voil\u00e0 qui devrait faciliter le travail des services du dioc\u00e8se. D&rsquo;importants travaux ont \u00e9t\u00e9 men\u00e9s sur le site de l&rsquo;archev\u00each\u00e9 \u00e0 Rouen, accol\u00e9 \u00e0 la cath\u00e9drale. Ils ont \u00e9t\u00e9 inaugur\u00e9s, mardi 23\u00a0septembre. Deux ans de chantier pour 2,7\u00a0millions d&rsquo;euros qui ont permis de transformer d&rsquo;anciennes \u00e9curies en centre dioc\u00e9sain. \u00ab\u00a0C&rsquo;\u00e9tait n\u00e9cessaire puisque le centre dioc\u00e9sain, route de Neufch\u00e2tel, est d\u00e9sormais un campus de l&rsquo;Institut catholique de Paris\u00a0\u00bb, d\u00e9taille Dominique Lebrun, archev\u00eaque de Rouen. Dans cet espace, des bureaux et salles de r\u00e9union ont \u00e9t\u00e9 am\u00e9nag\u00e9s ainsi qu&rsquo;un petit espace pour la pri\u00e8re.<\/p>\n<p class=\"article_photo\" data-num=\"3\"><img decoding=\"async\" alt=\"Des espaces collectifs de travail ont \u00e9t\u00e9 am\u00e9nag\u00e9s dans les anciennes \u00e9curies.\" src=\"https:\/\/www.europesays.com\/fr\/wp-content\/uploads\/2025\/09\/7666-tab.jpg\"\/>Des espaces collectifs de travail ont \u00e9t\u00e9 am\u00e9nag\u00e9s dans les anciennes \u00e9curies.<\/p>\n<p class=\"article_photo\" data-num=\"4\"><img decoding=\"async\" alt=\"Monseigneur Dominique Lebrun, archev\u00eaque de Rouen, a inaugur\u00e9 les nouveaux \u00e9quipements, mardi 23\u00a0septembre.\" src=\"https:\/\/www.europesays.com\/fr\/wp-content\/uploads\/2025\/09\/7085-tab.jpg\"\/>Monseigneur Dominique Lebrun, archev\u00eaque de Rouen, a inaugur\u00e9 les nouveaux \u00e9quipements, mardi 23\u00a0septembre.<\/p>\n<p class=\"article_photo\" data-num=\"5\"><img decoding=\"async\" alt=\"Une salle pour la pri\u00e8re a \u00e9t\u00e9 pens\u00e9e dans le centre dioc\u00e9sain.\" src=\"https:\/\/www.europesays.com\/fr\/wp-content\/uploads\/2025\/09\/6287-tab.jpg\"\/>Une salle pour la pri\u00e8re a \u00e9t\u00e9 pens\u00e9e dans le centre dioc\u00e9sain.<\/p>\n<p>La grande biblioth\u00e8que devient la salle Saint-Pierre<\/p>\n<p melodystyle=\"texte\">Dans les b\u00e2timents de l&rsquo;archev\u00each\u00e9, c&rsquo;est la grande biblioth\u00e8que qui a \u00e9t\u00e9 enti\u00e8rement r\u00e9nov\u00e9e et qui pourra servir pour des grands rassemblements de travail. \u00ab\u00a0On a remis au jour avec le d\u00e9cor d&rsquo;origine, remis en lecture cette grande biblioth\u00e8que\u00a0\u00bb, indique Richard Duplat, architecte en chef des Monuments historiques. Avec l&rsquo;installation d&rsquo;un ascenseur, \u00ab\u00a0un comble perdu laiss\u00e9 en d\u00e9sh\u00e9rence a retrouv\u00e9 sa l\u00e9gitimit\u00e9\u00a0\u00bb, pr\u00e9cise le professionnel.<\/p>\n<p class=\"article_photo\" data-num=\"2\"><img decoding=\"async\" alt=\"La grande biblioth\u00e8que, d\u00e9sormais salle Saint-Pierre, va permettre d'accueillir des rassemblements de travail d'envergure.\" src=\"https:\/\/www.europesays.com\/fr\/wp-content\/uploads\/2025\/09\/5294-tab.jpg\"\/>La grande biblioth\u00e8que, d\u00e9sormais salle Saint-Pierre, va permettre d&rsquo;accueillir des rassemblements de travail d&rsquo;envergure.<\/p>\n<p class=\"article_photo\" data-num=\"6\"><img decoding=\"async\" alt=\"D'anciens combles, aux magnifiques ornements, ont \u00e9t\u00e9 rendus \u00e0 nouveau accessibles avec l'installation d'un ascenseur.\" src=\"https:\/\/www.europesays.com\/fr\/wp-content\/uploads\/2025\/09\/2198-tab.jpg\"\/>D&rsquo;anciens combles, aux magnifiques ornements, ont \u00e9t\u00e9 rendus \u00e0 nouveau accessibles avec l&rsquo;installation d&rsquo;un ascenseur.<\/p>\n","protected":false},"excerpt":{"rendered":"Voil\u00e0 qui devrait faciliter le travail des services du dioc\u00e8se. D&rsquo;importants travaux ont \u00e9t\u00e9 men\u00e9s sur le site&hellip;\n","protected":false},"author":2,"featured_media":425795,"comment_status":"","ping_status":"","sticky":false,"template":"","format":"standard","meta":{"footnotes":""},"categories":[9587],"tags":[1111,11,1777,674,1011,27,12,5161,25,9590],"class_list":{"0":"post-425794","1":"post","2":"type-post","3":"status-publish","4":"format-standard","5":"has-post-thumbnail","7":"category-rouen","8":"tag-actu","9":"tag-actualites","10":"tag-eu","11":"tag-europe","12":"tag-fr","13":"tag-france","14":"tag-news","15":"tag-normandie","16":"tag-republique-francaise","17":"tag-rouen"},"share_on_mastodon":{"url":"https:\/\/pubeurope.com\/@fr\/115287015704228906","error":""},"_links":{"self":[{"href":"https:\/\/www.europesays.com\/fr\/wp-json\/wp\/v2\/posts\/425794","targetHints":{"allow":["GET"]}}],"collection":[{"href":"https:\/\/www.europesays.com\/fr\/wp-json\/wp\/v2\/posts"}],"about":[{"href":"https:\/\/www.europesays.com\/fr\/wp-json\/wp\/v2\/types\/post"}],"author":[{"embeddable":true,"href":"https:\/\/www.europesays.com\/fr\/wp-json\/wp\/v2\/users\/2"}],"replies":[{"embeddable":true,"href":"https:\/\/www.europesays.com\/fr\/wp-json\/wp\/v2\/comments?post=425794"}],"version-history":[{"count":0,"href":"https:\/\/www.europesays.com\/fr\/wp-json\/wp\/v2\/posts\/425794\/revisions"}],"wp:featuredmedia":[{"embeddable":true,"href":"https:\/\/www.europesays.com\/fr\/wp-json\/wp\/v2\/media\/425795"}],"wp:attachment":[{"href":"https:\/\/www.europesays.com\/fr\/wp-json\/wp\/v2\/media?parent=425794"}],"wp:term":[{"taxonomy":"category","embeddable":true,"href":"https:\/\/www.europesays.com\/fr\/wp-json\/wp\/v2\/categories?post=425794"},{"taxonomy":"post_tag","embeddable":true,"href":"https:\/\/www.europesays.com\/fr\/wp-json\/wp\/v2\/tags?post=425794"}],"curies":[{"name":"wp","href":"https:\/\/api.w.org\/{rel}","templated":true}]}}