{"id":425796,"date":"2025-09-29T10:03:14","date_gmt":"2025-09-29T10:03:14","guid":{"rendered":"https:\/\/www.europesays.com\/fr\/425796\/"},"modified":"2025-09-29T10:03:14","modified_gmt":"2025-09-29T10:03:14","slug":"rouen-le-salon-auto-moto-retro-reporte-a-cause-de-gens-du-voyage-est-annule","status":"publish","type":"post","link":"https:\/\/www.europesays.com\/fr\/425796\/","title":{"rendered":"Rouen. Le salon Auto Moto R\u00e9tro, report\u00e9 \u00e0 cause de gens du voyage, est annul\u00e9"},"content":{"rendered":"<p melodystyle=\"texte\">Le salon Auto Moto R\u00e9tro est habituellement un rendez-vous de la rentr\u00e9e du parc des expositions de Rouen. Il devait se tenir cette ann\u00e9e les 13 et 14\u00a0septembre, avant<a href=\"https:\/\/www.tendanceouest.com\/actualite-431806-pres-de-rouen-le-salon-auto-moto-retro-reporte-en-raison-de-l-installation-d-un-camp-de-gens-du-voyage\" target=\"_blank\" rel=\"nofollow noopener\"> d&rsquo;\u00eatre report\u00e9<\/a> apr\u00e8s l&rsquo;installation impr\u00e9vue d&rsquo;un camp de gens du voyage sur le parking de l&rsquo;\u00e9quipement. Dimanche 28\u00a0septembre, l&rsquo;annulation totale de l&rsquo;\u00e9v\u00e9nement pour 2025 a finalement \u00e9t\u00e9 annonc\u00e9e. \u00ab\u00a0Malheureusement, aucune disponibilit\u00e9 ne permettait de garantir les conditions optimales n\u00e9cessaires \u00e0 la bonne tenue de l&rsquo;\u00e9v\u00e9nement\u00a0\u00bb, pr\u00e9cise le parc des expositions dans un communiqu\u00e9. Les visiteurs qui avaient achet\u00e9 leur billet vont \u00eatre int\u00e9gralement rembours\u00e9s. Les montants engag\u00e9s par les exposants pourront \u00e9galement faire l&rsquo;objet d&rsquo;un remboursement.<\/p>\n<p melodystyle=\"textnoprint\">\u00ab\u00a0Cette annulation ne remet pas en cause l&rsquo;existence du salon Auto Moto R\u00e9tro\u00a0\u00bb, pr\u00e9cise encore le communiqu\u00e9. L&rsquo;\u00e9v\u00e9nement doit \u00e0 nouveau faire partie de la programmation pour 2026.<\/p>\n","protected":false},"excerpt":{"rendered":"Le salon Auto Moto R\u00e9tro est habituellement un rendez-vous de la rentr\u00e9e du parc des expositions de Rouen.&hellip;\n","protected":false},"author":2,"featured_media":425797,"comment_status":"","ping_status":"","sticky":false,"template":"","format":"standard","meta":{"footnotes":""},"categories":[9587],"tags":[1111,11,1777,674,1011,27,12,5161,25,9590],"class_list":{"0":"post-425796","1":"post","2":"type-post","3":"status-publish","4":"format-standard","5":"has-post-thumbnail","7":"category-rouen","8":"tag-actu","9":"tag-actualites","10":"tag-eu","11":"tag-europe","12":"tag-fr","13":"tag-france","14":"tag-news","15":"tag-normandie","16":"tag-republique-francaise","17":"tag-rouen"},"share_on_mastodon":{"url":"https:\/\/pubeurope.com\/@fr\/115287019067396024","error":""},"_links":{"self":[{"href":"https:\/\/www.europesays.com\/fr\/wp-json\/wp\/v2\/posts\/425796","targetHints":{"allow":["GET"]}}],"collection":[{"href":"https:\/\/www.europesays.com\/fr\/wp-json\/wp\/v2\/posts"}],"about":[{"href":"https:\/\/www.europesays.com\/fr\/wp-json\/wp\/v2\/types\/post"}],"author":[{"embeddable":true,"href":"https:\/\/www.europesays.com\/fr\/wp-json\/wp\/v2\/users\/2"}],"replies":[{"embeddable":true,"href":"https:\/\/www.europesays.com\/fr\/wp-json\/wp\/v2\/comments?post=425796"}],"version-history":[{"count":0,"href":"https:\/\/www.europesays.com\/fr\/wp-json\/wp\/v2\/posts\/425796\/revisions"}],"wp:featuredmedia":[{"embeddable":true,"href":"https:\/\/www.europesays.com\/fr\/wp-json\/wp\/v2\/media\/425797"}],"wp:attachment":[{"href":"https:\/\/www.europesays.com\/fr\/wp-json\/wp\/v2\/media?parent=425796"}],"wp:term":[{"taxonomy":"category","embeddable":true,"href":"https:\/\/www.europesays.com\/fr\/wp-json\/wp\/v2\/categories?post=425796"},{"taxonomy":"post_tag","embeddable":true,"href":"https:\/\/www.europesays.com\/fr\/wp-json\/wp\/v2\/tags?post=425796"}],"curies":[{"name":"wp","href":"https:\/\/api.w.org\/{rel}","templated":true}]}}