{"id":425800,"date":"2025-09-29T10:05:10","date_gmt":"2025-09-29T10:05:10","guid":{"rendered":"https:\/\/www.europesays.com\/fr\/425800\/"},"modified":"2025-09-29T10:05:10","modified_gmt":"2025-09-29T10:05:10","slug":"la-facade-de-ce-commerce-criblee-de-balles","status":"publish","type":"post","link":"https:\/\/www.europesays.com\/fr\/425800\/","title":{"rendered":"la fa\u00e7ade de ce commerce cribl\u00e9e de balles"},"content":{"rendered":"<p>            Par<br \/>\n        <strong><br \/>\n            <a href=\"https:\/\/actu.fr\/auteur\/lisa-rodrigues\" title=\"Consulter tous les articles de Lisa Rodrigues\" target=\"_blank\" rel=\"noopener\">Lisa Rodrigues<\/a><br \/>\n        <\/strong><\/p>\n<p>        Publi\u00e9 le<\/p>\n<p>            29 sept. 2025 \u00e0 11h04        <\/p>\n<p>Il \u00e9tait 23 heures pass\u00e9s, samedi 27 septembre, quand des riverains du cours Berriat \u00e0 <a href=\"https:\/\/actu.fr\/auvergne-rhone-alpes\/grenoble_38185\" target=\"_blank\" rel=\"noopener\">Grenoble<\/a> ont alert\u00e9 les forces de l\u2019ordre de <strong>coups de feu<\/strong> tir\u00e9s peu de temps auparavant sur l\u2019espace public, selon des informations du <a href=\"https:\/\/c.ledauphine.com\/faits-divers-justice\/2025\/09\/28\/la-devanture-d-une-epicerie-de-nuit-criblee-de-balles\" target=\"_blank\" rel=\"noopener\">Dauphin\u00e9 Lib\u00e9r\u00e9<\/a> confirm\u00e9es \u00e0 la r\u00e9daction.<\/p>\n<p>    <a href=\"https:\/\/www.google.com\/maps\/embed?pb=!1m18!1m12!1m3!1d2811.956694053963!2d5.715584176135512!3d45.1879728710708!2m3!1f0!2f0!3f0!3m2!1i1024!2i768!4f13.1!3m3!1m2!1s0x478af52b9da63cdd%3A0xfd5d16797bddea61!2sSTOP%20%26%20SHOP%20(Alimentation%20de%20nuit)!5e0!3m2!1sfr!2sfr!4v1759135208747!5m2!1sfr!2sfr\" title=\"Ouvrie le lien\" target=\"_blank\" rel=\"noopener\">Cliquez ici pour visualiser le contenu<\/a><\/p>\n<p class=\" wall-content\">Le b\u00e2timent vis\u00e9 est une <strong>\u00e9picerie de nuit<\/strong>, sur la fa\u00e7ade de laquelle plusieurs impacts de balle ont \u00e9t\u00e9 relev\u00e9s par les fonctionnaires de police.<\/p>\n<p>Le g\u00e9rant ne d\u00e9pose pas plainte<\/p>\n<p class=\" wall-content\">Sur place, les tireurs ont d\u00e9j\u00e0 pris la fuite. Le commer\u00e7ant, qui \u00e9tait <strong>pr\u00e9sent au moment des tirs<\/strong> selon nos informations, avait lui aussi quitt\u00e9 les lieux, laissant son magasin vide.<\/p>\n<p class=\" wall-content\">Lundi matin, la DIPN confirme \u00e0 la r\u00e9daction avoir r\u00e9ussi \u00e0 joindre ledit g\u00e9rant, qui n\u2019a pas souhait\u00e9 d\u00e9poser plainte et a affirm\u00e9 ne pas avoir reconnu les tireurs.<\/p>\n<p class=\" wall-content\">Personnalisez votre actualit\u00e9 en ajoutant vos villes et m\u00e9dias en favori avec <a href=\"https:\/\/moncompte.actu.fr\" title=\"D\u00e9couvez Mon Actu\" rel=\"nofollow noopener\" data-trk=\"{&quot;cta&quot;:{&quot;action&quot;:&quot;https:\\\/\\\/moncompte.actu.fr&quot;,&quot;category&quot;:&quot;mon compte&quot;,&quot;from&quot;:&quot;article footer&quot;,&quot;name&quot;:&quot;Mon actu&quot;,&quot;type&quot;:&quot;cta&quot;}}\" target=\"_blank\">Mon Actu<\/a>.<\/p>\n","protected":false},"excerpt":{"rendered":"Par Lisa Rodrigues Publi\u00e9 le 29 sept. 2025 \u00e0 11h04 Il \u00e9tait 23 heures pass\u00e9s, samedi 27 septembre,&hellip;\n","protected":false},"author":2,"featured_media":425801,"comment_status":"","ping_status":"","sticky":false,"template":"","format":"standard","meta":{"footnotes":""},"categories":[9566],"tags":[1111,11,2430,1777,674,118,1011,27,2731,2825,12,1072,25],"class_list":{"0":"post-425800","1":"post","2":"type-post","3":"status-publish","4":"format-standard","5":"has-post-thumbnail","7":"category-grenoble","8":"tag-actu","9":"tag-actualites","10":"tag-auvergne-rhone-alpes","11":"tag-eu","12":"tag-europe","13":"tag-faits-divers","14":"tag-fr","15":"tag-france","16":"tag-grenoble","17":"tag-insecurite","18":"tag-news","19":"tag-police","20":"tag-republique-francaise"},"share_on_mastodon":{"url":"https:\/\/pubeurope.com\/@fr\/115287026876722107","error":""},"_links":{"self":[{"href":"https:\/\/www.europesays.com\/fr\/wp-json\/wp\/v2\/posts\/425800","targetHints":{"allow":["GET"]}}],"collection":[{"href":"https:\/\/www.europesays.com\/fr\/wp-json\/wp\/v2\/posts"}],"about":[{"href":"https:\/\/www.europesays.com\/fr\/wp-json\/wp\/v2\/types\/post"}],"author":[{"embeddable":true,"href":"https:\/\/www.europesays.com\/fr\/wp-json\/wp\/v2\/users\/2"}],"replies":[{"embeddable":true,"href":"https:\/\/www.europesays.com\/fr\/wp-json\/wp\/v2\/comments?post=425800"}],"version-history":[{"count":0,"href":"https:\/\/www.europesays.com\/fr\/wp-json\/wp\/v2\/posts\/425800\/revisions"}],"wp:featuredmedia":[{"embeddable":true,"href":"https:\/\/www.europesays.com\/fr\/wp-json\/wp\/v2\/media\/425801"}],"wp:attachment":[{"href":"https:\/\/www.europesays.com\/fr\/wp-json\/wp\/v2\/media?parent=425800"}],"wp:term":[{"taxonomy":"category","embeddable":true,"href":"https:\/\/www.europesays.com\/fr\/wp-json\/wp\/v2\/categories?post=425800"},{"taxonomy":"post_tag","embeddable":true,"href":"https:\/\/www.europesays.com\/fr\/wp-json\/wp\/v2\/tags?post=425800"}],"curies":[{"name":"wp","href":"https:\/\/api.w.org\/{rel}","templated":true}]}}