{"id":425804,"date":"2025-09-29T10:07:20","date_gmt":"2025-09-29T10:07:20","guid":{"rendered":"https:\/\/www.europesays.com\/fr\/425804\/"},"modified":"2025-09-29T10:07:20","modified_gmt":"2025-09-29T10:07:20","slug":"rennes-metropole-definit-sa-strategie-sur-lia-generative","status":"publish","type":"post","link":"https:\/\/www.europesays.com\/fr\/425804\/","title":{"rendered":"Rennes M\u00e9tropole d\u00e9finit sa strat\u00e9gie sur l\u2019IA g\u00e9n\u00e9rative"},"content":{"rendered":"<p>En mati\u00e8re d\u2019<a href=\"https:\/\/www.zdnet.fr\/ia-generative-6671q.htm\" target=\"_blank\" rel=\"noopener\">IA g\u00e9n\u00e9rative<\/a>, la ville et la M\u00e9tropole de Rennes n\u2019entendent pas \u201cc\u00e9der \u00e0 l\u2019effet de mode\u201d. Elles revendiquent au contraire un plan d\u2019action lucide et responsable. \u201cNos collectivit\u00e9s ont voulu poser un cadre clair, garant des valeurs du service public et de l\u2019int\u00e9r\u00eat g\u00e9n\u00e9ral\u201d, r\u00e9sume le directeur g\u00e9n\u00e9ral adjoint charg\u00e9 du p\u00f4le ressources, Johan Theuret.<\/p>\n<p>D\u00e9finir ce cadre, c\u2019\u00e9tait l\u2019objectif de la mission IAG dont le rapport vient d\u2019\u00eatre rendu public. \u201cIl ne s\u2019agit pas seulement d\u2019explorer des usages techniques, mais d\u2019interroger les enjeux d\u00e9mocratiques, \u00e9thiques et sociaux que soul\u00e8ve cette technologie.\u201d<\/p>\n<p> Des usages, mais aussi des impacts divers associ\u00e9s <\/p>\n<p>C\u2019est la raison pour laquelle <a href=\"https:\/\/transferts.si.rennes.fr\/s\/zdqXG6XRQjRoFKB?dir=\/&amp;editing=false&amp;openfile=true\" target=\"_blank\" rel=\"noopener\">la mission souligne<\/a>, par exemple, l\u2019envol\u00e9e des \u00e9missions de CO2 li\u00e9es \u00e0 ces technologies. Ainsi, rappelle-t-elle, la consommation \u00e9lectrique mondiale des datacenters devrait atteindre 1050 t\u00e9rawatts d&rsquo;ici 2026.<\/p>\n<p>Pour tenir compte des impacts de l\u2019IAG, Rennes pr\u00e9voit de soumettre tout projet \u00e0 la Commission du Num\u00e9rique Responsable. L\u2019usage de l\u2019IA doit par ailleurs \u00eatre envisag\u00e9 dans une optique d\u2019assistance pour les agents, et non comme un outil de remplacement.<\/p>\n<p>En ce qui concerne les applications, le rapport cible trois cat\u00e9gories d&rsquo;usages g\u00e9n\u00e9riques \u00e0 fort potentiel : la r\u00e9daction et synth\u00e8se de documents, la traduction, et l&rsquo;acc\u00e8s \u00e0 la connaissance via agent conversationnel.<\/p>\n<p> L&rsquo;enjeu cl\u00e9 des comp\u00e9tences et des impacts sur les m\u00e9tiers <\/p>\n<p>La mission IAG note que la technique n\u2019est qu\u2019un volet d\u2019un projet d\u2019int\u00e9gration de l\u2019IA g\u00e9n\u00e9rative. La v\u00e9ritable probl\u00e9matique porte sur l&rsquo;\u00e9volution des comp\u00e9tences et l&rsquo;impact sur les m\u00e9tiers (GPEC).<\/p>\n<p>Pour identifier et ma\u00eetriser les risques, Rennes peut s\u2019appuyer sur des plateformes comme RAGaRenn de l&rsquo;universit\u00e9 rennaise. L\u2019exp\u00e9rimentation doit aussi occuper une place centrale dans la strat\u00e9gie d\u2019adoption de la m\u00e9tropole.<\/p>\n<p>Gr\u00e2ce \u00e0 un \u00ab\u00a0espace s\u00fbr et de confiance\u00a0\u00bb, la collectivit\u00e9 estime pouvoir recueillir des donn\u00e9es r\u00e9elles sur les usages, les comp\u00e9tences requises et les pi\u00e8ges potentiels. Cette approche est per\u00e7ue comme centrale pour b\u00e2tir des politiques de formation fond\u00e9es sur des preuves plut\u00f4t que sur la sp\u00e9culation.<\/p>\n<p><a href=\"https:\/\/www.zdnet.fr\/lexique-it\/ia-generative-52-termes-que-tout-le-monde-devrait-connaitre-en-un-clic-477549.htm\" target=\"_blank\" rel=\"noopener\">Formation et acculturation<\/a> constituent par ailleurs la principale d\u00e9fense contre des risques majeurs identifi\u00e9s dans le rapport, tels que la \u00ab\u00a0fuite de donn\u00e9es sensibles\u00a0\u00bb ou la \u00ab\u00a0perte de savoir-faire\u00a0\u00bb (\u00ab\u00a0Atrophie\u00a0\u00bb).<\/p>\n<p> Priorit\u00e9 aux h\u00e9bergements souverains ou coop\u00e9ratifs <\/p>\n<p>Sur le plan technique cette fois, la mission recommande de converger vers des solutions d&rsquo;IA frugale et de donner la priorit\u00e9 aux h\u00e9bergements souverains ou coop\u00e9ratifs. Cette orientation vise ainsi \u00e0 traiter l&rsquo;IA comme un assistant sous contr\u00f4le public, et non comme un substitut externalis\u00e9 \u00e0 des g\u00e9ants technologiques.<\/p>\n<p>Compte tenu de la rapide \u00e9volution des outils et des usages, les auteurs plaident pour la cr\u00e9ation d\u2019un observatoire permanent. Celui-ci se verrait confier plusieurs missions, dont une veille technologique, r\u00e9glementaire et des usages.<\/p>\n<p>L&rsquo;observatoire fournirait \u00e9galement une expertise mobilisable pour les projets. Ses autres missions : maintenir une base de connaissances et mettre \u00e0 jour la future \u00ab\u00a0Charte des usages du num\u00e9rique &#8211; IAG\u00a0\u00bb de la m\u00e9tropole.<\/p>\n<p>Enfin, plus qu&rsquo;une simple strat\u00e9gie interne, l&rsquo;intention affich\u00e9e par la mission est de partager cette m\u00e9thodologie dans une logique de \u00ab\u00a0cr\u00e9ation de biens communs\u00a0\u00bb au profit des autres acteurs de l\u2019\u00e9cosyst\u00e8me public.<\/p>\n","protected":false},"excerpt":{"rendered":"En mati\u00e8re d\u2019IA g\u00e9n\u00e9rative, la ville et la M\u00e9tropole de Rennes n\u2019entendent pas \u201cc\u00e9der \u00e0 l\u2019effet de mode\u201d.&hellip;\n","protected":false},"author":2,"featured_media":425805,"comment_status":"","ping_status":"","sticky":false,"template":"","format":"standard","meta":{"footnotes":""},"categories":[2821],"tags":[1111,11,829,1777,674,1011,27,3994,3995,12,316,584,25],"class_list":{"0":"post-425804","1":"post","2":"type-post","3":"status-publish","4":"format-standard","5":"has-post-thumbnail","7":"category-rennes","8":"tag-actu","9":"tag-actualites","10":"tag-bretagne","11":"tag-eu","12":"tag-europe","13":"tag-fr","14":"tag-france","15":"tag-ia-generative","16":"tag-intelligence-artificielle-ia","17":"tag-news","18":"tag-politique","19":"tag-rennes","20":"tag-republique-francaise"},"share_on_mastodon":{"url":"https:\/\/pubeurope.com\/@fr\/115287034784791395","error":""},"_links":{"self":[{"href":"https:\/\/www.europesays.com\/fr\/wp-json\/wp\/v2\/posts\/425804","targetHints":{"allow":["GET"]}}],"collection":[{"href":"https:\/\/www.europesays.com\/fr\/wp-json\/wp\/v2\/posts"}],"about":[{"href":"https:\/\/www.europesays.com\/fr\/wp-json\/wp\/v2\/types\/post"}],"author":[{"embeddable":true,"href":"https:\/\/www.europesays.com\/fr\/wp-json\/wp\/v2\/users\/2"}],"replies":[{"embeddable":true,"href":"https:\/\/www.europesays.com\/fr\/wp-json\/wp\/v2\/comments?post=425804"}],"version-history":[{"count":0,"href":"https:\/\/www.europesays.com\/fr\/wp-json\/wp\/v2\/posts\/425804\/revisions"}],"wp:featuredmedia":[{"embeddable":true,"href":"https:\/\/www.europesays.com\/fr\/wp-json\/wp\/v2\/media\/425805"}],"wp:attachment":[{"href":"https:\/\/www.europesays.com\/fr\/wp-json\/wp\/v2\/media?parent=425804"}],"wp:term":[{"taxonomy":"category","embeddable":true,"href":"https:\/\/www.europesays.com\/fr\/wp-json\/wp\/v2\/categories?post=425804"},{"taxonomy":"post_tag","embeddable":true,"href":"https:\/\/www.europesays.com\/fr\/wp-json\/wp\/v2\/tags?post=425804"}],"curies":[{"name":"wp","href":"https:\/\/api.w.org\/{rel}","templated":true}]}}