{"id":425806,"date":"2025-09-29T10:08:12","date_gmt":"2025-09-29T10:08:12","guid":{"rendered":"https:\/\/www.europesays.com\/fr\/425806\/"},"modified":"2025-09-29T10:08:12","modified_gmt":"2025-09-29T10:08:12","slug":"ostwald-theatre-cirque-concerts-au-point-deau-la-saison-sannonce-foisonnante","status":"publish","type":"post","link":"https:\/\/www.europesays.com\/fr\/425806\/","title":{"rendered":"Ostwald. Th\u00e9\u00e2tre, cirque, concerts\u2026 au Point d\u2019Eau, la saison s\u2019annonce foisonnante"},"content":{"rendered":"<p>Entre une sayn\u00e8te improvis\u00e9e par les com\u00e9diens de la Lolita et un \u201cimpromptu\u201d autour de la roue cyr par le circassien Hamza El Alouani, entre rires et \u00e9merveillement, le public du Point d\u2019Eau \u00e9tait convi\u00e9 \u00e0 la d\u00e9couverte de la nouvelle saison qui d\u00e9butera v\u00e9ritablement ce lundi 29\u00a0septembre avec <a href=\"https:\/\/www.dna.fr\/culture-loisirs\/2025\/09\/16\/le-festival-oqp-ravive-les-memoires-et-fait-entendre-la-voix-des-quartiers\" target=\"_blank\" rel=\"nofollow noopener\">\u00c0 nos morts (Festival O.Q.P.)<\/a> , spectacle m\u00ealant hip-hop, m\u00e9moire et histoire. Depuis la rentr\u00e9e, la salle a d\u00e9j\u00e0 ouvert ses portes aux fans de jeux vid\u00e9o pour Start to play et \u00e0 ceux de voitures miniatures pour <a href=\"https:\/\/www.dna.fr\/culture-loisirs\/2025\/09\/18\/les-24-heures-du-mans-en-miniature-la-course-folle-de-petits-bolides-sur-circuit-electrique\" target=\"_blank\" rel=\"nofollow noopener\">les 24 heures d\u2019Alsace<\/a>.<\/p>\n<p>  Des records de fr\u00e9quentation l\u2019an pass\u00e9<\/p>\n<p>Le Point d\u2019Eau a battu l\u2019an pass\u00e9 des records de fr\u00e9quentation, annonce Bruno Boulala, adjoint \u00e0 la maire en charge de la culture. Il rend hommage au directeur du Point d\u2019Eau G\u00e9rald Mayer et \u00e0 son \u00e9quipe\u00a0: restreinte, elle doit piloter \u00ab\u00a0un gros navire\u00a0\u00bb, qui entame sa 32 e saison dans un contexte difficile financi\u00e8rement, politiquement. \u00ab\u00a0La culture, c\u2019est cher parce que \u00e7a a de la valeur, mart\u00e8le-t-il. Nous avons entam\u00e9 des ann\u00e9es complexes en termes de lisibilit\u00e9 du monde\u00a0: l\u2019action culturelle est primordiale.\u00a0\u00bb<\/p>\n<p>Rire, pleurer, r\u00e9fl\u00e9chir, respirer\u00a0: le spectacle vivant invite \u00e0 tout cela, en t\u00e9moignent les rendez-vous \u00e9voqu\u00e9s par Pauline Meyer qui, seule en sc\u00e8ne, en fait une pr\u00e9sentation inspir\u00e9e. Le th\u00e9\u00e2tre, \u00ab\u00a0ADN du Point d\u2019Eau\u00a0\u00bb, sera maintes fois \u00e0 l\u2019affiche. Ainsi, Smile , pi\u00e8ce burlesque tir\u00e9e de la vie de Chaplin, prouesse technique et artistique en noir et blanc. Les gros patinent bien , Moli\u00e8re du meilleur spectacle de th\u00e9\u00e2tre public 2022, \u00ab\u00a0un th\u00e9\u00e2tre de carton\u00a0\u00bb, pr\u00e9cise Pauline Meyer, hilarant, cr\u00e9atif et farfelu. La S\u0153ur de J\u00e9sus Christ , pi\u00e8ce engag\u00e9e, performance d\u2019acteur, grand succ\u00e8s \u00e0 Avignon.<\/p>\n<p>Ou encore Le Grand jour , qui r\u00e9v\u00e8le des secrets de famille en mode tragi-comique, et Du Charbon dans les veines (cinq Moli\u00e8res en 2025\u00a0!)\u00a0: Jean-Philippe Daguerre orchestre des mineurs-accord\u00e9onistes, c\u2019est parfois dr\u00f4le et souvent \u00e9mouvant. Avec Blanche, l\u2019Odyss\u00e9e d\u2019une vie , la cie Hecho en casa raconte l\u2019itin\u00e9raire d\u2019une vieille dame, ses amours, sa cuisine et son \u00e9mancipation.<\/p>\n<p>  Th\u00e9\u00e2tre dans\u00e9 et cirque<\/p>\n<p>Il y aura aussi du th\u00e9\u00e2tre dans\u00e9 avec Andr\u00e9a Bescond et son poignant Les Chatouilles (Moli\u00e8re du seul en sc\u00e8ne 2016), et des com\u00e9dies musicales\u00a0: <a href=\"https:\/\/www.dna.fr\/culture-loisirs\/2024\/10\/01\/du-rififi-a-l-espace-k\" target=\"_blank\" rel=\"nofollow noopener\">Rififi , un d\u00e9fi fou port\u00e9 par la cie le Kafteur<\/a> dans la tradition de Broadway, mais made in Alsace\u00a0; Virginie et Paul , une fantaisie amoureuse interpr\u00e9t\u00e9e par trois com\u00e9diens-chanteurs (trois Troph\u00e9es de la com\u00e9die musicale 2025)\u2026 <\/p>\n<p>Du c\u00f4t\u00e9 de la programmation cirque, qui fait toujours carton plein au Point d\u2019Eau, on notera le retour de la cie canadienne Eloize avec ID Evolution \u00a0: sept artistes y m\u00ealent hip-hop et arts du cirque sur une chor\u00e9graphie survolt\u00e9e. Deux repr\u00e9sentations sont pr\u00e9vues (5 et 6\u00a0d\u00e9cembre) avec ateliers d\u00e9couverte, bord plateau et projection documentaire. Du 24 au 26\u00a0avril, ce sera un \u201cweek-end clown\u201d avec \u00ab\u00a0deux r\u00e9f\u00e9rences du genre\u00a0\u00bb, insiste Pauline Meyer\u00a0: Barolosolo et la cie Baccal\u00e0.<\/p>\n<p>Pour dix soir\u00e9es en novembre et trois en f\u00e9vrier, <a href=\"https:\/\/www.dna.fr\/culture-loisirs\/2025\/03\/26\/la-laiterie-et-le-point-d-eau-duo-gagnant-de-la-scene-musicale\" target=\"_blank\" rel=\"nofollow noopener\">le Point d\u2019Eau accueille \u00e0 nouveau les concerts de la Laiterie<\/a> (en travaux), notamment le rappeur M\u00e9dine, le bluesman Popa Chubby et la chanteuse C\u0153ur de Pirate. Dans un autre registre, la cie Grain de Folie viendra chanter (et jouer) Offenbach mi-avril, et On the Mississippi festival revient faire r\u00e9sonner boogie-woogie, ragtime, blues\u2026<\/p>\n<p>Impossible de passer en revue tout le programme, qui int\u00e8gre aussi plusieurs seuls en sc\u00e8ne\u00a0: Jess\u00e9, Tom Baldetti, ou Daniel Morin. Et des rendez-vous jeune public qui plairont aussi aux adultes, entre th\u00e9\u00e2tre, conte musical, arts visuels\u2026<\/p>\n<p class=\"note\">Toutes les dates pr\u00e9cises, horaires et la billetterie sur http:\/\/lepointdeau.com<\/p>\n","protected":false},"excerpt":{"rendered":"Entre une sayn\u00e8te improvis\u00e9e par les com\u00e9diens de la Lolita et un \u201cimpromptu\u201d autour de la roue cyr&hellip;\n","protected":false},"author":2,"featured_media":425807,"comment_status":"","ping_status":"","sticky":false,"template":"","format":"standard","meta":{"footnotes":""},"categories":[2820],"tags":[1111,11,1687,2880,1777,674,107,1011,27,775,873,12,6611,25,3140,640,3089],"class_list":{"0":"post-425806","1":"post","2":"type-post","3":"status-publish","4":"format-standard","5":"has-post-thumbnail","7":"category-strasbourg","8":"tag-actu","9":"tag-actualites","10":"tag-culture-loisirs","11":"tag-edition-strasbourg","12":"tag-eu","13":"tag-europe","14":"tag-fil-info","15":"tag-fr","16":"tag-france","17":"tag-grand-est","18":"tag-musique","19":"tag-news","20":"tag-ostwald","21":"tag-republique-francaise","22":"tag-spectacle","23":"tag-strasbourg","24":"tag-strasbourg-sud"},"share_on_mastodon":{"url":"https:\/\/pubeurope.com\/@fr\/115287038716725354","error":""},"_links":{"self":[{"href":"https:\/\/www.europesays.com\/fr\/wp-json\/wp\/v2\/posts\/425806","targetHints":{"allow":["GET"]}}],"collection":[{"href":"https:\/\/www.europesays.com\/fr\/wp-json\/wp\/v2\/posts"}],"about":[{"href":"https:\/\/www.europesays.com\/fr\/wp-json\/wp\/v2\/types\/post"}],"author":[{"embeddable":true,"href":"https:\/\/www.europesays.com\/fr\/wp-json\/wp\/v2\/users\/2"}],"replies":[{"embeddable":true,"href":"https:\/\/www.europesays.com\/fr\/wp-json\/wp\/v2\/comments?post=425806"}],"version-history":[{"count":0,"href":"https:\/\/www.europesays.com\/fr\/wp-json\/wp\/v2\/posts\/425806\/revisions"}],"wp:featuredmedia":[{"embeddable":true,"href":"https:\/\/www.europesays.com\/fr\/wp-json\/wp\/v2\/media\/425807"}],"wp:attachment":[{"href":"https:\/\/www.europesays.com\/fr\/wp-json\/wp\/v2\/media?parent=425806"}],"wp:term":[{"taxonomy":"category","embeddable":true,"href":"https:\/\/www.europesays.com\/fr\/wp-json\/wp\/v2\/categories?post=425806"},{"taxonomy":"post_tag","embeddable":true,"href":"https:\/\/www.europesays.com\/fr\/wp-json\/wp\/v2\/tags?post=425806"}],"curies":[{"name":"wp","href":"https:\/\/api.w.org\/{rel}","templated":true}]}}