{"id":425808,"date":"2025-09-29T10:09:09","date_gmt":"2025-09-29T10:09:09","guid":{"rendered":"https:\/\/www.europesays.com\/fr\/425808\/"},"modified":"2025-09-29T10:09:09","modified_gmt":"2025-09-29T10:09:09","slug":"voici-quand-il-passera-au-zenith-de-strasbourg","status":"publish","type":"post","link":"https:\/\/www.europesays.com\/fr\/425808\/","title":{"rendered":"voici quand il passera au Z\u00e9nith de Strasbourg"},"content":{"rendered":"<p>            Par<br \/>\n        <strong><br \/>\n            <a href=\"https:\/\/actu.fr\/auteur\/thomas-blanc\" title=\"Consulter tous les articles de Thomas Blanc\" rel=\"nofollow noopener\" target=\"_blank\">Thomas Blanc<\/a><br \/>\n        <\/strong><\/p>\n<p>        Publi\u00e9 le<\/p>\n<p>            29 sept. 2025 \u00e0 12h05        <\/p>\n<p>Ce lundi 29 septembre 2025, le rappeur fran\u00e7ais <a href=\"https:\/\/actu.fr\/tag\/orelsan\" rel=\"nofollow noopener\" target=\"_blank\">Orelsan<\/a> a annonc\u00e9 sur ses r\u00e9seaux sociaux la tenue de 33 <a href=\"https:\/\/actu.fr\/tag\/concert\" rel=\"nofollow noopener\" target=\"_blank\">concerts<\/a> \u00e0 travers toute la France, la Belgique et la Suisse pour l\u2019ann\u00e9e 2026. Son passage \u00e0 <a href=\"https:\/\/actu.fr\/strasbourg\/\" rel=\"nofollow noopener\" target=\"_blank\">Strasbourg<\/a> sera parmi les tout premiers de la tourn\u00e9e.<\/p>\n<p>Orelsan en concert au Z\u00e9nith de Strasbourg en janvier 2026<\/p>\n<p class=\" wall-content\">Cela fait plus de trois ans que le public alsacien attend <strong>le retour d\u2019Orelsan<\/strong> dans la r\u00e9gion. L\u2019attente va enfin prendre fin puisque le rappeur de Caen (Calvados) se produira sur la sc\u00e8ne du <a href=\"https:\/\/actu.fr\/tag\/zenith-de-strasbourg\" rel=\"nofollow noopener\" target=\"_blank\">Z\u00e9nith de Strasbourg<\/a>, <strong>le 29 janvier 2026<\/strong>. Son dernier passage dans cette salle remonte au 5 janvier 2022.\u00a0<\/p>\n<p class=\" wall-content\"><a href=\"https:\/\/www.instagram.com\/p\/DPLcCL7iKe9\/embed\" title=\"Ouvrir le lien sur Instagram\" rel=\"nofollow noopener\" target=\"_blank\">Visualiser le contenu sur Instagram<\/a><\/p>\n<p class=\" wall-content\">Pas le temps de souffler puisqu\u2019il sera possible d\u2019acheter ses billets d\u00e8s demain, le mardi 30 septembre \u00e0 10h, \u00e0 <a href=\"https:\/\/orelsan.show\/?fbclid=PAZXh0bgNhZW0CMTEAAacHycn6J9h2kYA7idUROIn15kYwX1GG9O6LRXf2yL6T-zSf7MPV4csNR_6F8w_aem_njzTLedkHGBD4KBSuvAp_Q\" rel=\"nofollow noopener\" target=\"_blank\">cette adresse<\/a>.\u00a0<\/p>\n<p>Douze Victoires de la Musique<\/p>\n<p class=\" wall-content\">Seuls <a href=\"https:\/\/actu.fr\/normandie\/caen_14118\/orelsan-annonce-une-tournee-en-2026-qui-debutera-par-3-concerts-a-caen-la-billetterie-ouvre-cette-semaine_63227348.html\" rel=\"nofollow noopener\" target=\"_blank\">trois concerts au Z\u00e9nith de Caen<\/a> et la repr\u00e9sentation \u00e0 <a href=\"https:\/\/actu.fr\/bordeaux\/\" rel=\"nofollow noopener\" target=\"_blank\">Bordeaux<\/a> (Gironde) pr\u00e9c\u00e8deront celle de Strasbourg. Les fans strasbourgeois d\u2019Orelsan seront donc parmi les premiers \u00e0 profiter du nouveau show o\u00f9 le chanteur interpr\u00e8tera ses meilleurs tubes parmi lesquels Basique, La Terre est ronde, D\u00e9faite de Famille ou encore La Qu\u00eate, titre pour lequel il a \u00e9t\u00e9 r\u00e9compens\u00e9 d\u2019une Victoire de la Musique en 2023.\u00a0<\/p>\n<p class=\" wall-content\">Le rappeur poss\u00e8de au total douze <strong>Victoires de la Musique<\/strong>.\u00a0<\/p>\n<p class=\" wall-content\">Personnalisez votre actualit\u00e9 en ajoutant vos villes et m\u00e9dias en favori avec <a href=\"https:\/\/moncompte.actu.fr\" title=\"D\u00e9couvez Mon Actu\" rel=\"nofollow noopener\" data-trk=\"{&quot;cta&quot;:{&quot;action&quot;:&quot;https:\\\/\\\/moncompte.actu.fr&quot;,&quot;category&quot;:&quot;mon compte&quot;,&quot;from&quot;:&quot;article footer&quot;,&quot;name&quot;:&quot;Mon actu&quot;,&quot;type&quot;:&quot;cta&quot;}}\" target=\"_blank\">Mon Actu<\/a>.<\/p>\n<p>                    <script async src=\"\/\/www.instagram.com\/embed.js\"><\/script><\/p>\n","protected":false},"excerpt":{"rendered":"Par Thomas Blanc Publi\u00e9 le 29 sept. 2025 \u00e0 12h05 Ce lundi 29 septembre 2025, le rappeur fran\u00e7ais&hellip;\n","protected":false},"author":2,"featured_media":425809,"comment_status":"","ping_status":"","sticky":false,"template":"","format":"standard","meta":{"footnotes":""},"categories":[2820],"tags":[1111,11,1697,1777,674,1011,27,775,1652,12,21953,25,640,14610],"class_list":{"0":"post-425808","1":"post","2":"type-post","3":"status-publish","4":"format-standard","5":"has-post-thumbnail","7":"category-strasbourg","8":"tag-actu","9":"tag-actualites","10":"tag-concert","11":"tag-eu","12":"tag-europe","13":"tag-fr","14":"tag-france","15":"tag-grand-est","16":"tag-loisirs-culture","17":"tag-news","18":"tag-orelsan","19":"tag-republique-francaise","20":"tag-strasbourg","21":"tag-zenith-de-strasbourg"},"share_on_mastodon":{"url":"https:\/\/pubeurope.com\/@fr\/115287042621544718","error":""},"_links":{"self":[{"href":"https:\/\/www.europesays.com\/fr\/wp-json\/wp\/v2\/posts\/425808","targetHints":{"allow":["GET"]}}],"collection":[{"href":"https:\/\/www.europesays.com\/fr\/wp-json\/wp\/v2\/posts"}],"about":[{"href":"https:\/\/www.europesays.com\/fr\/wp-json\/wp\/v2\/types\/post"}],"author":[{"embeddable":true,"href":"https:\/\/www.europesays.com\/fr\/wp-json\/wp\/v2\/users\/2"}],"replies":[{"embeddable":true,"href":"https:\/\/www.europesays.com\/fr\/wp-json\/wp\/v2\/comments?post=425808"}],"version-history":[{"count":0,"href":"https:\/\/www.europesays.com\/fr\/wp-json\/wp\/v2\/posts\/425808\/revisions"}],"wp:featuredmedia":[{"embeddable":true,"href":"https:\/\/www.europesays.com\/fr\/wp-json\/wp\/v2\/media\/425809"}],"wp:attachment":[{"href":"https:\/\/www.europesays.com\/fr\/wp-json\/wp\/v2\/media?parent=425808"}],"wp:term":[{"taxonomy":"category","embeddable":true,"href":"https:\/\/www.europesays.com\/fr\/wp-json\/wp\/v2\/categories?post=425808"},{"taxonomy":"post_tag","embeddable":true,"href":"https:\/\/www.europesays.com\/fr\/wp-json\/wp\/v2\/tags?post=425808"}],"curies":[{"name":"wp","href":"https:\/\/api.w.org\/{rel}","templated":true}]}}