{"id":425812,"date":"2025-09-29T10:11:10","date_gmt":"2025-09-29T10:11:10","guid":{"rendered":"https:\/\/www.europesays.com\/fr\/425812\/"},"modified":"2025-09-29T10:11:10","modified_gmt":"2025-09-29T10:11:10","slug":"ogc-nice-paris-fc-le-match-de-foot-interrompu-deux-fois-a-cause-des-supporters-voici-la-raison","status":"publish","type":"post","link":"https:\/\/www.europesays.com\/fr\/425812\/","title":{"rendered":"OGC Nice-Paris FC. Le match de foot interrompu deux fois \u00e0 cause des supporters, voici la raison"},"content":{"rendered":"<p>            Par<br \/>\n        <strong><br \/>\n            <a href=\"https:\/\/actu.fr\/auteur\/arthur-frand\" title=\"Consulter tous les articles de Arthur Frand\" target=\"_blank\" rel=\"noopener\">Arthur Frand<\/a><br \/>\n        <\/strong><\/p>\n<p>        Publi\u00e9 le<\/p>\n<p>            29 sept. 2025 \u00e0 11h02        <\/p>\n<p>On joue la 83e minute de jeu \u00e0 l\u2019Allianz Riviera de <a href=\"https:\/\/actu.fr\/nice\/\" target=\"_blank\" rel=\"noopener\">Nice<\/a> (<a href=\"https:\/\/actu.fr\/provence-alpes-cote-d-azur\/alpes-maritimes_06\" target=\"_blank\" rel=\"noopener\">Alpes-Maritimes<\/a>) ce dimanche 28\u00a0septembre, l\u2019OGC Nice m\u00e8ne d\u2019un but (1-0) face au Paris FC, lors de la 6e journ\u00e9e de Ligue\u00a01. Il ne reste que quelques minutes \u00e0 tenir pour les Aiglons. Mais l\u2019arbitre Abdelatif Kherradji <strong>stoppe la rencontre<\/strong> apr\u00e8s discussion avec le d\u00e9l\u00e9gu\u00e9 de la Ligue professionnelle de football (LFP).<\/p>\n<p class=\" wall-content\">La raison\u2009? Plusieurs chants homophobes, \u00e0 l\u2019encontre des Parisiens, descendent des tribunes de l\u2019Allianz Riviera, en particulier de la Populaire Sud, qui abrite les plus fervents supporters de <a href=\"https:\/\/actu.fr\/?s=ogc+nice+\" target=\"_blank\" rel=\"noopener\">l\u2019OGC Nice<\/a>.<\/p>\n<p>Le speaker adresse un message au public<\/p>\n<p class=\" wall-content\">Le <strong>speaker<\/strong> du stade prend alors la parole et demande <strong>l\u2019arr\u00eat imm\u00e9diat<\/strong> de ces chants homophobes, expliquant que la rencontre risque d\u2019\u00eatre arr\u00eat\u00e9e d\u00e9finitivement si les chants venaient \u00e0 se poursuivre.<\/p>\n<p class=\" wall-content\">Le capitaine ni\u00e7ois, Jonathan Clauss, s\u2019empresse<strong> d\u2019aller voir la tribune<\/strong> d\u2019o\u00f9 proviennent les chants pour tenter de \u00ab\u2009raisonner\u2009\u00bb les supporters ni\u00e7ois. \u00ab\u2009(L\u2019arbitre) m\u2019a dit\u2009: \u00ab\u2009S\u2019ils n\u2019arr\u00eatent pas, on va stopper le match.\u2009\u00bb J\u2019ai essay\u00e9 d\u2019aller passer le message. \u00c7a ne me d\u00e9range pas du tout de le faire\u2009\u00bb, a pr\u00e9cis\u00e9 Jonathan Clauss en apr\u00e8s-match.<\/p>\n<p>\u00ab\u2009Il y a des choses qui ne sont pas entendables\u2009\u00bb<\/p>\n<p class=\" wall-content\">Le capitaine ni\u00e7ois, fervent d\u00e9fenseur de la lutte contre l\u2019homophobie, est rest\u00e9 calme face \u00e0 la situation mais n\u2019a pas cach\u00e9 son <strong>m\u00e9contentement<\/strong>. \u00ab\u2009Il y a des choses qui ne sont <strong>pas entendables<\/strong> dans un stade de foot, m\u00eame dans la vie de tous les jours. On est tr\u00e8s contents que les supporters soient l\u00e0 tous les week-ends, mais ces messages, c\u2019est non\u2009\u00bb, a regrett\u00e9 le d\u00e9fenseur international fran\u00e7ais.<\/p>\n<p class=\" wall-content\">Interrompu durant pr\u00e8s de quatre minutes, le match a repris. Les Ni\u00e7ois ont ensuite conc\u00e9d\u00e9 un penalty. Ils se sont fait rejoindre au score (1-1), laissant \u00e9chapper deux points pr\u00e9cieux.<\/p>\n<p>Votre r\u00e9gion, votre actu !<\/p>\n<p>Recevez chaque jour les infos qui comptent pour vous.<\/p>\n<p>\t<a href=\"https:\/\/actu.fr\/newsletter\" class=\"ac-btn ac-btn--corner ac-btn--medium ac-btn--blue800\" target=\"_blank\" rel=\"noopener\">S&rsquo;incrire<\/a><\/p>\n<p class=\" wall-content\">Durant le temps additionnel, les chants homophobes<strong> ont repris<\/strong> mais le match a de nouveau \u00e9t\u00e9 interrompu, plus bri\u00e8vement cette fois, avant de finalement aller \u00e0 son terme. 20\u2009049\u00a0spectateurs ont assist\u00e9 au match du Gym, dimanche 28\u00a0septembre.<\/p>\n<p class=\" wall-content\">Personnalisez votre actualit\u00e9 en ajoutant vos villes et m\u00e9dias en favori avec <a href=\"https:\/\/moncompte.actu.fr\" title=\"D\u00e9couvez Mon Actu\" rel=\"nofollow noopener\" data-trk=\"{&quot;cta&quot;:{&quot;action&quot;:&quot;https:\\\/\\\/moncompte.actu.fr&quot;,&quot;category&quot;:&quot;mon compte&quot;,&quot;from&quot;:&quot;article footer&quot;,&quot;name&quot;:&quot;Mon actu&quot;,&quot;type&quot;:&quot;cta&quot;}}\" target=\"_blank\">Mon Actu<\/a>.<\/p>\n","protected":false},"excerpt":{"rendered":"Par Arthur Frand Publi\u00e9 le 29 sept. 2025 \u00e0 11h02 On joue la 83e minute de jeu \u00e0&hellip;\n","protected":false},"author":2,"featured_media":425813,"comment_status":"","ping_status":"","sticky":false,"template":"","format":"standard","meta":{"footnotes":""},"categories":[2819],"tags":[1111,11,1777,674,1011,27,8717,12,2401,882,25,104],"class_list":{"0":"post-425812","1":"post","2":"type-post","3":"status-publish","4":"format-standard","5":"has-post-thumbnail","7":"category-nice","8":"tag-actu","9":"tag-actualites","10":"tag-eu","11":"tag-europe","12":"tag-fr","13":"tag-france","14":"tag-homophobie","15":"tag-news","16":"tag-nice","17":"tag-provence-alpes-cote-dazur","18":"tag-republique-francaise","19":"tag-societe"},"share_on_mastodon":{"url":"https:\/\/pubeurope.com\/@fr\/115287050471081207","error":""},"_links":{"self":[{"href":"https:\/\/www.europesays.com\/fr\/wp-json\/wp\/v2\/posts\/425812","targetHints":{"allow":["GET"]}}],"collection":[{"href":"https:\/\/www.europesays.com\/fr\/wp-json\/wp\/v2\/posts"}],"about":[{"href":"https:\/\/www.europesays.com\/fr\/wp-json\/wp\/v2\/types\/post"}],"author":[{"embeddable":true,"href":"https:\/\/www.europesays.com\/fr\/wp-json\/wp\/v2\/users\/2"}],"replies":[{"embeddable":true,"href":"https:\/\/www.europesays.com\/fr\/wp-json\/wp\/v2\/comments?post=425812"}],"version-history":[{"count":0,"href":"https:\/\/www.europesays.com\/fr\/wp-json\/wp\/v2\/posts\/425812\/revisions"}],"wp:featuredmedia":[{"embeddable":true,"href":"https:\/\/www.europesays.com\/fr\/wp-json\/wp\/v2\/media\/425813"}],"wp:attachment":[{"href":"https:\/\/www.europesays.com\/fr\/wp-json\/wp\/v2\/media?parent=425812"}],"wp:term":[{"taxonomy":"category","embeddable":true,"href":"https:\/\/www.europesays.com\/fr\/wp-json\/wp\/v2\/categories?post=425812"},{"taxonomy":"post_tag","embeddable":true,"href":"https:\/\/www.europesays.com\/fr\/wp-json\/wp\/v2\/tags?post=425812"}],"curies":[{"name":"wp","href":"https:\/\/api.w.org\/{rel}","templated":true}]}}