{"id":425824,"date":"2025-09-29T10:17:10","date_gmt":"2025-09-29T10:17:10","guid":{"rendered":"https:\/\/www.europesays.com\/fr\/425824\/"},"modified":"2025-09-29T10:17:10","modified_gmt":"2025-09-29T10:17:10","slug":"elle-passera-par-toulouse-et-les-places-vont-partir-vite","status":"publish","type":"post","link":"https:\/\/www.europesays.com\/fr\/425824\/","title":{"rendered":"elle passera par Toulouse (et les places vont partir vite)"},"content":{"rendered":"<p>            Par<br \/>\n        <strong><br \/>\n            <a href=\"https:\/\/actu.fr\/auteur\/lea-afonso\" title=\"Consulter tous les articles de L\u00e9a Afonso\" target=\"_blank\" rel=\"noopener\">L\u00e9a Afonso<\/a><br \/>\n        <\/strong><\/p>\n<p>        Publi\u00e9 le<\/p>\n<p>            29 sept. 2025 \u00e0 11h50        <\/p>\n<p>Apr\u00e8s avoir marqu\u00e9 les esprits avec son<strong> Civilisation Tour en 2023<\/strong>, <strong>Orelsan<\/strong> s\u2019appr\u00eate \u00e0 reprendre la route. Le rappeur normand a annonc\u00e9 ce lundi 29\u00a0septembre 2025 une nouvelle tourn\u00e9e pour<strong> l\u2019ann\u00e9e 2026<\/strong>\u2026 et une date est d\u00e9j\u00e0 pr\u00e9vue \u00e0 <a href=\"https:\/\/actu.fr\/toulouse\/\" target=\"_blank\" rel=\"noopener\">Toulouse<\/a>.\u00a0Ce qu\u2019il faut savoir.<\/p>\n<p>Une annonce depuis le Japon<\/p>\n<p class=\" wall-content\">C\u2019est dans une vid\u00e9o publi\u00e9e sur son compte Instagram, tourn\u00e9e devant le mont Fuji, qu\u2019Orelsan a partag\u00e9 la nouvelle\u2009: \u00ab\u2009Je suis devant cette grande montagne parce que j\u2019ai une annonce \u00e0 vous faire\u2009:<strong> on repart en tourn\u00e9e en 2026<\/strong>\u2009\u00bb, explique-t-il.<\/p>\n<p class=\" wall-content\"><a href=\"https:\/\/www.instagram.com\/p\/DPLcCL7iKe9\/embed\" title=\"Ouvrir le lien sur Instagram\" target=\"_blank\" rel=\"noopener\">Visualiser le contenu sur Instagram<\/a><\/p>\n<p>Le Z\u00e9nith de Toulouse au programme<\/p>\n<p class=\" wall-content\">La tourn\u00e9e fera bien escale dans la Ville rose\u2009: Orelsan se produira au Z\u00e9nith de Toulouse le <strong>mercredi 4\u00a0f\u00e9vrier 2026.<\/strong> La <a href=\"https:\/\/orelsan.show\/?fbclid=PAZXh0bgNhZW0CMTEAAaekC7E32okL25n4-Sv6VG2lbW8PjS-AG7ACFNV6RIWKWj9OAqUdzgPskeSFFg_aem_ToFzRqgBYilxNADbd1z0Zw\" target=\"_blank\" rel=\"noopener\"><strong>billetterie<\/strong> <\/a>ouvrira<strong> d\u00e8s le mardi 30\u00a0septembre, \u00e0 10\u2009h.<\/strong> Autant dire qu\u2019il faudra \u00eatre rapide pour d\u00e9crocher ses places.<\/p>\n<p>Un retour tr\u00e8s attendu<\/p>\n<p class=\" wall-content\">La tourn\u00e9e d\u00e9marrera \u00e0 Caen, ville natale de l\u2019artiste, en janvier\u00a02026, et s\u2019\u00e9tendra jusqu\u2019au mois de d\u00e9cembre \u2013 10 dates sont pr\u00e9vues \u00e0 Bercy -. Si<strong> aucun nouvel album<\/strong> n\u2019a encore \u00e9t\u00e9 <strong>officialis\u00e9<\/strong>, Orelsan pourrait profiter de cette tourn\u00e9e pour d\u00e9voiler de nouveaux morceaux.<\/p>\n<p class=\" wall-content\">Son dernier passage \u00e0 Toulouse avait fait salle comble. <strong>Depuis<\/strong> la r\u00e9\u00e9dition de Civilisation en <strong>2022<\/strong>, le <strong>rappeur n\u2019a plus sorti de nouvelles musiques<\/strong>. Ce retour sur sc\u00e8ne est donc particuli\u00e8rement attendu par ses fans, qui patientent depuis plusieurs ann\u00e9es.<\/p>\n<p>Vid\u00e9os : en ce moment sur ActuInfos pratiques\u2009:<br \/>\nLe 4\u00a0f\u00e9vrier au z\u00e9nith de Toulouse<br \/><a href=\"https:\/\/orelsan.show\/?fbclid=PAZXh0bgNhZW0CMTEAAaekC7E32okL25n4-Sv6VG2lbW8PjS-AG7ACFNV6RIWKWj9OAqUdzgPskeSFFg_aem_ToFzRqgBYilxNADbd1z0Zw\" target=\"_blank\" rel=\"noopener\">Billetterie<\/a>\u2009: ouverture le mardi 30\u00a0septembre 2025 \u00e0 10h<\/p>\n<p class=\" wall-content\">Personnalisez votre actualit\u00e9 en ajoutant vos villes et m\u00e9dias en favori avec <a href=\"https:\/\/moncompte.actu.fr\" title=\"D\u00e9couvez Mon Actu\" rel=\"nofollow noopener\" data-trk=\"{&quot;cta&quot;:{&quot;action&quot;:&quot;https:\\\/\\\/moncompte.actu.fr&quot;,&quot;category&quot;:&quot;mon compte&quot;,&quot;from&quot;:&quot;article footer&quot;,&quot;name&quot;:&quot;Mon actu&quot;,&quot;type&quot;:&quot;cta&quot;}}\" target=\"_blank\">Mon Actu<\/a>.<\/p>\n<p>                    <script async src=\"\/\/www.instagram.com\/embed.js\"><\/script><\/p>\n","protected":false},"excerpt":{"rendered":"Par L\u00e9a Afonso Publi\u00e9 le 29 sept. 2025 \u00e0 11h50 Apr\u00e8s avoir marqu\u00e9 les esprits avec son Civilisation&hellip;\n","protected":false},"author":2,"featured_media":425825,"comment_status":"","ping_status":"","sticky":false,"template":"","format":"standard","meta":{"footnotes":""},"categories":[2816],"tags":[1111,11,1697,1777,674,1011,27,1652,12,2680,25,1341,2312],"class_list":{"0":"post-425824","1":"post","2":"type-post","3":"status-publish","4":"format-standard","5":"has-post-thumbnail","7":"category-toulouse","8":"tag-actu","9":"tag-actualites","10":"tag-concert","11":"tag-eu","12":"tag-europe","13":"tag-fr","14":"tag-france","15":"tag-loisirs-culture","16":"tag-news","17":"tag-occitanie","18":"tag-republique-francaise","19":"tag-sortir-a-toulouse","20":"tag-toulouse"},"share_on_mastodon":{"url":"https:\/\/pubeurope.com\/@fr\/115287074139580693","error":""},"_links":{"self":[{"href":"https:\/\/www.europesays.com\/fr\/wp-json\/wp\/v2\/posts\/425824","targetHints":{"allow":["GET"]}}],"collection":[{"href":"https:\/\/www.europesays.com\/fr\/wp-json\/wp\/v2\/posts"}],"about":[{"href":"https:\/\/www.europesays.com\/fr\/wp-json\/wp\/v2\/types\/post"}],"author":[{"embeddable":true,"href":"https:\/\/www.europesays.com\/fr\/wp-json\/wp\/v2\/users\/2"}],"replies":[{"embeddable":true,"href":"https:\/\/www.europesays.com\/fr\/wp-json\/wp\/v2\/comments?post=425824"}],"version-history":[{"count":0,"href":"https:\/\/www.europesays.com\/fr\/wp-json\/wp\/v2\/posts\/425824\/revisions"}],"wp:featuredmedia":[{"embeddable":true,"href":"https:\/\/www.europesays.com\/fr\/wp-json\/wp\/v2\/media\/425825"}],"wp:attachment":[{"href":"https:\/\/www.europesays.com\/fr\/wp-json\/wp\/v2\/media?parent=425824"}],"wp:term":[{"taxonomy":"category","embeddable":true,"href":"https:\/\/www.europesays.com\/fr\/wp-json\/wp\/v2\/categories?post=425824"},{"taxonomy":"post_tag","embeddable":true,"href":"https:\/\/www.europesays.com\/fr\/wp-json\/wp\/v2\/tags?post=425824"}],"curies":[{"name":"wp","href":"https:\/\/api.w.org\/{rel}","templated":true}]}}