{"id":425842,"date":"2025-09-29T10:26:11","date_gmt":"2025-09-29T10:26:11","guid":{"rendered":"https:\/\/www.europesays.com\/fr\/425842\/"},"modified":"2025-09-29T10:26:11","modified_gmt":"2025-09-29T10:26:11","slug":"donald-trump-promet-quelque-chose-de-special-dans-les-negociations-pour-la-paix-au-moins-18-personnes-tuees-par-larmee-israelienne-depuis-laube-a-gaza","status":"publish","type":"post","link":"https:\/\/www.europesays.com\/fr\/425842\/","title":{"rendered":"Donald Trump promet \u00ab\u00a0quelque chose de sp\u00e9cial\u00a0\u00bb dans les n\u00e9gociations pour la paix\u00a0; au moins 18 personnes tu\u00e9es par l\u2019arm\u00e9e isra\u00e9lienne depuis l\u2019aube \u00e0 Gaza, selon des sources m\u00e9dicales palestiniennes"},"content":{"rendered":"<p>   L\u2019arm\u00e9e isra\u00e9lienne dit avoir frapp\u00e9 un d\u00e9p\u00f4t d\u2019armes du Hezbollah au Liban             <\/p>\n<p class=\"post__live-container--answer-text post__space-node\">L\u2019arm\u00e9e isra\u00e9lienne a annonc\u00e9, dimanche, avoir frapp\u00e9 un d\u00e9p\u00f4t d\u2019armes du Hezbollah dans le sud du Liban, dans un communiqu\u00e9 militaire. \u00ab\u00a0Ce d\u00e9p\u00f4t \u00e9tait utilis\u00e9 par l\u2019organisation terroriste pour planifier et mener des attaques contre l\u2019Etat d\u2019Isra\u00ebl\u00a0\u00bb, selon le communiqu\u00e9, qui pr\u00e9cise que \u00ab\u00a0la pr\u00e9sence de ces infrastructures terroristes constitue une violation des accords conclus entre Isra\u00ebl et le Liban\u00a0\u00bb.<\/p>\n<p class=\"post__live-container--answer-text post__space-node\">De son c\u00f4t\u00e9, l\u2019agence de presse officielle libanaise ANI a fait \u00e9tat d\u2019une\u00a0\u00ab\u00a0s\u00e9rie\u00a0\u00bb\u00a0de frappes a\u00e9riennes isra\u00e9liennes dans le sud du pays, pr\u00e8s des villes de Kfar Rumman et Jurmok, ainsi que d\u2019une frappe de drone sur une maison \u00e0 Humin, \u00e9galement dans le sud.<\/p>\n<p class=\"post__live-container--answer-text post__space-node\">Le Hezbollah avait ouvert un front contre Isra\u00ebl au d\u00e9but de la guerre \u00e0 Gaza, le 7\u00a0octobre\u00a02023, affirmant agir en soutien au Hamas, son alli\u00e9. Les hostilit\u00e9s ont tourn\u00e9 \u00e0 la guerre ouverte en septembre\u00a02024, avant un cessez-le-feu entr\u00e9 en vigueur le 27\u00a0novembre. Isra\u00ebl continue cependant de frapper r\u00e9guli\u00e8rement des cibles du Hezbollah au Liban.<\/p>\n<p class=\"post__live-container--answer-text post__space-node\">Le Hezbollah, qui dominait la vie politique au Liban, est soumis \u00e0 une intense pression pour remettre ses armes \u00e0 l\u2019Etat libanais, et l\u2019arm\u00e9e libanaise a \u00e9labor\u00e9 un plan pour le d\u00e9sarmer, en commen\u00e7ant par le sud du pays, frontalier d\u2019Isra\u00ebl. La formation pro-iranienne refuse de d\u00e9sarmer.<\/p>\n<p>                 <img decoding=\"async\" class=\"post__live-container--img post__space-node\"  src=\"https:\/\/www.europesays.com\/fr\/wp-content\/uploads\/2025\/09\/161fda4_ftp-import-images-1-yxjj0esm7ukh-5019992-01-06.jpg\" data- alt=\"Une frappe a\u00e9rienne isra\u00e9lienne aux abords du village de Jarmaq, au sud du Liban, le 28\u00a0septembre\u00a02025.\"\/>   Une frappe a\u00e9rienne isra\u00e9lienne aux abords du village de Jarmaq, au sud du Liban, le 28\u00a0septembre\u00a02025. RABIH DAHER\/AFP         <\/p>\n","protected":false},"excerpt":{"rendered":"L\u2019arm\u00e9e isra\u00e9lienne dit avoir frapp\u00e9 un d\u00e9p\u00f4t d\u2019armes du Hezbollah au Liban L\u2019arm\u00e9e isra\u00e9lienne a annonc\u00e9, dimanche, avoir&hellip;\n","protected":false},"author":2,"featured_media":425843,"comment_status":"","ping_status":"","sticky":false,"template":"","format":"standard","meta":{"footnotes":""},"categories":[1888],"tags":[1111,1928,11,1927,1777,674,1011,27,12,1926,626,1925,25],"class_list":{"0":"post-425842","1":"post","2":"type-post","3":"status-publish","4":"format-standard","5":"has-post-thumbnail","7":"category-paris","8":"tag-actu","9":"tag-actu-paris","10":"tag-actualites","11":"tag-actualites-paris","12":"tag-eu","13":"tag-europe","14":"tag-fr","15":"tag-france","16":"tag-news","17":"tag-news-paris","18":"tag-paris","19":"tag-paris-news","20":"tag-republique-francaise"},"share_on_mastodon":{"url":"https:\/\/pubeurope.com\/@fr\/115287110154435189","error":""},"_links":{"self":[{"href":"https:\/\/www.europesays.com\/fr\/wp-json\/wp\/v2\/posts\/425842","targetHints":{"allow":["GET"]}}],"collection":[{"href":"https:\/\/www.europesays.com\/fr\/wp-json\/wp\/v2\/posts"}],"about":[{"href":"https:\/\/www.europesays.com\/fr\/wp-json\/wp\/v2\/types\/post"}],"author":[{"embeddable":true,"href":"https:\/\/www.europesays.com\/fr\/wp-json\/wp\/v2\/users\/2"}],"replies":[{"embeddable":true,"href":"https:\/\/www.europesays.com\/fr\/wp-json\/wp\/v2\/comments?post=425842"}],"version-history":[{"count":0,"href":"https:\/\/www.europesays.com\/fr\/wp-json\/wp\/v2\/posts\/425842\/revisions"}],"wp:featuredmedia":[{"embeddable":true,"href":"https:\/\/www.europesays.com\/fr\/wp-json\/wp\/v2\/media\/425843"}],"wp:attachment":[{"href":"https:\/\/www.europesays.com\/fr\/wp-json\/wp\/v2\/media?parent=425842"}],"wp:term":[{"taxonomy":"category","embeddable":true,"href":"https:\/\/www.europesays.com\/fr\/wp-json\/wp\/v2\/categories?post=425842"},{"taxonomy":"post_tag","embeddable":true,"href":"https:\/\/www.europesays.com\/fr\/wp-json\/wp\/v2\/tags?post=425842"}],"curies":[{"name":"wp","href":"https:\/\/api.w.org\/{rel}","templated":true}]}}