{"id":425854,"date":"2025-09-29T10:32:11","date_gmt":"2025-09-29T10:32:11","guid":{"rendered":"https:\/\/www.europesays.com\/fr\/425854\/"},"modified":"2025-09-29T10:32:11","modified_gmt":"2025-09-29T10:32:11","slug":"lartiste-portoricain-bad-bunny-sera-la-vedette-du-show-de-la-mi-temps","status":"publish","type":"post","link":"https:\/\/www.europesays.com\/fr\/425854\/","title":{"rendered":"l&rsquo;artiste portoricain Bad Bunny sera la vedette du show de la mi-temps"},"content":{"rendered":"<p>Le rappeur portoricain Bad Bunny assurera le show de la mi-temps de l&rsquo;\u00e9dition 2026 du Super Bowl, le 8 f\u00e9vrier prochain \u00e0 Santa Clara en Californie, a annonc\u00e9 dimanche soir le championnat de football am\u00e9ricain NFL.<\/p>\n<p>L&rsquo;artiste de 31 ans, star mondiale du rap latino, a confirm\u00e9, dans une vid\u00e9o publi\u00e9e sur son site Instagram, qu&rsquo;il serait aux manettes du plus grand spectacle de l&rsquo;ann\u00e9e aux \u00c9tats-Unis.<\/p>\n<p>\u00ab\u00a0C&rsquo;est pour mon peuple, ma culture et notre histoire \u00bb<\/p>\n<p>\u00ab Ce que je ressens va au-del\u00e0 de ma personne \u00bb, a d\u00e9clar\u00e9 Bad Bunny dans un communiqu\u00e9 publi\u00e9 par la NFL. \u00ab C&rsquo;est pour tous ceux qui sont pass\u00e9s avant moi et qui ont couru des kilom\u00e8tres pour que je marque cet essai. C&rsquo;est pour mon peuple, ma culture et notre histoire \u00bb.<\/p>\n<p>Le traditionnel \u00ab half time show \u00bb \u2013 que les plus grands artistes, de <a href=\"https:\/\/www.ledauphine.com\/p\/madonna\" target=\"_blank\" rel=\"nofollow noopener\">Madonna<\/a> \u00e0 Michael Jackson en passant par les Rolling Stones, ont assur\u00e9 \u2013 rassemble des dizaines de millions de t\u00e9l\u00e9spectateurs.<\/p>\n<p>Ambassadeur mondial de la musique latino, Bad Bunny, de son vrai nom Benito Antonio Martinez Ocasio, vient de terminer \u00e0 San Juan, la capitale portoricaine, une s\u00e9rie de concerts baptis\u00e9e No Me Quiero Ir De Aqui (\u00ab Je ne veux pas partir d&rsquo;ici \u00bb). Cette ode politique \u00e0 son \u00eele natale et territoire rattach\u00e9 aux \u00c9tats-Unis a attir\u00e9 plus d&rsquo;un demi-million d&rsquo;admirateurs.<\/p>\n<p>Le chanteur avait annonc\u00e9 r\u00e9cemment qu&rsquo;il ne se rendrait pas aux \u00c9tats-Unis \u00e0 l&rsquo;occasion de sa prochaine tourn\u00e9e mondiale en raison du risque de descentes de la police de l&rsquo;immigration (ICE) en marge de ses concerts. La tourn\u00e9e mondiale de l&rsquo;artiste doit notamment passer par l&rsquo;Am\u00e9rique latine, l&rsquo;Australie et l&rsquo;Europe entre novembre 2025 et juillet 2026.<\/p>\n","protected":false},"excerpt":{"rendered":"Le rappeur portoricain Bad Bunny assurera le show de la mi-temps de l&rsquo;\u00e9dition 2026 du Super Bowl, le&hellip;\n","protected":false},"author":2,"featured_media":425855,"comment_status":"","ping_status":"","sticky":false,"template":"","format":"standard","meta":{"footnotes":""},"categories":[1589],"tags":[11,1687,73,1866,107,329,873,12,517,1947,1864,1865,1863,308],"class_list":{"0":"post-425854","1":"post","2":"type-post","3":"status-publish","4":"format-standard","5":"has-post-thumbnail","7":"category-etats-unis","8":"tag-actualites","9":"tag-culture-loisirs","10":"tag-etats-unis","11":"tag-etats-unis-damerique","12":"tag-fil-info","13":"tag-france-monde","14":"tag-musique","15":"tag-news","16":"tag-sport","17":"tag-sport-national","18":"tag-united-states","19":"tag-united-states-of-america","20":"tag-us","21":"tag-usa"},"share_on_mastodon":{"url":"https:\/\/pubeurope.com\/@fr\/115287132996579566","error":""},"_links":{"self":[{"href":"https:\/\/www.europesays.com\/fr\/wp-json\/wp\/v2\/posts\/425854","targetHints":{"allow":["GET"]}}],"collection":[{"href":"https:\/\/www.europesays.com\/fr\/wp-json\/wp\/v2\/posts"}],"about":[{"href":"https:\/\/www.europesays.com\/fr\/wp-json\/wp\/v2\/types\/post"}],"author":[{"embeddable":true,"href":"https:\/\/www.europesays.com\/fr\/wp-json\/wp\/v2\/users\/2"}],"replies":[{"embeddable":true,"href":"https:\/\/www.europesays.com\/fr\/wp-json\/wp\/v2\/comments?post=425854"}],"version-history":[{"count":0,"href":"https:\/\/www.europesays.com\/fr\/wp-json\/wp\/v2\/posts\/425854\/revisions"}],"wp:featuredmedia":[{"embeddable":true,"href":"https:\/\/www.europesays.com\/fr\/wp-json\/wp\/v2\/media\/425855"}],"wp:attachment":[{"href":"https:\/\/www.europesays.com\/fr\/wp-json\/wp\/v2\/media?parent=425854"}],"wp:term":[{"taxonomy":"category","embeddable":true,"href":"https:\/\/www.europesays.com\/fr\/wp-json\/wp\/v2\/categories?post=425854"},{"taxonomy":"post_tag","embeddable":true,"href":"https:\/\/www.europesays.com\/fr\/wp-json\/wp\/v2\/tags?post=425854"}],"curies":[{"name":"wp","href":"https:\/\/api.w.org\/{rel}","templated":true}]}}