{"id":425881,"date":"2025-09-29T10:50:12","date_gmt":"2025-09-29T10:50:12","guid":{"rendered":"https:\/\/www.europesays.com\/fr\/425881\/"},"modified":"2025-09-29T10:50:12","modified_gmt":"2025-09-29T10:50:12","slug":"les-enfants-sont-fiers-et-emus-la-bouteille-a-la-mer-dun-photographe-du-calvados-retrouvee-par-une-famille-parisienne","status":"publish","type":"post","link":"https:\/\/www.europesays.com\/fr\/425881\/","title":{"rendered":"\u00ab\u00a0Les enfants sont fiers et \u00e9mus\u00a0\u00bb\u00a0: la bouteille \u00e0 la mer d\u2019un photographe du Calvados retrouv\u00e9e par une famille parisienne"},"content":{"rendered":"<p class=\"paragraph text_align_left lp-f-body-02\">Une histoire de bouteille \u00e0 la mer \u00ab comme dans les livres \u00bb. Romy reste enchant\u00e9e par \u00ab le geste d\u2019enfant, le geste d\u2019aventure \u00bb de Jean-Louis Perrin. Avec ses deux petits-enfants, cette Parisienne en vacances \u00e0 Saint-Val\u00e9ry-en-Caux (Seine-Maritime) a trouv\u00e9 la bouteille \u00e0 la mer lanc\u00e9e par le retrait\u00e9 calvadosien, p\u00eacheur amateur et photographe passionn\u00e9. \u00ab Au d\u00e9but, j\u2019\u00e9tais en col\u00e8re quand Camille, mon petit-fils, a trouv\u00e9 la bouteille sur la plage \u00bb, narre-t-elle. \u00ab Je me disais que les gens \u00e9taient sales de laisser leurs d\u00e9chets. Mais il a vu un message \u00e0 l\u2019int\u00e9rieur ! On a ramen\u00e9 la bouteille, qu\u2019on a cass\u00e9e. On ne croit pas \u00e0 <a href=\"https:\/\/www.leparisien.fr\/societe\/jai-trouve-votre-message-une-ecossaise-recoit-une-reponse-plus-de-30-ans-apres-avoir-jete-une-bouteille-a-la-mer-23-06-2025-VUEGSHCM55GG3NSD6R2DZIYXSA.php\" target=\"_blank\" rel=\"noreferrer noopener\">une bouteille \u00e0 la mer \u00e0 l\u2019\u00e9poque d\u2019Internet<\/a>. C\u2019est un truc incroyable. \u00bb<\/p>\n<p class=\"paragraph text_align_left lp-f-body-02\">\u00c0 l\u2019int\u00e9rieur, un message : \u00ab Cette bouteille a \u00e9t\u00e9 confi\u00e9e \u00e0 la mer la nuit du 25 juin vers 5h30 du matin au grand large de Courseulles-sur-Mer (\u2026). Je m\u2019appelle Jean-Louis Perrin, photographe amateur, amoureux de la mer (\u2026). Si le courant t\u2019a men\u00e9 jusqu\u2019\u00e0 cette bouteille, contacte-moi. \u00bb<\/p>\n<p class=\"paragraph text_align_left lp-f-body-02\">L\u2019id\u00e9e est venue d\u2019un coup \u00e0 ce retrait\u00e9, administrateur de la page \u00ab Normandie bord de mer \u00bb, aux 17 500 abonn\u00e9s sur Facebook (\u00e9galement sur YouTube, il relancera aussi la page Instagram), o\u00f9 il poste ses photos de mer et de rivages, de ses rencontres avec les dauphins notamment.<\/p>\n<p class=\"paragraph text_align_left lp-f-body-02\">\u00ab Avec un copain, on est parti p\u00eacher le bar dans la nuit. On \u00e9tait loin des c\u00f4tes et c\u2019\u00e9tait l\u2019occasion de jeter une bouteille, sans savoir o\u00f9 elle irait. J\u2019ai \u00e9crit un message en fran\u00e7ais et en anglais \u00bb, rembobine ce f\u00e9ru de sorties sur les flots. Quelques semaines de d\u00e9rivation plus tard, une des deux bouteilles s\u2019\u00e9choue donc \u00e0 Saint-Val\u00e9ry-en-Caux, aper\u00e7ue par les jumeaux de 11 ans, Camille et Antoine, accompagn\u00e9s de Romy.<\/p>\n<p>Un tour en bateau pour les prochaines vacances<\/p>\n<p class=\"paragraph text_align_left lp-f-body-02\">Comme promis dans le message, Jean-Louis propose une rencontre. \u00ab On ne pouvait pas bouger donc il est venu nous voir ! Il a offert son livre, avec ses extraordinaires photos d\u2019exercice d\u2019h\u00e9litreuillage des sauveteurs \u00bb, s\u2019\u00e9meut Romy. Photo souvenir sur la digue, balade, papotages\u2026 Une rencontre inattendue qui attendrit tous les protagonistes. \u00ab Les enfants sont fiers et \u00e9mus d\u2019avoir trouv\u00e9 la bouteille. Camille en a m\u00eame r\u00eav\u00e9. C\u2019est un souvenir grav\u00e9 pour nous tous \u00bb, reprend leur grand-m\u00e8re.<\/p>\n<p class=\"paragraph text_align_left lp-f-body-02\">Jean-Louis, qui se pr\u00e9sente lui-m\u00eame comme un \u00ab grand enfant \u00bb, est ravi : \u00ab Tout le monde \u00e9tait content. Maintenant, on est en contact. \u00c7a valait le coup de faire 150 km ! Quand ils reviendront en vacances, je leur proposerai de faire un tour en bateau. \u00bb<\/p>\n<p class=\"paragraph text_align_left lp-f-body-02\">Pendant ce temps, qu\u2019advient-il de l\u2019autre bouteille jet\u00e9e en Manche d\u00e8s potron-minet ? Le myst\u00e8re demeure. Elle pourrait \u00eatre rejointe par d\u2019autres messages livr\u00e9s aux flots. Jean-Louis va embarquer sur un chalutier et songe \u00e0 profiter d\u2019un passage au grand large pour retenter l\u2019exp\u00e9rience.<\/p>\n","protected":false},"excerpt":{"rendered":"Une histoire de bouteille \u00e0 la mer \u00ab comme dans les livres \u00bb. Romy reste enchant\u00e9e par \u00ab&hellip;\n","protected":false},"author":2,"featured_media":425882,"comment_status":"","ping_status":"","sticky":false,"template":"","format":"standard","meta":{"footnotes":""},"categories":[1358],"tags":[1348,1384,1385,5763,459,1386,58,59,1011,27,104],"class_list":{"0":"post-425881","1":"post","2":"type-post","3":"status-publish","4":"format-standard","5":"has-post-thumbnail","7":"category-arts-et-design","8":"tag-arts","9":"tag-arts-and-design","10":"tag-arts-et-design","11":"tag-calvados-14","12":"tag-departements-horsidfo","13":"tag-design","14":"tag-divertissement","15":"tag-entertainment","16":"tag-fr","17":"tag-france","18":"tag-societe"},"share_on_mastodon":{"url":"https:\/\/pubeurope.com\/@fr\/115287203776214844","error":""},"_links":{"self":[{"href":"https:\/\/www.europesays.com\/fr\/wp-json\/wp\/v2\/posts\/425881","targetHints":{"allow":["GET"]}}],"collection":[{"href":"https:\/\/www.europesays.com\/fr\/wp-json\/wp\/v2\/posts"}],"about":[{"href":"https:\/\/www.europesays.com\/fr\/wp-json\/wp\/v2\/types\/post"}],"author":[{"embeddable":true,"href":"https:\/\/www.europesays.com\/fr\/wp-json\/wp\/v2\/users\/2"}],"replies":[{"embeddable":true,"href":"https:\/\/www.europesays.com\/fr\/wp-json\/wp\/v2\/comments?post=425881"}],"version-history":[{"count":0,"href":"https:\/\/www.europesays.com\/fr\/wp-json\/wp\/v2\/posts\/425881\/revisions"}],"wp:featuredmedia":[{"embeddable":true,"href":"https:\/\/www.europesays.com\/fr\/wp-json\/wp\/v2\/media\/425882"}],"wp:attachment":[{"href":"https:\/\/www.europesays.com\/fr\/wp-json\/wp\/v2\/media?parent=425881"}],"wp:term":[{"taxonomy":"category","embeddable":true,"href":"https:\/\/www.europesays.com\/fr\/wp-json\/wp\/v2\/categories?post=425881"},{"taxonomy":"post_tag","embeddable":true,"href":"https:\/\/www.europesays.com\/fr\/wp-json\/wp\/v2\/tags?post=425881"}],"curies":[{"name":"wp","href":"https:\/\/api.w.org\/{rel}","templated":true}]}}