{"id":425885,"date":"2025-09-29T10:52:10","date_gmt":"2025-09-29T10:52:10","guid":{"rendered":"https:\/\/www.europesays.com\/fr\/425885\/"},"modified":"2025-09-29T10:52:10","modified_gmt":"2025-09-29T10:52:10","slug":"audiences-septembre-2025-mois-historique-pour-cnews-leader-avec-une-avance-record-sur-bfmtv-lci-en-forte-hausse-franceinfo-toujours-faible","status":"publish","type":"post","link":"https:\/\/www.europesays.com\/fr\/425885\/","title":{"rendered":"Audiences septembre 2025 : Mois historique pour CNews, leader avec une avance record sur BFMTV, LCI en forte hausse, Franceinfo toujours faible"},"content":{"rendered":"<p>La suite apr\u00e8s la publicit\u00e9<\/p>\n<p>Pas une seule journ\u00e9e ne lui a \u00e9chapp\u00e9*. D\u00e9j\u00e0 leader tout l&rsquo;\u00e9t\u00e9 \u2013 <a href=\"https:\/\/www.ozap.com\/actu\/audiences-aout-2025-pour-la-premiere-fois-de-son-histoire-cnews-double-bfmtv-tout-lete-lci-dynamisee-franceinfo-loin-du-compte\/651397\" rel=\"nofollow noopener\" target=\"_blank\">une premi\u00e8re<\/a> \u2013 CNews confirme sa supr\u00e9matie et signe en septembre 2025 son meilleur mois depuis la cr\u00e9ation de la marque le 27 f\u00e9vrier 2017. Cr\u00e9dit\u00e9e d&rsquo;une part d&rsquo;audience de <strong>3,9%<\/strong>, la cha\u00eene du groupe de Vincent Bollor\u00e9 effectue, comme l&rsquo;an pass\u00e9, <a href=\"https:\/\/www.ozap.com\/actu\/audiences-septembre-2024-cnews-plus-forte-que-bfmtv-debute-la-saison-en-forte-hausse-lci-baisse-franceinfo-emerge-a-1\/645962\" rel=\"nofollow noopener\" target=\"_blank\">un bond de 0,7 point sur un an<\/a>. Elle devance par ailleurs d&rsquo;un point, un record sur cet indicateur l\u00e0 aussi, sa premi\u00e8re rivale, BFMTV (<strong>2,9%<\/strong>).<\/p>\n<p>Totalement stable sur un an, la cha\u00eene, dirig\u00e9e par Fabien Namias, n&rsquo;a pas profit\u00e9 de mani\u00e8re significative de la forte actualit\u00e9 politique et sociale (confiance rejet\u00e9e au Premier ministre Fran\u00e7ois Bayrou le 8 septembre, \u00ab\u00a0Bloquons tout\u00a0\u00bb le 10, journ\u00e9e de mobilisation syndicale le 18) et souffre de la comparaison avec la dynamique de CNews. Elle conserve n\u00e9anmoins le leadership sur les 25-49 ans, sa cible de pr\u00e9dilection (3,3% contre 2,3%).\u00a0<\/p>\n<p>LCI est troisi\u00e8me. Si sa part d&rsquo;audience recule par rapport \u00e0 juin 2025 (2,3%) \u2013 <a href=\"https:\/\/www.ozap.com\/actu\/audiences-juin-2025-mois-historique-pour-cnews-qui-enregistre-une-avance-record-sur-bfmtv-lci-gagnante-de-la-nouvelle-numerotation-de-la-tnt\/650608\" rel=\"nofollow noopener\" target=\"_blank\">mois de sa bascule du canal 26 au canal 15<\/a> \u2013 la cha\u00eene info du groupe TF1 (<strong>2,2%<\/strong>) semble b\u00e9n\u00e9ficier de sa meilleure visibilit\u00e9 et glane un demi-point sur un an. Franceinfo (<strong>1,1%<\/strong> ; + 0,1 point sur un an), toujours \u00e0 un faible niveau, signe n\u00e9anmoins son deuxi\u00e8me meilleur mois historique apr\u00e8s mars 2022 (1,2%), mois du d\u00e9but de la guerre en Ukraine.<\/p>\n<p>Journ\u00e9e historique pour CNews, 0,9 point derri\u00e8re M6 le 10 septembre<\/p>\n<p>Dans le d\u00e9tail, CNews, 5e cha\u00eene de France devant France 5, a marqu\u00e9 de son empreinte le mois de septembre 2025. Le canal 14 a r\u00e9alis\u00e9 <a href=\"https:\/\/www.ozap.com\/actu\/audiences-cnews-pulverise-son-record-historique-avec-bloquons-tout-bfmtv-puissante-mais-distancee-franceinfo-au-sommet\/651560\" rel=\"nofollow noopener\" target=\"_blank\">son record historique sur un jour (6,3%) le mercredi 10 septembre<\/a>. Ce jour-l\u00e0, CNews pointait \u00e0 0,9 point de part d&rsquo;audience \u00e0 peine de M6. Au-del\u00e0 de cette journ\u00e9e exceptionnelle, l&rsquo;antenne, aliment\u00e9e par Pascal Praud, Sonia Mabrouk, Christine Kelly et Romain Desarbres, <a href=\"https:\/\/www.ozap.com\/actu\/audiences-pour-la-2e-fois-en-3-jours-cnews-atteint-les-5-de-part-de-marche-avec-la-condamnation-de-nicolas-sarkozy-bfmtv-ne-peut-rivaliser\/651791\" rel=\"nofollow noopener\" target=\"_blank\">a r\u00e9alis\u00e9 trois autres journ\u00e9es \u00e0 un niveau sup\u00e9rieur ou \u00e9gal \u00e0 5 points<\/a>. CNews a distanc\u00e9 BFMTV de 2,2 points \u2013 <a href=\"https:\/\/www.ozap.com\/actu\/audiences-nouvel-ecart-historique-entre-cnews-et-bfmtv-la-chaine-info-du-groupe-de-rodolphe-saade-talonnee-par-lci\/651758\" rel=\"nofollow noopener\" target=\"_blank\">un record encore<\/a> \u2013 le mardi 23 septembre, au lendemain du discours de reconnaissance de l&rsquo;\u00c9tat de Palestine par le pr\u00e9sident de la R\u00e9publique, Emmanuel Macron.<\/p>\n<p>Les lots de consolation s&rsquo;amenuisent pour BFMTV. Pas en mesure de rivaliser avec CNews lorsque l&rsquo;actualit\u00e9 s&rsquo;acc\u00e9l\u00e8re, la cha\u00eene info du groupe RMC BFM a \u00e9t\u00e9 ce mois-ci \u00e9t\u00e9 totalement priv\u00e9e de leadership le week-end, o\u00f9 elle se distinguait encore les mois pr\u00e9c\u00e9dents. BFMTV perd de plus de sa puissance en matinale. La domination de \u00ab\u00a0BFM premi\u00e8re\u00a0\u00bb, <a href=\"https:\/\/www.ozap.com\/actu\/tenza-et-storme-en-difficulte-sur-bfmtv-cnews-en-embuscade-bonjour-sur-tf1-progresse-encore-toutes-les-audiences-de-la-rentree-des-matinales\/651715\" rel=\"nofollow noopener\" target=\"_blank\">incarn\u00e9e par Perrine Storme et Dominique Tenza<\/a>, ne tient plus qu&rsquo;\u00e0 un fil. Retenons \u00e9galement que, comme CNews, BFMTV a atteint son pic de forme (5,3%) le 10 septembre. Elle s&rsquo;est \u00e9galement illustr\u00e9e \u00e0 trois autres reprises, les jeudi 18 (4,7%), mardi 9 (4,3%) et lundi 8 septembre (4,2%).<\/p>\n<p>Depuis l&rsquo;entr\u00e9e en vigueur de la nouvelle num\u00e9rotation de la TNT le 6 juin dernier, LCI poursuit sa marche en avant. La cha\u00eene du groupe TF1 a notamment \u00e9t\u00e9 tir\u00e9e vers le haut par \u00ab\u00a0La matinale\u00a0\u00bb, incarn\u00e9e par Jean-Baptiste Boursier, qui signe son meilleur mois historique (5,3%), signale la cha\u00eene <a href=\"https:\/\/www.ozap.com\/actu\/2-de-part-daudience-dici-la-fin-2025-avant-la-bascule-de-lci-sur-la-15-thierry-thuillier-et-guillaume-debre-devoilent-leurs-ambitions-pour-la-chaine-info\/649960\" rel=\"nofollow noopener\" target=\"_blank\">dirig\u00e9e par Guillaume Debr\u00e9<\/a>. LCI s&rsquo;est hiss\u00e9e jusqu&rsquo;\u00e0 3,4% de part d&rsquo;audience le 10 septembre. Le m\u00eame jour, Franceinfo signait son record historique. Pour la premi\u00e8re fois depuis sa cr\u00e9ation le 1er septembre 2016, la cha\u00eene publique, qui franchit d\u00e9sormais plus facilement le point de part d&rsquo;audience, atteignait la barre des 2 points de part d&rsquo;audience sur un jour.<\/p>\n<p>*CNews et BFMTV ont \u00e9t\u00e9 \u00e0 \u00e9galit\u00e9 \u00e0 2,6% le dimanche 14 septembre.<\/p>\n","protected":false},"excerpt":{"rendered":"La suite apr\u00e8s la publicit\u00e9 Pas une seule journ\u00e9e ne lui a \u00e9chapp\u00e9*. D\u00e9j\u00e0 leader tout l&rsquo;\u00e9t\u00e9 \u2013&hellip;\n","protected":false},"author":2,"featured_media":425886,"comment_status":"","ping_status":"","sticky":false,"template":"","format":"standard","meta":{"footnotes":""},"categories":[1356],"tags":[58,59,1011,27,252,1364],"class_list":{"0":"post-425885","1":"post","2":"type-post","3":"status-publish","4":"format-standard","5":"has-post-thumbnail","7":"category-television","8":"tag-divertissement","9":"tag-entertainment","10":"tag-fr","11":"tag-france","12":"tag-television","13":"tag-tv"},"share_on_mastodon":{"url":"https:\/\/pubeurope.com\/@fr\/115287211687264762","error":""},"_links":{"self":[{"href":"https:\/\/www.europesays.com\/fr\/wp-json\/wp\/v2\/posts\/425885","targetHints":{"allow":["GET"]}}],"collection":[{"href":"https:\/\/www.europesays.com\/fr\/wp-json\/wp\/v2\/posts"}],"about":[{"href":"https:\/\/www.europesays.com\/fr\/wp-json\/wp\/v2\/types\/post"}],"author":[{"embeddable":true,"href":"https:\/\/www.europesays.com\/fr\/wp-json\/wp\/v2\/users\/2"}],"replies":[{"embeddable":true,"href":"https:\/\/www.europesays.com\/fr\/wp-json\/wp\/v2\/comments?post=425885"}],"version-history":[{"count":0,"href":"https:\/\/www.europesays.com\/fr\/wp-json\/wp\/v2\/posts\/425885\/revisions"}],"wp:featuredmedia":[{"embeddable":true,"href":"https:\/\/www.europesays.com\/fr\/wp-json\/wp\/v2\/media\/425886"}],"wp:attachment":[{"href":"https:\/\/www.europesays.com\/fr\/wp-json\/wp\/v2\/media?parent=425885"}],"wp:term":[{"taxonomy":"category","embeddable":true,"href":"https:\/\/www.europesays.com\/fr\/wp-json\/wp\/v2\/categories?post=425885"},{"taxonomy":"post_tag","embeddable":true,"href":"https:\/\/www.europesays.com\/fr\/wp-json\/wp\/v2\/tags?post=425885"}],"curies":[{"name":"wp","href":"https:\/\/api.w.org\/{rel}","templated":true}]}}