{"id":425891,"date":"2025-09-29T10:55:12","date_gmt":"2025-09-29T10:55:12","guid":{"rendered":"https:\/\/www.europesays.com\/fr\/425891\/"},"modified":"2025-09-29T10:55:12","modified_gmt":"2025-09-29T10:55:12","slug":"faire-des-tetes-au-football-semble-aussi-endommager-le-cerveau","status":"publish","type":"post","link":"https:\/\/www.europesays.com\/fr\/425891\/","title":{"rendered":"Faire des \u00ab\u00a0t\u00eates\u00a0\u00bb au football semble aussi endommager le cerveau"},"content":{"rendered":"<p>    Faire une \u00ab t\u00eate\u00a0\u00bb au football pourrait, m\u00eame sans entra\u00eener de commotion c\u00e9r\u00e9brale, endommager le cerveau des joueurs.<br \/>\n                master1305 &#8211; stock.adobe.com<\/p>\n<p>Des chercheurs ont observ\u00e9 chez des footballeurs amateurs des modifications du cortex associ\u00e9es \u00e0 une alt\u00e9ration de certaines fonctions cognitives.<\/p>\n<p class=\"fig-paragraph\">Une balle de cuir pouvant filer \u00e0 plus de 80 km\/h, percut\u00e9e par une t\u00eate pour tenter de r\u00e9cup\u00e9rer la balle, la passer \u00e0 un partenaire ou l\u2019envoyer vers le but\u00a0: ce geste technique est r\u00e9p\u00e9t\u00e9 des milliers de fois par certains footballeurs&#8230; et c\u2019est \u00e0 chaque fois un choc violent encaiss\u00e9 par leur\u00a0<a href=\"https:\/\/sante.lefigaro.fr\/sante\/organe\/cerveau\/quelles-sont-principales-maladies-cerveau\" target=\"_blank\" data-fig-type=\"Keyword\" rel=\"sponsored noopener\" data-gtm-custom-categorie=\"navigation\" data-gtm-custom-action=\"crossclick\" data-gtm-custom-label=\"Contextuel\" data-gtm-event=\"customEventSPE\" data-fig-domain=\"SANTE\">cerveau<\/a>. Faire des \u00ab\u00a0t\u00eates\u00a0\u00bb au football est-il risqu\u00e9, m\u00eame lorsqu\u2019elles ne sont pas cause de commotion c\u00e9r\u00e9brale\u00a0? Ce n\u2019est en tout cas probablement pas anodin, r\u00e9pondent des scientifiques de plus en plus nombreux. Des anomalies observ\u00e9es par imagerie m\u00e9dicale, associ\u00e9es \u00e0 de moindres performances \u00e0 des tests cognitifs, sont r\u00e9guli\u00e8rement rapport\u00e9es dans la litt\u00e9rature scientifique.<\/p>\n<p class=\"fig-paragraph\">Derniers en date, des chercheurs de l\u2019universit\u00e9 de Columbia (New York) qui viennent de publier deux \u00e9tudes dans le Journal of the American Medical Association (<a href=\"https:\/\/jamanetwork.com\/journals\/jamanetworkopen\/fullarticle\/2839068\" target=\"_blank\" rel=\"sponsored noopener\" data-gtm-custom-categorie=\"navigation\" data-gtm-custom-action=\"crossclick\" data-gtm-custom-label=\"Contextuel\" data-gtm-event=\"customEventSPE\">JAMA Network Open<\/a>) et\u00a0<a href=\"https:\/\/www.neurology.org\/doi\/10.1212\/WNL.0000000000214034\" target=\"_blank\" rel=\"sponsored noopener\" data-gtm-custom-categorie=\"navigation\" data-gtm-custom-action=\"crossclick\" data-gtm-custom-label=\"Contextuel\" data-gtm-event=\"customEventSPE\">dans la revue Neurology<\/a> . Par deux m\u00e9thodes diff\u00e9rentes, ils ont r\u00e9analys\u00e9 des imageries c\u00e9r\u00e9brales et des tests cognitifs\u2026<\/p>\n<p class=\"fig-premium-paywall__infos\">\n        Cet article est r\u00e9serv\u00e9 aux abonn\u00e9s.        Il vous reste 79% \u00e0 d\u00e9couvrir.\n    <\/p>\n<p>                <img  data- alt=\"Le Figaro\" class=\"fig-img--complete fig-img\"\/><\/p>\n<p class=\"fig-premium-paywall__title\">Vous avez envie de lire la suite ?<\/p>\n<p class=\"fig-premium-paywall__subtitle\">D\u00e9bloquez tous les articles imm\u00e9diatement.<\/p>\n<p class=\"fig-premium-paywall__connect\">\n                D\u00e9j\u00e0 abonn\u00e9\u00a0?                <a class=\"fig-premium-paywall__connect-link\" href=\"https:\/\/connect.lefigaro.fr\/login?client=sante_web&amp;type=main&amp;redirect_uri=https%3A%2F%2Fsante.lefigaro.fr%2Fsocial%2Fsante-publique%2Fune-frontiere-plus-floue-entre-matiere-blanche-et-matiere-grise-faire-des-tetes-au-football-semble-endommager-le-cerveau-20250929\" data-js-gtm=\"{&quot;customCategorie&quot;: &quot;conversion&quot;, &quot;customAction&quot;: &quot;before_Landing_Connexion_paywall_auto&quot;, &quot;customLabel&quot;: &quot;c2FudGUubGVmaWdhcm8uZnJfXzFmMDk5MmExLWJhNDctNjQ5OC04NTI0LTg5YmM1NjkxYTc5OV9fQXJ0aWNsZQ==_Faire des \u00ab\u00a0t\u00eates\u00a0\u00bb au football semble aussi endommager le cerveau_300&quot;, &quot;customIDSPE&quot;: &quot;c2FudGUubGVmaWdhcm8uZnJfXzFmMDk5MmExLWJhNDctNjQ5OC04NTI0LTg5YmM1NjkxYTc5OV9fQXJ0aWNsZQ==&quot;, &quot;event&quot;: &quot;customEventSPE&quot;}\" target=\"_blank\" rel=\"noopener\"><br \/>\n                    Connectez-vous<br \/>\n                <\/a>\n            <\/p>\n","protected":false},"excerpt":{"rendered":"Faire une \u00ab t\u00eate\u00a0\u00bb au football pourrait, m\u00eame sans entra\u00eener de commotion c\u00e9r\u00e9brale, endommager le cerveau des joueurs.&hellip;\n","protected":false},"author":2,"featured_media":425892,"comment_status":"","ping_status":"","sticky":false,"template":"","format":"standard","meta":{"footnotes":""},"categories":[10],"tags":[231,1011,27,72,71,49032],"class_list":{"0":"post-425891","1":"post","2":"type-post","3":"status-publish","4":"format-standard","5":"has-post-thumbnail","7":"category-sante","8":"tag-cerveau","9":"tag-fr","10":"tag-france","11":"tag-health","12":"tag-sante","13":"tag-traumatisme-cranien"},"share_on_mastodon":{"url":"https:\/\/pubeurope.com\/@fr\/115287223480447159","error":""},"_links":{"self":[{"href":"https:\/\/www.europesays.com\/fr\/wp-json\/wp\/v2\/posts\/425891","targetHints":{"allow":["GET"]}}],"collection":[{"href":"https:\/\/www.europesays.com\/fr\/wp-json\/wp\/v2\/posts"}],"about":[{"href":"https:\/\/www.europesays.com\/fr\/wp-json\/wp\/v2\/types\/post"}],"author":[{"embeddable":true,"href":"https:\/\/www.europesays.com\/fr\/wp-json\/wp\/v2\/users\/2"}],"replies":[{"embeddable":true,"href":"https:\/\/www.europesays.com\/fr\/wp-json\/wp\/v2\/comments?post=425891"}],"version-history":[{"count":0,"href":"https:\/\/www.europesays.com\/fr\/wp-json\/wp\/v2\/posts\/425891\/revisions"}],"wp:featuredmedia":[{"embeddable":true,"href":"https:\/\/www.europesays.com\/fr\/wp-json\/wp\/v2\/media\/425892"}],"wp:attachment":[{"href":"https:\/\/www.europesays.com\/fr\/wp-json\/wp\/v2\/media?parent=425891"}],"wp:term":[{"taxonomy":"category","embeddable":true,"href":"https:\/\/www.europesays.com\/fr\/wp-json\/wp\/v2\/categories?post=425891"},{"taxonomy":"post_tag","embeddable":true,"href":"https:\/\/www.europesays.com\/fr\/wp-json\/wp\/v2\/tags?post=425891"}],"curies":[{"name":"wp","href":"https:\/\/api.w.org\/{rel}","templated":true}]}}