{"id":425911,"date":"2025-09-29T11:05:09","date_gmt":"2025-09-29T11:05:09","guid":{"rendered":"https:\/\/www.europesays.com\/fr\/425911\/"},"modified":"2025-09-29T11:05:09","modified_gmt":"2025-09-29T11:05:09","slug":"il-tente-de-renverser-un-policier-et-encastre-sa-mercedes-dans-un-muret","status":"publish","type":"post","link":"https:\/\/www.europesays.com\/fr\/425911\/","title":{"rendered":"il tente de renverser un policier et encastre sa Mercedes dans un muret"},"content":{"rendered":"<p>            Par<br \/>\n        <strong><br \/>\n            <a href=\"https:\/\/actu.fr\/auteur\/pierre-emile-bouchy-actu-fr\" title=\"Consulter tous les articles de Paul-Emile Bouchy\" rel=\"nofollow noopener\" target=\"_blank\">Paul-Emile Bouchy<\/a><br \/>\n        <\/strong><\/p>\n<p>        Publi\u00e9 le<\/p>\n<p>            29 sept. 2025 \u00e0 12h20        <\/p>\n<p>Dans la soir\u00e9e du mercredi 24\u00a0septembre, un nouveau <a href=\"https:\/\/actu.fr\/tag\/refus-d-obtemperer\" rel=\"nofollow noopener\" target=\"_blank\">refus d\u2019obtemp\u00e9rer<\/a> a eu lieu \u00e0 <a href=\"https:\/\/actu.fr\/grand-est\/nancy_54395\" rel=\"nofollow noopener\" target=\"_blank\">Nancy<\/a> (Meurthe-et-Moselle).<\/p>\n<p class=\" wall-content\">Au volant de sa Mercedes, <strong>le conducteur de 23\u00a0ans a refus\u00e9 de se soumettre \u00e0 un contr\u00f4le\u00a0<\/strong>de <a href=\"https:\/\/actu.fr\/tag\/police\" rel=\"nofollow noopener\" target=\"_blank\">police<\/a> et a pris la fuite. Il a fini sa course en percutant le muret d\u2019une maison.<\/p>\n<p>Un policier manque d\u2019\u00eatre renvers\u00e9 par le v\u00e9hicule<\/p>\n<p class=\" wall-content\">D\u2019apr\u00e8s le syndicat de police UN1TE 54, les policiers ont voulu contr\u00f4ler le v\u00e9hicule apr\u00e8s une infraction en bas de l\u2019avenue du G\u00e9n\u00e9ral Leclerc. C\u2019est alors que le conducteur a pris la fuite une fois que les agents avaient mis le pied \u00e0 terre.<\/p>\n<p class=\" wall-content\">Alors que les policiers se mettent \u00e0 sa poursuite, l\u2019automobiliste effectue <strong>plusieurs tours du quartier, prenant certaines rues \u00e0 contresens<\/strong>.<\/p>\n<p class=\" wall-content\">\u00ab\u2009Un policier se trouvant \u00e0 pied n\u2019a eu la vie sauve que gr\u00e2ce \u00e0 ses r\u00e9flexes et a r\u00e9ussi \u00e0 \u00e9viter d\u2019\u00eatre percut\u00e9 au moment <strong>o\u00f9 le criminel de la route fon\u00e7ait droit sur lui, faisant un \u00e9cart pour tenter de le renverser<\/strong>\u2009\u00bb, explique le syndicat.<\/p>\n<p>    <a href=\"https:\/\/www.facebook.com\/plugins\/post.php?href=https%3A%2F%2Fwww.facebook.com%2Fpermalink.php%3Fstory_fbid%3Dpfbid02i1gu1jLcfXSPDhWgSCPuGeapmD9zofjVSPBnCqKBw3sV37ViMBkSELgnqbiJi6VNl%26id%3D100064799313602&amp;show_text=true&amp;width=350\" title=\"Ouvrie le lien\" rel=\"nofollow noopener\" target=\"_blank\">Cliquez ici pour visualiser le contenu<\/a><\/p>\n<p>Votre r\u00e9gion, votre actu !<\/p>\n<p>Recevez chaque jour les infos qui comptent pour vous.<\/p>\n<p>\t<a href=\"https:\/\/actu.fr\/newsletter\" class=\"ac-btn ac-btn--corner ac-btn--medium ac-btn--blue800\" rel=\"nofollow noopener\" target=\"_blank\">S&rsquo;incrire<\/a><br \/>\nSa voiture percute le muret d\u2019une maison<\/p>\n<p class=\" wall-content\">Finalement, la course-poursuite s\u2019arr\u00eate lorsque <strong>le conducteur s\u2019encastre dans le muret d\u2019une habitation<\/strong> de la rue Sainte-Genevi\u00e8ve et tente de s\u2019enfuir en courant.<\/p>\n<p class=\" wall-content\">Interpell\u00e9, l\u2019individu n\u2019\u00e9tait pas connu des services de police. Plac\u00e9 en garde \u00e0 vue, il devra compara\u00eetre devant la justice le 15 janvier 2026.<\/p>\n<p class=\" wall-content\">Personnalisez votre actualit\u00e9 en ajoutant vos villes et m\u00e9dias en favori avec <a href=\"https:\/\/moncompte.actu.fr\" title=\"D\u00e9couvez Mon Actu\" rel=\"nofollow noopener\" data-trk=\"{&quot;cta&quot;:{&quot;action&quot;:&quot;https:\\\/\\\/moncompte.actu.fr&quot;,&quot;category&quot;:&quot;mon compte&quot;,&quot;from&quot;:&quot;article footer&quot;,&quot;name&quot;:&quot;Mon actu&quot;,&quot;type&quot;:&quot;cta&quot;}}\" target=\"_blank\">Mon Actu<\/a>.<\/p>\n","protected":false},"excerpt":{"rendered":"Par Paul-Emile Bouchy Publi\u00e9 le 29 sept. 2025 \u00e0 12h20 Dans la soir\u00e9e du mercredi 24\u00a0septembre, un nouveau&hellip;\n","protected":false},"author":2,"featured_media":425912,"comment_status":"","ping_status":"","sticky":false,"template":"","format":"standard","meta":{"footnotes":""},"categories":[9635],"tags":[1111,11,1777,674,118,1011,27,775,1702,12,1072,2852,25],"class_list":{"0":"post-425911","1":"post","2":"type-post","3":"status-publish","4":"format-standard","5":"has-post-thumbnail","7":"category-nancy","8":"tag-actu","9":"tag-actualites","10":"tag-eu","11":"tag-europe","12":"tag-faits-divers","13":"tag-fr","14":"tag-france","15":"tag-grand-est","16":"tag-nancy","17":"tag-news","18":"tag-police","19":"tag-refus-dobtemperer","20":"tag-republique-francaise"},"share_on_mastodon":{"url":"https:\/\/pubeurope.com\/@fr\/115287262745090567","error":""},"_links":{"self":[{"href":"https:\/\/www.europesays.com\/fr\/wp-json\/wp\/v2\/posts\/425911","targetHints":{"allow":["GET"]}}],"collection":[{"href":"https:\/\/www.europesays.com\/fr\/wp-json\/wp\/v2\/posts"}],"about":[{"href":"https:\/\/www.europesays.com\/fr\/wp-json\/wp\/v2\/types\/post"}],"author":[{"embeddable":true,"href":"https:\/\/www.europesays.com\/fr\/wp-json\/wp\/v2\/users\/2"}],"replies":[{"embeddable":true,"href":"https:\/\/www.europesays.com\/fr\/wp-json\/wp\/v2\/comments?post=425911"}],"version-history":[{"count":0,"href":"https:\/\/www.europesays.com\/fr\/wp-json\/wp\/v2\/posts\/425911\/revisions"}],"wp:featuredmedia":[{"embeddable":true,"href":"https:\/\/www.europesays.com\/fr\/wp-json\/wp\/v2\/media\/425912"}],"wp:attachment":[{"href":"https:\/\/www.europesays.com\/fr\/wp-json\/wp\/v2\/media?parent=425911"}],"wp:term":[{"taxonomy":"category","embeddable":true,"href":"https:\/\/www.europesays.com\/fr\/wp-json\/wp\/v2\/categories?post=425911"},{"taxonomy":"post_tag","embeddable":true,"href":"https:\/\/www.europesays.com\/fr\/wp-json\/wp\/v2\/tags?post=425911"}],"curies":[{"name":"wp","href":"https:\/\/api.w.org\/{rel}","templated":true}]}}