{"id":425913,"date":"2025-09-29T11:06:15","date_gmt":"2025-09-29T11:06:15","guid":{"rendered":"https:\/\/www.europesays.com\/fr\/425913\/"},"modified":"2025-09-29T11:06:15","modified_gmt":"2025-09-29T11:06:15","slug":"handball-en-liquidation-judiciaire-nancy-handball-seteint-en-tant-que-structure-professionnelle","status":"publish","type":"post","link":"https:\/\/www.europesays.com\/fr\/425913\/","title":{"rendered":"Handball. En liquidation judiciaire, \u00ab\u00a0Nancy Handball s\u2019\u00e9teint en tant que structure professionnelle\u00a0\u00bb"},"content":{"rendered":"<p>Ce contenu est bloqu\u00e9 car vous n&rsquo;avez pas accept\u00e9 les cookies et autres traceurs.<\/p>\n<p>En cliquant sur \u00ab J\u2019accepte \u00bb, les cookies et autres traceurs seront d\u00e9pos\u00e9s et vous pourrez visualiser les contenus  (<a href=\"\" class=\"consentModule_policy\" target=\"_blank\" title=\"Consulter la politique de protection des donn\u00e9es du fournisseur\">plus d&rsquo;informations<\/a>).<\/p>\n<p>En cliquant sur \u00ab J\u2019accepte tous les cookies \u00bb, vous autorisez des d\u00e9p\u00f4ts de cookies et autres traceurs pour le stockage de vos donn\u00e9es sur nos sites et applications \u00e0 des fins de personnalisation et de ciblage publicitaire.<\/p>\n<p class=\"consentModule_secondaryText\">Vous gardez la possibilit\u00e9 de retirer votre consentement \u00e0 tout moment en consultant notre <a href=\"https:\/\/www.estrepublicain.fr\/protection-des-donnees\" target=\"_blank\" title=\"Consulter notre politique de protection des donn\u00e9es\" rel=\"noopener\">politique de protection des donn\u00e9es<\/a>. <br \/>&#13;<br \/>\n            <a href=\"https:\/\/www.estrepublicain.fr\/sport\/2025\/09\/29\/javascript:Didomi.notice.show()\" class=\"consentModule_cmp\" target=\"_blank\" rel=\"noopener\">G\u00e9rer mes choix<\/a>&#13;\n        <\/p>\n<p>&#13;<br \/>\n                        J&rsquo;accepte&#13;<br \/>\n            J&rsquo;accepte tous les cookies&#13;\n        <\/p>\n<p>Le \u00ab\u00a0NH\u00a0\u00bb a confirm\u00e9 la triste nouvelle ce lundi matin, via un communiqu\u00e9 diffus\u00e9 sur les r\u00e9seaux sociaux\u00a0: \u00ab\u00a0Cette d\u00e9cision met un terme d\u00e9finitif \u00e0 notre combat.\u00a0Engag\u00e9s depuis plusieurs mois dans un processus de redressement sportif et financier, nous avons tout tent\u00e9 pour convaincre, pour f\u00e9d\u00e9rer et pour r\u00e9organiser le club face aux difficult\u00e9s.\u00a0Nous n\u2019y sommes pas parvenus [\u2026] Cet \u00e9chec restera une blessure profonde.\u00a0\u00bb<\/p>\n<p>Et le club de remercier tous les partenaires, supporters, salari\u00e9s, qui y ont cru jusqu\u2019au bout mais qui n\u2019ont plus, aujourd\u2019hui, que leurs yeux pour pleurer. Le communiqu\u00e9 se termine n\u00e9anmoins sur une note d\u2019espoir\u00a0: \u00ab\u00a0Nancy Handball s\u2019\u00e9teint en tant que structure professionnelle.\u00a0Le club laisse derri\u00e8re lui des souvenirs puissants, mais aussi l\u2019amertume d\u2019un projet qui n\u2019a pas surv\u00e9cu.\u00a0Nous souhaitons qu\u2019un club pro puisse rena\u00eetre, se d\u00e9velopper, acc\u00e9der \u00e0 l\u2019\u00e9lite et s\u2019y maintenir.\u00a0\u00bb Une gageure.<\/p>\n","protected":false},"excerpt":{"rendered":"Ce contenu est bloqu\u00e9 car vous n&rsquo;avez pas accept\u00e9 les cookies et autres traceurs. En cliquant sur \u00ab&hellip;\n","protected":false},"author":2,"featured_media":425914,"comment_status":"","ping_status":"","sticky":false,"template":"","format":"standard","meta":{"footnotes":""},"categories":[9635],"tags":[1111,11,1704,1777,674,1701,1011,27,775,1792,1702,13622,1703,12,25,517,1700],"class_list":{"0":"post-425913","1":"post","2":"type-post","3":"status-publish","4":"format-standard","5":"has-post-thumbnail","7":"category-nancy","8":"tag-actu","9":"tag-actualites","10":"tag-edition-nancy-et-agglomeration","11":"tag-eu","12":"tag-europe","13":"tag-fil-info-sport","14":"tag-fr","15":"tag-france","16":"tag-grand-est","17":"tag-handball","18":"tag-nancy","19":"tag-nancy-handball","20":"tag-nancy-ville-54b","21":"tag-news","22":"tag-republique-francaise","23":"tag-sport","24":"tag-sport-lorrain"},"share_on_mastodon":{"url":"https:\/\/pubeurope.com\/@fr\/115287266715032516","error":""},"_links":{"self":[{"href":"https:\/\/www.europesays.com\/fr\/wp-json\/wp\/v2\/posts\/425913","targetHints":{"allow":["GET"]}}],"collection":[{"href":"https:\/\/www.europesays.com\/fr\/wp-json\/wp\/v2\/posts"}],"about":[{"href":"https:\/\/www.europesays.com\/fr\/wp-json\/wp\/v2\/types\/post"}],"author":[{"embeddable":true,"href":"https:\/\/www.europesays.com\/fr\/wp-json\/wp\/v2\/users\/2"}],"replies":[{"embeddable":true,"href":"https:\/\/www.europesays.com\/fr\/wp-json\/wp\/v2\/comments?post=425913"}],"version-history":[{"count":0,"href":"https:\/\/www.europesays.com\/fr\/wp-json\/wp\/v2\/posts\/425913\/revisions"}],"wp:featuredmedia":[{"embeddable":true,"href":"https:\/\/www.europesays.com\/fr\/wp-json\/wp\/v2\/media\/425914"}],"wp:attachment":[{"href":"https:\/\/www.europesays.com\/fr\/wp-json\/wp\/v2\/media?parent=425913"}],"wp:term":[{"taxonomy":"category","embeddable":true,"href":"https:\/\/www.europesays.com\/fr\/wp-json\/wp\/v2\/categories?post=425913"},{"taxonomy":"post_tag","embeddable":true,"href":"https:\/\/www.europesays.com\/fr\/wp-json\/wp\/v2\/tags?post=425913"}],"curies":[{"name":"wp","href":"https:\/\/api.w.org\/{rel}","templated":true}]}}