{"id":425921,"date":"2025-09-29T11:10:11","date_gmt":"2025-09-29T11:10:11","guid":{"rendered":"https:\/\/www.europesays.com\/fr\/425921\/"},"modified":"2025-09-29T11:10:11","modified_gmt":"2025-09-29T11:10:11","slug":"tourisme-en-baisse-de-6-tresoreries-fragiles-et-des-ambitions","status":"publish","type":"post","link":"https:\/\/www.europesays.com\/fr\/425921\/","title":{"rendered":"tourisme en baisse de 6 %, tr\u00e9soreries fragiles et des ambitions"},"content":{"rendered":"<p>            Par<br \/>\n        <strong><br \/>\n            <a href=\"https:\/\/actu.fr\/auteur\/lea-pippinato\" title=\"Consulter tous les articles de L\u00e9a Pippinato\" target=\"_blank\" rel=\"noopener\">L\u00e9a Pippinato<\/a><br \/>\n        <\/strong><\/p>\n<p>        Publi\u00e9 le<\/p>\n<p>            29 sept. 2025 \u00e0 12h54        <\/p>\n<p>Le tourisme a recul\u00e9 de 6 % cet \u00e9t\u00e9, le commerce s\u2019invente de nouveaux usages et l\u2019industrie retient son souffle : la rentr\u00e9e de <a href=\"https:\/\/actu.fr\/occitanie\/montpellier_34172\/la-cci-herault-fait-le-plein-pour-la-rentree-des-reseaux-economiques_63188024.html\" target=\"_blank\" rel=\"noopener\">la Chambre de commerce et d\u2019industrie (CCI) de l\u2019H\u00e9rault<\/a> s\u2019\u00e9crit en clair-obscur. <strong>Ce jeudi 25 septembre 2025<\/strong>, \u00e0 <strong>Mauguio<\/strong>, le pr\u00e9sident Andr\u00e9 Deljarry a dress\u00e9 un \u00e9tat des lieux pr\u00e9cis.\u00a0<\/p>\n<p>    <a href=\"https:\/\/www.google.com\/maps\/embed?pb=!1m18!1m12!1m3!1d2890.3152041469016!2d3.946765976458445!3d43.57915047110565!2m3!1f0!2f0!3f0!3m2!1i1024!2i768!4f13.1!3m3!1m2!1s0x12b6a4d8283aa511%3A0xbcedf037b2558fc!2sCCI%20H%C3%A9rault%20-%20CCI%20Entreprises!5e0!3m2!1sfr!2sfr!4v1758899008793!5m2!1sfr!2sfr\" title=\"Ouvrie le lien\" target=\"_blank\" rel=\"noopener\">Cliquez ici pour visualiser le contenu<\/a><\/p>\n<p class=\" wall-content\">Pas de triomphalisme, mais un constat nuanc\u00e9, entre quelques signaux positifs et une r\u00e9alit\u00e9 plus pr\u00e9occupante. Les tr\u00e9soreries restent sous tension. Les entreprises doivent encore assumer le poids des pr\u00eats garantis par l\u2019\u00c9tat, <a href=\"https:\/\/entreprendre.service-public.fr\/vosdroits\/F35201\" target=\"_blank\" rel=\"noopener\">contract\u00e9s pendant la crise sanitaire<\/a>, dont le remboursement s\u2019\u00e9tendra jusqu\u2019en 2026.<\/p>\n<p>Des secteurs en ordre dispers\u00e9<\/p>\n<p class=\" wall-content\">Dans l\u2019industrie, les carnets de commande se regarnissent timidement, mais restent expos\u00e9s aux incertitudes internationales. Le b\u00e2timent, lui, souffre d\u2019une rar\u00e9faction des commandes publiques. Dans ce climat pr\u00e9\u00e9lectoral, les investissements se font attendre et la fili\u00e8re se retrouve \u00e0 l\u2019arr\u00eat. Le commerce traverse une mutation profonde. \u00ab\u00a0Un commer\u00e7ant ne doit plus faire que du commerce, mais bien plus\u00a0\u00bb, mart\u00e8le Andr\u00e9 Deljarry. Diversification des tabacs en points multi-services, offres hybrides type click &amp; collect, nouveaux usages num\u00e9riques : les mod\u00e8les traditionnels vacillent. Le tourisme, longtemps refuge \u00e9conomique, recule. La saison 2025 enregistre une baisse de fr\u00e9quentation de 6 % par rapport \u00e0 l\u2019an dernier. L\u2019h\u00f4tellerie s\u2019en sort mieux, mais la restauration souffre d\u2019un budget vacances resserr\u00e9.<\/p>\n<blockquote class=\"ac-article-quote wall-content\">\n<p>\u00ab\u00a0Un commer\u00e7ant ne doit plus faire que du commerce, mais bien plus\u00a0\u00bb<\/p>\n<p>    <strong>Andr\u00e9 Deljarry<\/strong><br \/>\n        Pr\u00e9sident de la CCI H\u00e9rault     <\/p><\/blockquote>\n<p class=\" wall-content\">La Chambre veut jouer les \u00ab\u00a0facilitateurs de solutions\u00a0\u00bb. Elle mise sur la formation avec Purple Campus et Montpellier Business School. L\u2019ambition : r\u00e9pondre aux tensions dans l\u2019industrie, les services ou le commerce. \u201cLa formation, la formation, la formation\u201d, r\u00e9p\u00e8te le pr\u00e9sident comme un mantra. Sur le terrain, plusieurs initiatives se d\u00e9ploient. Les \u00ab\u00a0samedis coup de c\u0153ur\u00a0\u00bb, lanc\u00e9s \u00e0 Montpellier, permettent aux commer\u00e7ants d\u2019installer leurs produits devant leurs boutiques. L\u2019exp\u00e9rimentation pourrait s\u2019\u00e9tendre dans tout le d\u00e9partement. <strong>Le 3 octobre<\/strong>, Montpellier accueillera le Visio Commerce : 50 d\u00e9veloppeurs repr\u00e9sentant 82 enseignes viendront sonder le territoire. Des enseignes comme Decathlon City ou le magasin de design danois \u00ab\u00a0S\u00f8strene Grene\u00a0\u00bb, sp\u00e9cialis\u00e9 dans les objets du quotidien, ont d\u00e9j\u00e0 confirm\u00e9 leur implantation.<\/p>\n<p>Vid\u00e9os : en ce moment sur ActuAider les entreprises en d\u00e9tresse<\/p>\n<p class=\" wall-content\">Autre axe prioritaire : l\u2019accompagnement. Avec le Centre d\u2019information et de pr\u00e9vention (CIP), la CCI met en avant un chiffre fort : huit entreprises sur dix trouvent une issue favorable apr\u00e8s avoir franchi la porte du dispositif. Pour briser les freins psychologiques, une web-s\u00e9rie en quatre \u00e9pisodes sera diffus\u00e9e sur YouTube. Objectif : lever les tabous autour des proc\u00e9dures collectives et montrer qu\u2019elles peuvent sauver une activit\u00e9 plut\u00f4t que l\u2019achever. La CCI H\u00e9rault agit localement, mais son avenir d\u00e9pend d\u2019arbitrages nationaux. En quinze ans, le budget global des CCI est pass\u00e9 de 1,2 milliard d\u2019euros \u00e0 600 millions. Une nouvelle coupe de 200 \u00e0 300 millions est programm\u00e9e d\u2019ici 2027.<\/p>\n<p>Votre r\u00e9gion, votre actu !<\/p>\n<p>Recevez chaque jour les infos qui comptent pour vous.<\/p>\n<p>\t<a href=\"https:\/\/actu.fr\/newsletter\" class=\"ac-btn ac-btn--corner ac-btn--medium ac-btn--blue800\" target=\"_blank\" rel=\"noopener\">S&rsquo;incrire<\/a><\/p>\n<p class=\" wall-content\">La ministre de tutelle veut rationaliser. Les rapprochements avec les chambres de m\u00e9tiers sont sur la table, tout comme les mutualisations et les red\u00e9finitions de missions. \u00ab\u00a0Il est clair qu\u2019on nous demande de revoir nos mod\u00e8les. Les transformations sont profondes, nous devons anticiper\u00a0\u00bb, reconna\u00eet Andr\u00e9 Deljarry. Cons\u00e9quence directe : les \u00e9lections consulaires, initialement pr\u00e9vues en 2026, pourraient \u00eatre report\u00e9es \u00e0 2028. Une transition de deux ans, dict\u00e9e par la n\u00e9cessit\u00e9 de r\u00e9organiser le r\u00e9seau et d\u2019\u00e9viter la concurrence avec les scrutins pr\u00e9sidentiel et l\u00e9gislatif.<\/p>\n<blockquote class=\"ac-article-quote wall-content\">\n<p>\u00ab\u00a0Il est clair qu\u2019on nous demande de revoir nos mod\u00e8les. Les transformations sont profondes, nous devons anticiper\u00a0\u00bb<\/p>\n<p>    <strong>Andr\u00e9 Deljarry<\/strong><br \/>\n        Pr\u00e9sident de la CCI H\u00e9rault     <\/p><\/blockquote>\n<p class=\" wall-content\">La rentr\u00e9e de la CCI H\u00e9rault n\u2019a rien d\u2019un simple exercice institutionnel. Elle marque le d\u00e9part d\u2019une course de fond. Tenir jusqu\u2019en 2026 malgr\u00e9 les PGE, s\u2019adapter aux bouleversements structurels, pr\u00e9parer une r\u00e9forme nationale lourde de cons\u00e9quences.<\/p>\n<p class=\" wall-content\">Personnalisez votre actualit\u00e9 en ajoutant vos villes et m\u00e9dias en favori avec <a href=\"https:\/\/moncompte.actu.fr\" title=\"D\u00e9couvez Mon Actu\" rel=\"nofollow noopener\" data-trk=\"{&quot;cta&quot;:{&quot;action&quot;:&quot;https:\\\/\\\/moncompte.actu.fr&quot;,&quot;category&quot;:&quot;mon compte&quot;,&quot;from&quot;:&quot;article footer&quot;,&quot;name&quot;:&quot;Mon actu&quot;,&quot;type&quot;:&quot;cta&quot;}}\" target=\"_blank\">Mon Actu<\/a>.<\/p>\n","protected":false},"excerpt":{"rendered":"Par L\u00e9a Pippinato Publi\u00e9 le 29 sept. 2025 \u00e0 12h54 Le tourisme a recul\u00e9 de 6 % cet&hellip;\n","protected":false},"author":2,"featured_media":425922,"comment_status":"","ping_status":"","sticky":false,"template":"","format":"standard","meta":{"footnotes":""},"categories":[9599],"tags":[1111,11,1261,215,33,2855,1777,674,1011,27,2208,12,2680,25],"class_list":{"0":"post-425921","1":"post","2":"type-post","3":"status-publish","4":"format-standard","5":"has-post-thumbnail","7":"category-montpellier","8":"tag-actu","9":"tag-actualites","10":"tag-argent","11":"tag-commerce","12":"tag-economie","13":"tag-entrepreneuriat","14":"tag-eu","15":"tag-europe","16":"tag-fr","17":"tag-france","18":"tag-montpellier","19":"tag-news","20":"tag-occitanie","21":"tag-republique-francaise"},"share_on_mastodon":{"url":"https:\/\/pubeurope.com\/@fr\/115287282340399558","error":""},"_links":{"self":[{"href":"https:\/\/www.europesays.com\/fr\/wp-json\/wp\/v2\/posts\/425921","targetHints":{"allow":["GET"]}}],"collection":[{"href":"https:\/\/www.europesays.com\/fr\/wp-json\/wp\/v2\/posts"}],"about":[{"href":"https:\/\/www.europesays.com\/fr\/wp-json\/wp\/v2\/types\/post"}],"author":[{"embeddable":true,"href":"https:\/\/www.europesays.com\/fr\/wp-json\/wp\/v2\/users\/2"}],"replies":[{"embeddable":true,"href":"https:\/\/www.europesays.com\/fr\/wp-json\/wp\/v2\/comments?post=425921"}],"version-history":[{"count":0,"href":"https:\/\/www.europesays.com\/fr\/wp-json\/wp\/v2\/posts\/425921\/revisions"}],"wp:featuredmedia":[{"embeddable":true,"href":"https:\/\/www.europesays.com\/fr\/wp-json\/wp\/v2\/media\/425922"}],"wp:attachment":[{"href":"https:\/\/www.europesays.com\/fr\/wp-json\/wp\/v2\/media?parent=425921"}],"wp:term":[{"taxonomy":"category","embeddable":true,"href":"https:\/\/www.europesays.com\/fr\/wp-json\/wp\/v2\/categories?post=425921"},{"taxonomy":"post_tag","embeddable":true,"href":"https:\/\/www.europesays.com\/fr\/wp-json\/wp\/v2\/tags?post=425921"}],"curies":[{"name":"wp","href":"https:\/\/api.w.org\/{rel}","templated":true}]}}