{"id":425923,"date":"2025-09-29T11:12:13","date_gmt":"2025-09-29T11:12:13","guid":{"rendered":"https:\/\/www.europesays.com\/fr\/425923\/"},"modified":"2025-09-29T11:12:13","modified_gmt":"2025-09-29T11:12:13","slug":"une-nouvelle-recompense-pour-cet-emblematique-restaurant-de-rouen","status":"publish","type":"post","link":"https:\/\/www.europesays.com\/fr\/425923\/","title":{"rendered":"une nouvelle r\u00e9compense pour cet embl\u00e9matique restaurant de Rouen"},"content":{"rendered":"<p>            Par<br \/>\n        <strong><br \/>\n            <a href=\"https:\/\/actu.fr\/auteur\/thomas-rideau\" title=\"Consulter tous les articles de Thomas Rideau\" rel=\"nofollow noopener\" target=\"_blank\">Thomas Rideau<\/a><br \/>\n        <\/strong><\/p>\n<p>        Publi\u00e9 le<\/p>\n<p>            29 sept. 2025 \u00e0 13h08        <\/p>\n<p>Nouvelle r\u00e9compense pour un restaurant de <a href=\"https:\/\/actu.fr\/normandie\/rouen_76540\" rel=\"nofollow noopener\" target=\"_blank\">Rouen (Seine-Maritime)<\/a>. Ce lundi 29\u00a0septembre 2025, c\u2019est <strong>le Veau d\u2019Or<\/strong> qui est distingu\u00e9 par le c\u00e9l\u00e8bre guide du <strong>Gault et Millau<\/strong>.<\/p>\n<p class=\" wall-content\">Et cette ann\u00e9e, le restaurant, notamment c\u00e9l\u00e8bre pour ses petits d\u00e9jeuners aux tripes, f\u00eate ni plus ni moins que <a href=\"https:\/\/actu.fr\/normandie\/rouen_76540\/quels-sont-les-plus-vieux-restaurants-de-rouen-toujours-en-activite_61034151.html\" rel=\"nofollow noopener\" target=\"_blank\">son 77e anniversaire<\/a>\u2009! Et comme cadeau, le Veau d\u2019Or d\u00e9j\u00e0 laur\u00e9at d\u2019une toque du Gault et Millau se voit r\u00e9compens\u00e9 dans la cat\u00e9gorie \u00ab\u2009cuisine des prairies et des p\u00e2turages\u2009\u00bb.<\/p>\n<p>Stanislas Bretagne r\u00e9compens\u00e9<\/p>\n<p class=\" wall-content\">C\u2019est pr\u00e9cis\u00e9ment le chef, <strong>Stanislas Bretagne<\/strong>, cuisinier au Veau d\u2019or depuis 23 ans qui est r\u00e9compens\u00e9 par le guide. Cette appellation de \u00ab\u2009cuisine des prairies et des p\u00e2turages\u2009\u00bb r\u00e9compense les restaurateurs qui mettent en valeur les aliments et les producteurs locaux de la r\u00e9gion.<\/p>\n<p>Le Veau d\u2019Or, 3 Rue Desseaux, \u00e0 Rouen<\/p>\n<p>Suivez l\u2019actualit\u00e9 de Rouen <a href=\"https:\/\/www.whatsapp.com\/channel\/0029VaKfnf99hXF2ddApFB1D\" rel=\"nofollow noopener\" target=\"_blank\">sur notre cha\u00eene WhatsApp<\/a> et <a href=\"https:\/\/www.tiktok.com\/@76actu.fr?lang=fr\" rel=\"nofollow noopener\" target=\"_blank\">sur notre compte TikTok<\/a><\/p>\n<p class=\" wall-content\">Personnalisez votre actualit\u00e9 en ajoutant vos villes et m\u00e9dias en favori avec <a href=\"https:\/\/moncompte.actu.fr\" title=\"D\u00e9couvez Mon Actu\" rel=\"nofollow noopener\" data-trk=\"{&quot;cta&quot;:{&quot;action&quot;:&quot;https:\\\/\\\/moncompte.actu.fr&quot;,&quot;category&quot;:&quot;mon compte&quot;,&quot;from&quot;:&quot;article footer&quot;,&quot;name&quot;:&quot;Mon actu&quot;,&quot;type&quot;:&quot;cta&quot;}}\" target=\"_blank\">Mon Actu<\/a>.<\/p>\n<p>                    <script async src=\"\/\/www.tiktok.com\/embed.js\"><\/script><\/p>\n","protected":false},"excerpt":{"rendered":"Par Thomas Rideau Publi\u00e9 le 29 sept. 2025 \u00e0 13h08 Nouvelle r\u00e9compense pour un restaurant de Rouen (Seine-Maritime).&hellip;\n","protected":false},"author":2,"featured_media":425924,"comment_status":"","ping_status":"","sticky":false,"template":"","format":"standard","meta":{"footnotes":""},"categories":[9587],"tags":[1111,11,9086,1777,674,1011,27,1652,12,5161,25,1340,9590],"class_list":{"0":"post-425923","1":"post","2":"type-post","3":"status-publish","4":"format-standard","5":"has-post-thumbnail","7":"category-rouen","8":"tag-actu","9":"tag-actualites","10":"tag-bon-plan-a-rouen","11":"tag-eu","12":"tag-europe","13":"tag-fr","14":"tag-france","15":"tag-loisirs-culture","16":"tag-news","17":"tag-normandie","18":"tag-republique-francaise","19":"tag-restaurant","20":"tag-rouen"},"share_on_mastodon":{"url":"https:\/\/pubeurope.com\/@fr\/115287290316335012","error":""},"_links":{"self":[{"href":"https:\/\/www.europesays.com\/fr\/wp-json\/wp\/v2\/posts\/425923","targetHints":{"allow":["GET"]}}],"collection":[{"href":"https:\/\/www.europesays.com\/fr\/wp-json\/wp\/v2\/posts"}],"about":[{"href":"https:\/\/www.europesays.com\/fr\/wp-json\/wp\/v2\/types\/post"}],"author":[{"embeddable":true,"href":"https:\/\/www.europesays.com\/fr\/wp-json\/wp\/v2\/users\/2"}],"replies":[{"embeddable":true,"href":"https:\/\/www.europesays.com\/fr\/wp-json\/wp\/v2\/comments?post=425923"}],"version-history":[{"count":0,"href":"https:\/\/www.europesays.com\/fr\/wp-json\/wp\/v2\/posts\/425923\/revisions"}],"wp:featuredmedia":[{"embeddable":true,"href":"https:\/\/www.europesays.com\/fr\/wp-json\/wp\/v2\/media\/425924"}],"wp:attachment":[{"href":"https:\/\/www.europesays.com\/fr\/wp-json\/wp\/v2\/media?parent=425923"}],"wp:term":[{"taxonomy":"category","embeddable":true,"href":"https:\/\/www.europesays.com\/fr\/wp-json\/wp\/v2\/categories?post=425923"},{"taxonomy":"post_tag","embeddable":true,"href":"https:\/\/www.europesays.com\/fr\/wp-json\/wp\/v2\/tags?post=425923"}],"curies":[{"name":"wp","href":"https:\/\/api.w.org\/{rel}","templated":true}]}}