{"id":425927,"date":"2025-09-29T11:14:54","date_gmt":"2025-09-29T11:14:54","guid":{"rendered":"https:\/\/www.europesays.com\/fr\/425927\/"},"modified":"2025-09-29T11:14:54","modified_gmt":"2025-09-29T11:14:54","slug":"mort-de-leglise-st-luc-a-lile-verte-lopposition-saisit-le-maire","status":"publish","type":"post","link":"https:\/\/www.europesays.com\/fr\/425927\/","title":{"rendered":"MORT DE L&rsquo;\u00c9GLISE ST LUC \u00c0 L&rsquo;ILE VERTE : L&rsquo;OPPOSITION SAISIT LE MAIRE"},"content":{"rendered":"<p>Posted On 29 septembre 2025 <\/p>\n<p style=\"text-align: justify;\">\u00ab\u00a0\u00c9difi\u00e9 en 1967, apr\u00e8s le don d\u2019un terrain au dioc\u00e8se, cet \u00e9difice surprend autant qu\u2019il fascine\u00a0\u00bb \u00e9crivait Cl\u00e9ment Berthet (DL du 13\/9\/25) \u00e0 propos de l&rsquo;\u00e9glise St-Luc, place du Dr Girard, \u00e0 l&rsquo;Ile Verte. La mort dans l&rsquo;\u00e2me le Dioc\u00e8se s&rsquo;est r\u00e9solu \u00e0 la vendre. \u00ab On ne le fait pas de ga\u00eet\u00e9 de c\u0153ur. Nous sommes meurtris et on a bien conscience de d\u00e9stabiliser la vie de la communaut\u00e9 \u00bb a comment\u00e9 le p\u00e8re Emmanuel Decaux, vicaire g\u00e9n\u00e9ral.\u00a0<\/p>\n<p style=\"text-align: justify;\">Mais alors que par le biais de l&rsquo;Etablissement Foncier (EPFL) la municipalit\u00e9 pr\u00e9empte tout ce qui bouge, elle demeure immobile sur ce dossier.<\/p>\n<p><a href=\"https:\/\/grenoble-le-changement.fr\/wp-content\/uploads\/2025\/09\/Capture-de\u0301cran-2025-09-28-a\u0300-10.33.08.png\" rel=\"lightbox[85064] noopener\" target=\"_blank\"><img decoding=\"async\" src=\"https:\/\/grenoble-le-changement.fr\/wp-content\/uploads\/2025\/09\/Capture-de\u0301cran-2025-09-28-a\u0300-10.33.08-1024x628.png\" alt=\"\" class=\"wp-image-85066 jetpack-lazy-image\" data-lazy-src=\"https:\/\/www.europesays.com\/fr\/wp-content\/uploads\/2025\/09\/Capture-de\u0301cran-2025-09-28-a\u0300-10.33.08-1024x628.png\" \/><\/a>L&rsquo;\u00e9glise St Luc \u00e0 l&rsquo;Ile Verte, un des deux seuls \u00e9difices de ce genre en France <\/p>\n<p><strong>L&rsquo;\u00c9GLISE COMPTE PARMI LES SP\u00c9CIFICIT\u00c9S DE LA VILLE<\/strong><\/p>\n<p style=\"text-align: justify;\">L&rsquo;\u00e9glise St Luc fait partie de l&rsquo;\u00e8re olympique de la ville, elle a \u00e9t\u00e9 \u00e9difi\u00e9e en 1967, apr\u00e8s le don d\u2019un terrain au dioc\u00e8se. Elle compte parmi les originalit\u00e9s et les sp\u00e9cificit\u00e9s de Grenoble puisque, seule Paris, b\u00e9n\u00e9ficie aussi d&rsquo;une construction de ce type dans un immeuble. Elle appartient donc \u00e0 l&rsquo;histoire et au patrimoine de la ville.\u00a0<\/p>\n<p style=\"text-align: justify;\"><strong>LA VILLE A D\u00c9JA PERDU L&rsquo;\u00c9GLISE ST JACQUES INCENDI\u00c9E PAR L&rsquo;EXTR\u00caME GAUCHE<\/strong><\/p>\n<p style=\"text-align: justify;\">Une centaine de grenoblois s&rsquo;\u00e9taient mobilis\u00e9s pour la d\u00e9fendre. Certes le nombre de fid\u00e8le se r\u00e9duit et le Dioc\u00e8se doit r\u00e9duire aussi sa voilure. Mais la ville a d\u00e9j\u00e0 perdu l&rsquo;\u00e9glise St Jacques au c\u0153ur du quartier de la Capuche, incendi\u00e9e par l&rsquo;ultra-gauche qui a revendiqu\u00e9 sa destruction. L\u00e0-bas aussi, rue de Chamrousse, il ne reste pas de trace, pas de plaque, pas de comm\u00e9moration de ce forfait\u00a0 intol\u00e9rable. L&rsquo;effacement du Grenoble chr\u00e9tien s&rsquo;effectue par tous les bouts.\u00a0<\/p>\n<p style=\"text-align: justify;\"><strong>ALAIN CARIGNON DEMANDE UNE SOLUTION POUR \u00ab\u00a0CET \u00c9DIFICE ORIGINAL\u00a0\u00bb<\/strong>\u00a0<\/p>\n<p style=\"text-align: justify;\">Alain Carignon portera aussi cette question aujourd&rsquo;hui au Conseil Municipal de Grenoble. Par l&rsquo;interm\u00e9diaire d&rsquo;un v\u0153u il interrogera la majorit\u00e9 municipale. Demandant de rechercher entre la ville, la M\u00e9tropole et le dioc\u00e8se \u00ab\u00a0une solution permettant \u00e0 cet \u00e9difice original, de demeurer un bien commun au service du quartier et des Grenoblois dans l\u2019esprit de son histoire\u00a0\u00bb\u00a0<\/p>\n<p><img decoding=\"async\" data-id=\"71807\" src=\"https:\/\/grenoble-le-changement.fr\/wp-content\/uploads\/2024\/02\/incendie-e\u0301glise-St-Jacques-.png\" alt=\"\" class=\"wp-image-71807 jetpack-lazy-image\" data-lazy-src=\"https:\/\/www.europesays.com\/fr\/wp-content\/uploads\/2025\/09\/incendie-e\u0301glise-St-Jacques-.png\" \/><br \/>\nLa disparition de l&rsquo;\u00e9glise St Jacques, quartier de la Capuche, lors d&rsquo;un incendie revendiqu\u00e9 par l&rsquo;extr\u00eame gauche ne laisse pas de trace non plus <\/p>\n<p><strong>L&rsquo;EPFL, L&rsquo;OUTIL FONCIER EST L\u00c0 POUR CES SUJETS <\/strong><\/p>\n<p style=\"text-align: justify;\">Il suffit d&rsquo;actionner l&rsquo;outil foncier pour pr\u00e9server l&rsquo;avenir, ce que la municipalit\u00e9 fait en de nombreuses circonstances sans connaitre la destination de ses acquisitions comme on le voit avec des villas o\u00f9 des terrains acquis qui demeurent vides des ann\u00e9es ou changent de destination : rue Argouges la collectivit\u00e9 a acquis une villa avec des tr\u00e9molos pour expliquer qu&rsquo;il s&rsquo;agissait de loger des familles en difficult\u00e9, alors qu&rsquo;elle la transforme en&#8230; parking pour accompagner son op\u00e9ration de logements \u00e0 l&rsquo;Abbaye !\u00a0<\/p>\n<p style=\"text-align: justify;\"><strong>DES PALETTES DE BOIS ONT REMPLAC\u00c9 LE STATIONNEMENT<\/strong><\/p>\n<p style=\"text-align: justify;\">Place Dr Girard, \u00e0 L&rsquo;Ile Verte, la municipalit\u00e9 vient de conduire en parall\u00e8le une op\u00e9ration d&rsquo;\u00e9radication du stationnement en installant entre le tram et la place un \u00e9l\u00e9gant (!) assemblage de planches de bois cens\u00e9 permettre aux enfants de jouer au milieu de la circulation et du bruit. Les habitants &#8211; dont de nombreuses personnes \u00e2g\u00e9es &#8211; et les usagers des services voisins sont \u00e0 nouveau p\u00e9nalis\u00e9s. Au fur et \u00e0 mesure la municipalit\u00e9 <a href=\"https:\/\/grenoble-le-changement.fr\/2021\/12\/10\/ile-verte-les-khmers-verts-ont-encore-frappe\/\" target=\"_blank\" rel=\"noopener\">veut chasser un type d&rsquo;habitant qui ne lui convient pas<\/a>. Elle a d\u00e9fini un profil homog\u00e8ne de grenoblois qui doivent occuper la ville. En r\u00e9alit\u00e9 l&rsquo;objectif est de n&rsquo;accueillir que ses \u00e9lecteurs.\u00a0<\/p>\n<p><a href=\"https:\/\/grenoble-le-changement.fr\/wp-content\/uploads\/2025\/09\/Capture-de\u0301cran-2025-09-28-a\u0300-13.37.03.png\" rel=\"lightbox[85064] noopener\" target=\"_blank\"><img decoding=\"async\" data-id=\"85068\" src=\"https:\/\/grenoble-le-changement.fr\/wp-content\/uploads\/2025\/09\/Capture-de\u0301cran-2025-09-28-a\u0300-13.37.03-1024x773.png\" alt=\"\" class=\"wp-image-85068 jetpack-lazy-image\" data-lazy-src=\"https:\/\/www.europesays.com\/fr\/wp-content\/uploads\/2025\/09\/Capture-de\u0301cran-2025-09-28-a\u0300-13.37.03-1024x773.png\" \/><\/a><\/p>\n<p><a href=\"https:\/\/grenoble-le-changement.fr\/wp-content\/uploads\/2025\/09\/Capture-de\u0301cran-2025-09-28-a\u0300-13.37.27.png\" rel=\"lightbox[85064] noopener\" target=\"_blank\"><img decoding=\"async\" data-id=\"85069\" src=\"https:\/\/grenoble-le-changement.fr\/wp-content\/uploads\/2025\/09\/Capture-de\u0301cran-2025-09-28-a\u0300-13.37.27-775x1024.png\" alt=\"\" class=\"wp-image-85069 jetpack-lazy-image\" data-lazy-src=\"https:\/\/grenoble-le-changement.fr\/wp-content\/uploads\/2025\/09\/Capture-de\u0301cran-2025-09-28-a\u0300-13.37.27-775x1024.png?is-pending-load=1\" \/><\/a><br \/>\nPlace Dr Girard, pour \u00e9radiquer le stationnement, cet \u00e9l\u00e9gant assemblage de planches imagin\u00e9 par Gilles Namur, Adjoint ( Verts\/LFI) si attentif \u00e0 l&rsquo;esth\u00e9tique de la ville, dont une partie va devenir une poubelle \u00e0 ciel ouvert &#8230;<\/p>\n<p><strong>L&rsquo;ILE VERTE B\u00c9TONN\u00c9E&#8230;.<\/strong><\/p>\n<p style=\"text-align: justify;\">En parall\u00e8le, <a href=\"https:\/\/grenoble-le-changement.fr\/2023\/04\/26\/ile-verte-les-terrasses-dun-immeuble-hlm-recent-menacent-de-seffondrer\/\" target=\"_blank\" rel=\"noopener\">le secteur Blanche Monnier<\/a> a \u00e9t\u00e9 massivement densifi\u00e9, les villas avec jardin chass\u00e9es une \u00e0 une avec la perte du soleil et de la vue sur les montagnes. On a bien vu fleurir sur les palissades de chantier \u00ab\u00a0non au nouvel ilot de chaleur\u00a0\u00bb mais la municipalit\u00e9 <a href=\"https:\/\/grenoble-le-changement.fr\/2021\/10\/13\/lile-verte-voudrait-rester-verte\/\" target=\"_blank\" rel=\"noopener\">a poursuivi son stakhanovisme b\u00e9tonnier<\/a>.<\/p>\n<p style=\"text-align: justify;\">Elle ne s&rsquo;est pas priv\u00e9e non plus <a href=\"https:\/\/grenoble-le-changement.fr\/2023\/12\/22\/les-peupliers-sont-abattus-a-lile-verte\/\" target=\"_blank\" rel=\"noopener\">d&rsquo;abattre les peupliers de la rue Aimon de Chiss\u00e9e<\/a> avant de voter vendredi \u00e0 la M\u00e9tropole un nouveau plan d&rsquo;urbanisme qui interdit &#8230; l&rsquo;abattage des arbres de plus de 7 m\u00e8tres ! Ces Tartuffes <a href=\"https:\/\/grenoble-le-changement.fr\/2021\/04\/13\/ile-verte-la-tartufferie-municipale\/\" target=\"_blank\" rel=\"noopener\">le sont bien \u00e0 chaque angle de rue.<\/a><\/p>\n<p style=\"text-align: justify;\">Demeure <a href=\"https:\/\/grenoble-le-changement.fr\/2025\/03\/06\/betonnage-de-grenoble-lile-verte-resiste\/\" target=\"_blank\" rel=\"noopener\">partiellement prot\u00e9g\u00e9e la partie<\/a> sise entre l&rsquo;avenue Mar\u00e9chal Randon et le quai Jongkind, o\u00f9, co\u00efncidence, logent des pontes importants de la municipalit\u00e9 et de l&rsquo;Ades.\u00a0<\/p>\n<p style=\"text-align: justify;\"><strong>&#8230; PERD SA SP\u00c9CIFICIT\u00c9 VERTE<\/strong><\/p>\n<p style=\"text-align: justify;\">Le quartier de l&rsquo;Ile Verte est en train de perdre sa sp\u00e9cificit\u00e9 \u00ab\u00a0verte\u00a0\u00bb justement, et aussi sa m\u00e9moire vivante avec la disparition de l&rsquo;\u00e9glise St Luc. Il est encore temps d&rsquo;agir pour cette derni\u00e8re par l&rsquo;intervention publique afin que tout ne s&rsquo;efface pas. L&rsquo;\u00e9glise St Luc pourrait demeurer un lieu public qui conserverait l&rsquo;histoire de la ville et du quartier, un bien commun qui ne disparaitrait pas. Puisse le groupe d&rsquo;opposition \u00eatre entendu \u00e0 ce sujet.<\/p>\n","protected":false},"excerpt":{"rendered":"Posted On 29 septembre 2025 \u00ab\u00a0\u00c9difi\u00e9 en 1967, apr\u00e8s le don d\u2019un terrain au dioc\u00e8se, cet \u00e9difice surprend&hellip;\n","protected":false},"author":2,"featured_media":425928,"comment_status":"","ping_status":"","sticky":false,"template":"","format":"standard","meta":{"footnotes":""},"categories":[9566],"tags":[1111,11,10127,9601,2430,29502,55479,55480,1777,674,1011,27,10230,2731,12,25],"class_list":{"0":"post-425927","1":"post","2":"type-post","3":"status-publish","4":"format-standard","5":"has-post-thumbnail","7":"category-grenoble","8":"tag-actu","9":"tag-actualites","10":"tag-ades","11":"tag-alain-carignon","12":"tag-auvergne-rhone-alpes","13":"tag-clement-berthet","14":"tag-eglise-st-luc","15":"tag-emmanuel-decaux","16":"tag-eu","17":"tag-europe","18":"tag-fr","19":"tag-france","20":"tag-gilles-namur","21":"tag-grenoble","22":"tag-news","23":"tag-republique-francaise"},"share_on_mastodon":{"url":"https:\/\/pubeurope.com\/@fr\/115287302630593856","error":""},"_links":{"self":[{"href":"https:\/\/www.europesays.com\/fr\/wp-json\/wp\/v2\/posts\/425927","targetHints":{"allow":["GET"]}}],"collection":[{"href":"https:\/\/www.europesays.com\/fr\/wp-json\/wp\/v2\/posts"}],"about":[{"href":"https:\/\/www.europesays.com\/fr\/wp-json\/wp\/v2\/types\/post"}],"author":[{"embeddable":true,"href":"https:\/\/www.europesays.com\/fr\/wp-json\/wp\/v2\/users\/2"}],"replies":[{"embeddable":true,"href":"https:\/\/www.europesays.com\/fr\/wp-json\/wp\/v2\/comments?post=425927"}],"version-history":[{"count":0,"href":"https:\/\/www.europesays.com\/fr\/wp-json\/wp\/v2\/posts\/425927\/revisions"}],"wp:featuredmedia":[{"embeddable":true,"href":"https:\/\/www.europesays.com\/fr\/wp-json\/wp\/v2\/media\/425928"}],"wp:attachment":[{"href":"https:\/\/www.europesays.com\/fr\/wp-json\/wp\/v2\/media?parent=425927"}],"wp:term":[{"taxonomy":"category","embeddable":true,"href":"https:\/\/www.europesays.com\/fr\/wp-json\/wp\/v2\/categories?post=425927"},{"taxonomy":"post_tag","embeddable":true,"href":"https:\/\/www.europesays.com\/fr\/wp-json\/wp\/v2\/tags?post=425927"}],"curies":[{"name":"wp","href":"https:\/\/api.w.org\/{rel}","templated":true}]}}