{"id":425931,"date":"2025-09-29T11:17:10","date_gmt":"2025-09-29T11:17:10","guid":{"rendered":"https:\/\/www.europesays.com\/fr\/425931\/"},"modified":"2025-09-29T11:17:10","modified_gmt":"2025-09-29T11:17:10","slug":"si-on-commence-a-sen-prendre-aux-librairies-cest-vraiment-grave-ce-commerce-historique-de-rennes-saccage-pendant-la-nuit","status":"publish","type":"post","link":"https:\/\/www.europesays.com\/fr\/425931\/","title":{"rendered":"\u00ab\u00a0Si on commence \u00e0 s\u2019en prendre aux librairies, c\u2019est vraiment grave\u00a0\u00bb\u00a0: ce commerce historique de Rennes saccag\u00e9 pendant la nuit"},"content":{"rendered":"<p>Dans la nuit du dimanche 28 au lundi 29 septembre, <a href=\"https:\/\/www.letelegramme.fr\/ille-et-vilaine\/rennes-35000\/a-rennes-la-librairie-le-failler-s-agrandit-4059035.php\" target=\"_blank\" rel=\"nofollow noopener\">la librairie Le Failler<\/a> \u00e0 Rennes a \u00e9t\u00e9 la cible de d\u00e9gradations. \u00ab Une des vitrines a \u00e9t\u00e9 saccag\u00e9e. Une employ\u00e9e a d\u00e9couvert la vitrine ce matin vers 8 h, rapporte Dominique Fredj, propri\u00e9taire de la librairie install\u00e9e rue Saint-Georges. Il y avait dix impacts. Un potelet m\u00e9tallique a d\u00fb servir \u00e0 marteler la vitre. \u00bb Des scolaires devaient \u00eatre accueillis ce matin.<\/p>\n<p>\u00ab C\u2019est vraiment grave \u00bb<\/p>\n<p>\u00ab C\u2019est la deuxi\u00e8me fois que \u00e7a nous arrive \u00bb, d\u00e9plore le g\u00e9rant. Pendant la Marche des fiert\u00e9s, la boutique s\u2019\u00e9tait associ\u00e9e \u00e0 l\u2019\u00e9v\u00e9nement, mais des banderoles avaient \u00e9t\u00e9 arrach\u00e9es. \u00ab La vitrine n\u2019avait pas \u00e9t\u00e9 d\u00e9truite comme \u00e7a. \u00bb Dans cette seconde attaque, Dominique Fredj voit une atteinte \u00e0 la libert\u00e9 d\u2019expression. \u00ab Si on commence \u00e0 s\u2019en prendre aux librairies, c\u2019est vraiment grave. \u00bb Derri\u00e8re la vitrine, se trouvaient seulement des polars, des BD et des ouvrages de l\u2019auteur Dan Brown.<\/p>\n<p>Pour l\u2019instant, le montant du pr\u00e9judice n\u2019a pas \u00e9t\u00e9 \u00e9valu\u00e9 et une plainte va \u00eatre d\u00e9pos\u00e9e dans les heures \u00e0 venir. Dans la rue, le commerce a \u00e9t\u00e9 le seul cibl\u00e9.<\/p>\n","protected":false},"excerpt":{"rendered":"Dans la nuit du dimanche 28 au lundi 29 septembre, la librairie Le Failler \u00e0 Rennes a \u00e9t\u00e9&hellip;\n","protected":false},"author":2,"featured_media":425932,"comment_status":"","ping_status":"","sticky":false,"template":"","format":"standard","meta":{"footnotes":""},"categories":[2821],"tags":[1111,11,829,1777,674,3383,1011,27,848,12,584,25],"class_list":{"0":"post-425931","1":"post","2":"type-post","3":"status-publish","4":"format-standard","5":"has-post-thumbnail","7":"category-rennes","8":"tag-actu","9":"tag-actualites","10":"tag-bretagne","11":"tag-eu","12":"tag-europe","13":"tag-faits-divers-a-rennes","14":"tag-fr","15":"tag-france","16":"tag-ille-et-vilaine","17":"tag-news","18":"tag-rennes","19":"tag-republique-francaise"},"share_on_mastodon":{"url":"","error":""},"_links":{"self":[{"href":"https:\/\/www.europesays.com\/fr\/wp-json\/wp\/v2\/posts\/425931","targetHints":{"allow":["GET"]}}],"collection":[{"href":"https:\/\/www.europesays.com\/fr\/wp-json\/wp\/v2\/posts"}],"about":[{"href":"https:\/\/www.europesays.com\/fr\/wp-json\/wp\/v2\/types\/post"}],"author":[{"embeddable":true,"href":"https:\/\/www.europesays.com\/fr\/wp-json\/wp\/v2\/users\/2"}],"replies":[{"embeddable":true,"href":"https:\/\/www.europesays.com\/fr\/wp-json\/wp\/v2\/comments?post=425931"}],"version-history":[{"count":0,"href":"https:\/\/www.europesays.com\/fr\/wp-json\/wp\/v2\/posts\/425931\/revisions"}],"wp:featuredmedia":[{"embeddable":true,"href":"https:\/\/www.europesays.com\/fr\/wp-json\/wp\/v2\/media\/425932"}],"wp:attachment":[{"href":"https:\/\/www.europesays.com\/fr\/wp-json\/wp\/v2\/media?parent=425931"}],"wp:term":[{"taxonomy":"category","embeddable":true,"href":"https:\/\/www.europesays.com\/fr\/wp-json\/wp\/v2\/categories?post=425931"},{"taxonomy":"post_tag","embeddable":true,"href":"https:\/\/www.europesays.com\/fr\/wp-json\/wp\/v2\/tags?post=425931"}],"curies":[{"name":"wp","href":"https:\/\/api.w.org\/{rel}","templated":true}]}}