{"id":425941,"date":"2025-09-29T11:22:32","date_gmt":"2025-09-29T11:22:32","guid":{"rendered":"https:\/\/www.europesays.com\/fr\/425941\/"},"modified":"2025-09-29T11:22:32","modified_gmt":"2025-09-29T11:22:32","slug":"pour-la-diversite-du-metier-ils-encouragent-a-devenir-policier-adjoint-2","status":"publish","type":"post","link":"https:\/\/www.europesays.com\/fr\/425941\/","title":{"rendered":"Pour la \u00ab\u00a0diversit\u00e9 du m\u00e9tier\u00a0\u00bb, ils encouragent \u00e0 devenir policier adjoint"},"content":{"rendered":"<p>Une nouvelle promotion de policiers adjoints est attendue dans la m\u00e9tropole nantaise, notamment pour compenser ceux qui franchissent le pas de l\u2019entr\u00e9e dans la maison avec le concours de gardien de la paix. L\u2019inscription est ouverte jusqu\u2019au 1er\u00a0octobre sur le site <a href=\"https:\/\/www.police-nationale.interieur.gouv.fr\/nous-rejoindre\/nos-voies-dacces\/devenir-policier\/off\/ext?esl-k=GOOGLE%7Cng%7Cc751699450700%7Cm%7Ck%7Cp%7Ct%7Cdc%7Ca187934061828%7Cg22547818772&amp;gclsrc=aw.ds&amp;gad_source=1&amp;gad_campaignid=22547818772&amp;gbraid=0AAAAA9xJqoN6Ss_tIgnqSNLsdoagvWPhQ&amp;gclid=Cj0KCQjw0NPGBhCDARIsAGAzpp3L_YjcVIJwdGxrNr1p-Araz9oKSJl6mA1qMU6kD9lwJztEL5FJjFsaAvl5EALw_wcB\" target=\"_blank\" rel=\"noopener\">devenir-policier.fr<\/a>, premi\u00e8re \u00e9tape du parcours vers un poste de policier adjoint. Les conditions\u00a0: \u00eatre de nationalit\u00e9 fran\u00e7aise, \u00eatre \u00e2g\u00e9 de 18 \u00e0 30\u00a0ans, avoir un casier judiciaire vierge.<\/p>\n<p>\u00abPour la diversit\u00e9 des missions et pour l\u2019aspect sportif\u00bb<\/p>\n<p>Et \u00eatre motiv\u00e9, ce qui doit \u00eatre expliqu\u00e9 dans un petit texte, comme l\u2019ont fait Lunel et Damien il y a tout juste deux ans. Comment d\u00e9cide-t-on de devenir policier lorsqu\u2019on vient d\u2019avoir 18\u00a0ans\u00a0? <strong>\u00ab\u00a0Apr\u00e8s le bac, j\u2019ai fait une pr\u00e9pa optique mais dans ma t\u00eate je voulais entrer dans la police. Pour la diversit\u00e9 des missions, pour l\u2019aspect physique et sportif aussi\u00a0\u00bb,<\/strong> explique la jeune femme, en poste depuis son entr\u00e9e dans la brigade sp\u00e9ciale de terrain, \u00e0 Saint-S\u00e9bastien-sur-Loire (Loire-Atlantique).<\/p>\n<p>Damien, 24\u00a0ans, avait fait plusieurs boulots apr\u00e8s ses CAP de carrosserie et peinture, mais lui-m\u00eame avait <strong>\u00ab\u00a0bien en t\u00eate de faire ce m\u00e9tier\u00a0\u00bb. <\/strong>Les contraintes dont parlent parfois les plus anciens sur les manques de moyens, le manque de consid\u00e9ration de la population, ils n\u2019en ont pas fait une barri\u00e8re.<\/p>\n<p>Ils s\u2019engagent pour trois ans, renouvelable une fois<\/p>\n<p>Un an et demi d\u2019exp\u00e9rience les a confort\u00e9s dans leur volont\u00e9 de servir et de prot\u00e9ger.<strong> \u00ab\u00a0Ils sont entour\u00e9s de profils diff\u00e9rents, des policiers qui ont de l\u2019exp\u00e9rience. Ici, on les accompagne, on les chouchoute un peu\u00a0\u00bb,<\/strong> assure le major Christophe Besnard. S\u2019ils s\u2019engagent pour une p\u00e9riode de trois ans renouvelable une fois, les policiers adjoints ont la possibilit\u00e9 de viser le concours de gardien de la paix d\u00e8s qu\u2019ils sont pr\u00eats. <strong>\u00ab\u00a0On les pr\u00e9pare, c\u2019est important de garder les \u00e9l\u00e9ments impliqu\u00e9s.\u00a0\u00bb<\/strong><\/p>\n<p>Avant cela, la s\u00e9lection pour devenir policier adjoint pr\u00e9voit une journ\u00e9e de test physique et psychologique, la description d\u2019une image en lien avec le m\u00e9tier, puis un oral. <a href=\"https:\/\/saint-lo.maville.com\/actu\/actudet_--beaucoup-deviendront-gardiens-de-la-paix-80-policiers-adjoints-recrutes-en-loire-atlantique-_10-6445969_actu.Htm\" target=\"_blank\" rel=\"noopener\">L\u2019an dernier, 80\u00a0postes avaient \u00e9t\u00e9 propos\u00e9s en Loire-Atlantique.<\/a><\/p>\n<p>\u00a0<\/p>\n","protected":false},"excerpt":{"rendered":"Une nouvelle promotion de policiers adjoints est attendue dans la m\u00e9tropole nantaise, notamment pour compenser ceux qui franchissent&hellip;\n","protected":false},"author":2,"featured_media":424886,"comment_status":"","ping_status":"","sticky":false,"template":"","format":"standard","meta":{"footnotes":""},"categories":[2818],"tags":[1111,11,16190,8300,17963,55384,1777,674,1011,27,12244,766,12,2636,10910,25],"class_list":{"0":"post-425941","1":"post","2":"type-post","3":"status-publish","4":"format-standard","5":"has-post-thumbnail","7":"category-nantes","8":"tag-actu","9":"tag-actualites","10":"tag-adjoint","11":"tag-devenir","12":"tag-diversite","13":"tag-encouragent","14":"tag-eu","15":"tag-europe","16":"tag-fr","17":"tag-france","18":"tag-metier","19":"tag-nantes","20":"tag-news","21":"tag-pays-de-la-loire","22":"tag-policier","23":"tag-republique-francaise"},"share_on_mastodon":{"url":"https:\/\/pubeurope.com\/@fr\/115287329561701349","error":""},"_links":{"self":[{"href":"https:\/\/www.europesays.com\/fr\/wp-json\/wp\/v2\/posts\/425941","targetHints":{"allow":["GET"]}}],"collection":[{"href":"https:\/\/www.europesays.com\/fr\/wp-json\/wp\/v2\/posts"}],"about":[{"href":"https:\/\/www.europesays.com\/fr\/wp-json\/wp\/v2\/types\/post"}],"author":[{"embeddable":true,"href":"https:\/\/www.europesays.com\/fr\/wp-json\/wp\/v2\/users\/2"}],"replies":[{"embeddable":true,"href":"https:\/\/www.europesays.com\/fr\/wp-json\/wp\/v2\/comments?post=425941"}],"version-history":[{"count":0,"href":"https:\/\/www.europesays.com\/fr\/wp-json\/wp\/v2\/posts\/425941\/revisions"}],"wp:featuredmedia":[{"embeddable":true,"href":"https:\/\/www.europesays.com\/fr\/wp-json\/wp\/v2\/media\/424886"}],"wp:attachment":[{"href":"https:\/\/www.europesays.com\/fr\/wp-json\/wp\/v2\/media?parent=425941"}],"wp:term":[{"taxonomy":"category","embeddable":true,"href":"https:\/\/www.europesays.com\/fr\/wp-json\/wp\/v2\/categories?post=425941"},{"taxonomy":"post_tag","embeddable":true,"href":"https:\/\/www.europesays.com\/fr\/wp-json\/wp\/v2\/tags?post=425941"}],"curies":[{"name":"wp","href":"https:\/\/api.w.org\/{rel}","templated":true}]}}