{"id":425944,"date":"2025-09-29T11:24:18","date_gmt":"2025-09-29T11:24:18","guid":{"rendered":"https:\/\/www.europesays.com\/fr\/425944\/"},"modified":"2025-09-29T11:24:18","modified_gmt":"2025-09-29T11:24:18","slug":"deux-jours-pour-chiner-des-pepites-musicales","status":"publish","type":"post","link":"https:\/\/www.europesays.com\/fr\/425944\/","title":{"rendered":"deux jours pour chiner des p\u00e9pites musicales"},"content":{"rendered":"<p>Les amateurs de vinyles ont de quoi se r\u00e9jouir : le\u00a0<strong><a href=\"http:\/\/bordeaux.fr\" target=\"_blank\" rel=\"noreferrer noopener nofollow\">Bordeaux<\/a> Vinyl Market<\/strong>\u00a0revient les samedi 4 et dimanche 5 octobre pour une nouvelle \u00e9dition qui promet d\u2019en mettre plein les oreilles. <\/p>\n<p style=\"font-size:16px\">Pendant tout le week-end,\u00a0<strong>15 exposants<\/strong>\u00a0prendront place dans ce grand <strong>march\u00e9 du disque<\/strong>, o\u00f9 se croiseront <strong>collectionneurs avertis<\/strong> ou<strong> DJs <\/strong>en qu\u00eate d\u2019inspiration. L\u2019offre est aussi vaste qu\u2019\u00e9clectique : <strong>rock, hip-hop, techno, reggae, soul, new-wave, jazz, B.O. de films, hard-rock, afro, m\u00e9tal, musiques br\u00e9siliennes\u2026<\/strong> Les organisateurs ont remu\u00e9 ciel et terre pour r\u00e9unir des milliers de r\u00e9f\u00e9rences.<\/p>\n<p><img fetchpriority=\"high\" decoding=\"async\" width=\"201\" height=\"251\" src=\"https:\/\/www.europesays.com\/fr\/wp-content\/uploads\/2025\/09\/images-2-1.jpeg\" alt=\"\" class=\"wp-image-84224\" style=\"width:301px;height:auto\"\/>Parmi les milliers de disques propos\u00e9s, les chineurs trouveront aussi bien des grands classiques que des collectors introuvables ailleurs.\u00a9Instagram Bordeaux Vinyl Market<\/p>\n<p style=\"font-size:16px\">Que tu sois <strong>fan de <a href=\"https:\/\/open.spotify.com\/intl-fr\/artist\/0k17h0D3J5VfsdmQ1iZtE9\" target=\"_blank\" rel=\"noreferrer noopener nofollow\">Pink Floyd<\/a>,<\/strong> amateur de <strong>rap old-school<\/strong>, passionn\u00e9 de <strong>musiques \u00e9lectroniques<\/strong> ou en <strong>qu\u00eate d\u2019une bande originale de film culte<\/strong>, il y a fort \u00e0 parier que tu trouveras ton bonheur. Et pour les chineurs attentifs, l\u2019\u00e9v\u00e9nement r\u00e9serve aussi de v\u00e9ritables\u00a0<strong>collectors introuvables ailleurs<\/strong>.<\/p>\n<p style=\"font-size:16px\">Le <strong>Bordeaux Vinyl Market<\/strong> n\u2019est pas seulement destin\u00e9 aux collectionneurs pr\u00eats \u00e0 mettre le prix. De nombreux disques seront propos\u00e9s \u00e0\u00a0<strong>5 ou 10 euros<\/strong>, d\u00e9ball\u00e9s pour la premi\u00e8re fois \u00e0 cette occasion. Un bon moyen de se lancer dans l\u2019univers du vinyle sans se ruiner.<\/p>\n<p style=\"font-size:16px\">Au-del\u00e0 des vinyles, les exposants proposeront \u00e9galement de la\u00a0<strong>hi-fi vintage<\/strong>, <strong>des CD, des affiches <\/strong>et <strong>divers objets li\u00e9s \u00e0 l\u2019univers musical.<\/strong> Une fa\u00e7on de <strong>prolonger l\u2019exp\u00e9rience<\/strong> et de <strong>repartir avec un petit morceau de culture<\/strong>, quel que soit ton budget.<\/p>\n<p><img loading=\"lazy\" decoding=\"async\" width=\"201\" height=\"251\" src=\"https:\/\/www.europesays.com\/fr\/wp-content\/uploads\/2025\/09\/images-8.jpeg\" alt=\"\" class=\"wp-image-84225\" style=\"width:281px;height:auto\"\/>Ambiance conviviale au Zoom : passionn\u00e9s et curieux se retrouvent pour partager leur amour du vinyle\u00a9Instagram Bordeaux Vinyl Market<\/p>\n<p style=\"font-size:16px\">Ce qui fait aussi la force du Bordeaux Vinyl Market, c\u2019est son <strong>ambiance<\/strong>. Le <strong>Zoom <\/strong>offre un cadre chaleureux, \u00e0 <strong>deux pas des quais<\/strong>, o\u00f9 les visiteurs peuvent prendre le temps de<strong> discuter, \u00e9changer leurs coups de c\u0153ur et comparer leurs trouvailles<\/strong>. Des <strong>espaces de restauration et de convivialit\u00e9 <\/strong>permettront de faire une pause autour d\u2019un verre. <\/p>\n<p style=\"font-size:16px\">En quelques \u00e9ditions seulement, <strong>le Bordeaux Vinyl Market s\u2019est impos\u00e9 comme un rendez-vous attendu <\/strong>dans l\u2019agenda culturel bordelais. Le retour de ce march\u00e9 en plein automne est donc une belle occasion de c\u00e9l\u00e9brer la musique sous toutes ses formes. Entre\u00a0<strong>p\u00e9pites collector<\/strong>\u00a0et\u00a0<strong>bonnes affaires<\/strong>, il promet deux jours riches en d\u00e9couvertes et en rencontres.<\/p>\n<p class=\"has-text-align-center\" style=\"font-size:16px\"><strong>On y va ? <\/strong><br \/>\ud83d\udccdZoom, 5 cours du M\u00e9doc, Bordeaux<br \/>\ud83d\udcc5Samedi 4 et dimanche 5 octobre<br \/>\ud83d\udc9bOuvert \u00e0 tous.tes<br \/>\u27a1\ufe0f<a href=\"https:\/\/vide-greniers.org\/evenement\/918542\/20251004\" target=\"_blank\" rel=\"noreferrer noopener nofollow\">Pour plus d\u2019informations<\/a><br \/>\ud83d\udcf2<a href=\"https:\/\/www.instagram.com\/p\/DO5onkZDCla\/\" target=\"_blank\" rel=\"noreferrer noopener nofollow\">Instagram <\/a><\/p>\n<p style=\"font-size:16px\">Que tu sois <strong>collectionneur passionn\u00e9,<\/strong> m\u00e9lomane curieux ou simple amateur de musique, le Bordeaux Vinyl Market est l\u2019occasion parfaite de repartir avec des tr\u00e9sors musicaux\u2026 et des \u00e9toiles plein les yeux.<\/p>\n<p style=\"font-size:16px\">\u00c0 lire aussi : <a href=\"https:\/\/www.bougerabordeaux.com\/actu\/bordeaux-il-a-invente-un-gobelet-compostable-et-reutilisable\/\" target=\"_blank\" rel=\"noreferrer noopener nofollow\">Bordeaux : il a invent\u00e9 un gobelet compostable et r\u00e9utilisable !<\/a><\/p>\n<p>\t\t<script async src=\"\/\/www.instagram.com\/embed.js\"><\/script><\/p>\n","protected":false},"excerpt":{"rendered":"Les amateurs de vinyles ont de quoi se r\u00e9jouir : le\u00a0Bordeaux Vinyl Market\u00a0revient les samedi 4 et dimanche&hellip;\n","protected":false},"author":2,"featured_media":425945,"comment_status":"","ping_status":"","sticky":false,"template":"","format":"standard","meta":{"footnotes":""},"categories":[2817],"tags":[1111,11,1997,1777,674,1011,27,12,2219,25],"class_list":{"0":"post-425944","1":"post","2":"type-post","3":"status-publish","4":"format-standard","5":"has-post-thumbnail","7":"category-bordeaux","8":"tag-actu","9":"tag-actualites","10":"tag-bordeaux","11":"tag-eu","12":"tag-europe","13":"tag-fr","14":"tag-france","15":"tag-news","16":"tag-nouvelle-aquitaine","17":"tag-republique-francaise"},"share_on_mastodon":{"url":"https:\/\/pubeurope.com\/@fr\/115287338062243485","error":""},"_links":{"self":[{"href":"https:\/\/www.europesays.com\/fr\/wp-json\/wp\/v2\/posts\/425944","targetHints":{"allow":["GET"]}}],"collection":[{"href":"https:\/\/www.europesays.com\/fr\/wp-json\/wp\/v2\/posts"}],"about":[{"href":"https:\/\/www.europesays.com\/fr\/wp-json\/wp\/v2\/types\/post"}],"author":[{"embeddable":true,"href":"https:\/\/www.europesays.com\/fr\/wp-json\/wp\/v2\/users\/2"}],"replies":[{"embeddable":true,"href":"https:\/\/www.europesays.com\/fr\/wp-json\/wp\/v2\/comments?post=425944"}],"version-history":[{"count":0,"href":"https:\/\/www.europesays.com\/fr\/wp-json\/wp\/v2\/posts\/425944\/revisions"}],"wp:featuredmedia":[{"embeddable":true,"href":"https:\/\/www.europesays.com\/fr\/wp-json\/wp\/v2\/media\/425945"}],"wp:attachment":[{"href":"https:\/\/www.europesays.com\/fr\/wp-json\/wp\/v2\/media?parent=425944"}],"wp:term":[{"taxonomy":"category","embeddable":true,"href":"https:\/\/www.europesays.com\/fr\/wp-json\/wp\/v2\/categories?post=425944"},{"taxonomy":"post_tag","embeddable":true,"href":"https:\/\/www.europesays.com\/fr\/wp-json\/wp\/v2\/tags?post=425944"}],"curies":[{"name":"wp","href":"https:\/\/api.w.org\/{rel}","templated":true}]}}