{"id":425953,"date":"2025-09-29T11:30:13","date_gmt":"2025-09-29T11:30:13","guid":{"rendered":"https:\/\/www.europesays.com\/fr\/425953\/"},"modified":"2025-09-29T11:30:13","modified_gmt":"2025-09-29T11:30:13","slug":"hubert-colas-artisan-du-festival-actoral-a-marseille","status":"publish","type":"post","link":"https:\/\/www.europesays.com\/fr\/425953\/","title":{"rendered":"Hubert Colas, artisan du festival Actoral \u00e0 Marseille"},"content":{"rendered":"<p>Dans le bureau d&rsquo;<a href=\"https:\/\/www.laprovence.com\/article\/culture-loisirs\/5715300238091615\/marseille-hubert-colas-directeur-de-lassociation-montevideo-expulsable-le-15-octobre-lance-un-sos\" target=\"_blank\" rel=\"nofollow noopener\">Hubert Colas<\/a> install\u00e9 \u00e0 La C\u00f4merie, ancien couvent du haut de la rue Breteuil devenu le QG du <a href=\"https:\/\/www.laprovence.com\/article\/culture-loisirs\/7481733641493814\/la-choregraphe-bresilienne-alice-ripoll-ouvre-la-25e-edition-du-festival-actoral\" target=\"_blank\" rel=\"nofollow noopener\">festival Actoral,<\/a> les livres d\u00e9bordent de la biblioth\u00e8que. Parmi eux, Z\u00e9ro de <a href=\"https:\/\/www.laprovence.com\/article\/region\/2685776889232214\/l-autrice-marseillaise-laura-vazquez-publie-les-forces-j-ouvre-de-petites-portes-dans-le-reel\" target=\"_blank\" rel=\"nofollow noopener\">Laura Vazquez, po\u00e8te et \u00e9crivaine marseillaise dont le roman Les Forces est en lice pour plusieurs grands prix<\/a>. \u00ab\u00a0Z\u00e9ro parle de la fusion amoureuse, j&rsquo;aime l&rsquo;implication du corps \u00e0 travers les \u00e9crits de Laura, explique-t-il. Ce sera la prochaine cr\u00e9ation de la compagnie en\u00a02027. Puis, je me suis promis de me laisser du temps pour \u00e9crire.\u00a0\u00bb Toute sa vie, il a fait entendre des textes du pr\u00e9sent, r\u00e9cemment <a href=\"https:\/\/www.laprovence.com\/article\/sortie-loisirs\/1007785285277415\/marseille-lete-des-charognes-le-premier-roman-de-simon-johannin-porte-a-la-scene\" target=\"_blank\" rel=\"nofollow noopener\">Simon Johannin (L&rsquo;\u00c9t\u00e9 des charognes)<\/a>, ou H\u00e9l\u00e8ne Laurain (Partout le feu). Il m\u00e8ne aussi un long compagnonnage avec Sonia Chiambretto, dont il a mont\u00e9 cinq textes.<\/p>\n<p>Lecteur insatiable, il a mis en sc\u00e8ne de jeunes auteurs ou des noms reconnus, tels que la dramaturge britannique Sarah Kane ou la Fran\u00e7aise <a href=\"https:\/\/www.laprovence.com\/article\/region\/46283269509520\/linceste-cest-un-bannissement-christine-angot-presente-une-famille-au-cinema-renoir-daix\" target=\"_blank\" rel=\"nofollow noopener\">Christine Angot<\/a>, dont il a mont\u00e9 Nouvelle vague et La Fin de l&rsquo;amour. \u00ab\u00a0Hubert, c&rsquo;est d&rsquo;abord une amiti\u00e9 \u00e9vidente, un dialogue \u00e9vident, donc logiquement sur mes textes, jamais de fausset\u00e9, ni de contresens, mais une extr\u00eame d\u00e9licatesse au contraire, qu&rsquo;il puise \u00e0 l&rsquo;int\u00e9rieur de lui\u00a0: ne jamais oublier q&#8230;<\/p>\n","protected":false},"excerpt":{"rendered":"Dans le bureau d&rsquo;Hubert Colas install\u00e9 \u00e0 La C\u00f4merie, ancien couvent du haut de la rue Breteuil devenu&hellip;\n","protected":false},"author":2,"featured_media":425954,"comment_status":"","ping_status":"","sticky":false,"template":"","format":"standard","meta":{"footnotes":""},"categories":[2814],"tags":[17,55481,1111,11,6933,2600,251,1777,674,849,1011,27,22104,884,12,882,25],"class_list":{"0":"post-425953","1":"post","2":"type-post","3":"status-publish","4":"format-standard","5":"has-post-thumbnail","7":"category-marseille","8":"tag-17","9":"tag-actoral","10":"tag-actu","11":"tag-actualites","12":"tag-artisan","13":"tag-colas","14":"tag-culture","15":"tag-eu","16":"tag-europe","17":"tag-festival","18":"tag-fr","19":"tag-france","20":"tag-hubert","21":"tag-marseille","22":"tag-news","23":"tag-provence-alpes-cote-dazur","24":"tag-republique-francaise"},"share_on_mastodon":{"url":"https:\/\/pubeurope.com\/@fr\/115287361030076795","error":""},"_links":{"self":[{"href":"https:\/\/www.europesays.com\/fr\/wp-json\/wp\/v2\/posts\/425953","targetHints":{"allow":["GET"]}}],"collection":[{"href":"https:\/\/www.europesays.com\/fr\/wp-json\/wp\/v2\/posts"}],"about":[{"href":"https:\/\/www.europesays.com\/fr\/wp-json\/wp\/v2\/types\/post"}],"author":[{"embeddable":true,"href":"https:\/\/www.europesays.com\/fr\/wp-json\/wp\/v2\/users\/2"}],"replies":[{"embeddable":true,"href":"https:\/\/www.europesays.com\/fr\/wp-json\/wp\/v2\/comments?post=425953"}],"version-history":[{"count":0,"href":"https:\/\/www.europesays.com\/fr\/wp-json\/wp\/v2\/posts\/425953\/revisions"}],"wp:featuredmedia":[{"embeddable":true,"href":"https:\/\/www.europesays.com\/fr\/wp-json\/wp\/v2\/media\/425954"}],"wp:attachment":[{"href":"https:\/\/www.europesays.com\/fr\/wp-json\/wp\/v2\/media?parent=425953"}],"wp:term":[{"taxonomy":"category","embeddable":true,"href":"https:\/\/www.europesays.com\/fr\/wp-json\/wp\/v2\/categories?post=425953"},{"taxonomy":"post_tag","embeddable":true,"href":"https:\/\/www.europesays.com\/fr\/wp-json\/wp\/v2\/tags?post=425953"}],"curies":[{"name":"wp","href":"https:\/\/api.w.org\/{rel}","templated":true}]}}