{"id":425957,"date":"2025-09-29T11:32:12","date_gmt":"2025-09-29T11:32:12","guid":{"rendered":"https:\/\/www.europesays.com\/fr\/425957\/"},"modified":"2025-09-29T11:32:12","modified_gmt":"2025-09-29T11:32:12","slug":"metropole-de-lyon-zfe-fonds-de-solidarite-logement-attractivite-du-centre-ville-au-menu-de-la-metropole-ce-lundi","status":"publish","type":"post","link":"https:\/\/www.europesays.com\/fr\/425957\/","title":{"rendered":"M\u00e9tropole de Lyon. ZFE, Fonds de solidarit\u00e9 logement, attractivit\u00e9 du centre-ville\u2026 au menu de la M\u00e9tropole ce lundi"},"content":{"rendered":"<p>L\u2019ordre du jour du conseil m\u00e9tropolitain de rentr\u00e9e ne dit pas tout du climat qui pr\u00e9vaudra lundi et mardi \u00e0 l\u2019H\u00f4tel de la M\u00e9tropole. On peut n\u00e9anmoins s\u2019attendre \u00e0 ce que les positions des uns et des autres s\u2019affirment en vue des \u00e9lections qui composeront un nouvel h\u00e9micycle dans moins de 6 mois.<\/p>\n<p>D\u00e9j\u00e0, on s\u2019attend \u00e0 ce que le ralliement du Modem <a href=\"https:\/\/www.leprogres.fr\/elections\/2025\/09\/26\/municipales-2026-jean-michel-aulas-lance-sa-campagne-au-h7-devant-plus-d-un-millier-de-personnes\" target=\"_blank\" rel=\"noopener\">au candidat Jean-Michel Aulas<\/a> pour les Municipales 2026, acte une rupture au sein du groupe \u00ab\u00a0Alliance sociale &#8211; d\u00e9mocrate et progressiste\u00a0\u00bb cr\u00e9\u00e9e il y a moins d\u2019un an pour rassembler la gauche et le centre. L\u2019accord avait \u00e9t\u00e9 conclu entre <a href=\"https:\/\/www.leprogres.fr\/p\/david-kimelfeld\" target=\"_blank\" rel=\"noopener\">David Kimelfeld<\/a>, pr\u00e9sident du groupe \u00ab\u00a0Social-d\u00e9mocrate et Progressiste\u00a0\u00bb et Fouziya Bouzerda, pr\u00e9sidente du groupe \u00ab\u00a0La M\u00e9tropole pour tous\u00a0\u00bb, soutien d\u00e9clar\u00e9, \u00e0 l\u2019instar de son parti, \u00e0 l\u2019ancien pr\u00e9sident de l\u2019OL.<\/p>\n<p>  Beaucoup d\u2019attentes autour du Fonds solidarit\u00e9 logement<\/p>\n<p>En attendant, deux d\u00e9lib\u00e9rations ont \u00e9t\u00e9 ajout\u00e9es dans le cadre d\u2019une proc\u00e9dure d\u2019urgence\u00a0: l\u2019une porte sur la construction de logements sociaux pour \u00e9tudiants. L\u2019autre concerne la nouvelle contractualisation entre l\u2019\u00c9tat et la M\u00e9tropole sur la protection de l\u2019Enfance.<\/p>\n<p>Le projet de d\u00e9lib\u00e9ration portant sur le Fonds de solidarit\u00e9 logement (FSL) qui vient pr\u00e9ciser les conditions d\u2019octroi des diff\u00e9rentes aides, est attendu lui-aussi, dans un contexte d\u2019 <a href=\"https:\/\/www.leprogres.fr\/social\/2024\/05\/15\/qui-pour-regler-l-explosion-des-charges-de-chauffage-dans-la-metropole-de-lyon\" target=\"_blank\" rel=\"noopener\">explosion des charges d\u2019\u00e9nergie<\/a> dans le logement social. Son budget a augment\u00e9 de 2\u00a0millions en 5 ans, passant de 4,2\u00a0millions d\u2019euros \u00e0 6, 2.<\/p>\n<p>Sinon, la ZFE reste d\u2019actualit\u00e9 via de nouvelles aides \u00e0 l\u2019acquisition de v\u00e9hicules peu polluants, dans un contexte de suppression de ces zones \u00e0 faibles \u00e9missions vot\u00e9e au printemps par <a href=\"https:\/\/www.leprogres.fr\/environnement\/2025\/06\/17\/revirement-de-lfi-le-rn-pour-ce-qu-ont-vote-les-deputes-du-rhone-sur-la-suppression-des-zfe\" target=\"_blank\" rel=\"noopener\">une majorit\u00e9 de d\u00e9put\u00e9s<\/a>. Des subventions d\u2019\u00e9quipement sont ainsi pr\u00e9vues \u00e0 destination des particuliers, micros entreprises et petites et moyennes entreprises (PME). Sans oublier le Plan v\u00e9lo, parmi les dossiers toujours tr\u00e8s discut\u00e9s.<\/p>\n<p>  My Presqu\u2019\u00eele en difficult\u00e9<\/p>\n<p>\u00c0 l\u2019ordre du jour aussi, c\u00f4t\u00e9 subventions, une aide \u00e0 l\u2019association My Presqu\u2019\u00eele qui \u0153uvre au dynamisme commercial du centre-ville. Ceci pour l\u2019aider \u00e0 redresser sa situation financi\u00e8re. Le sujet du dynamisme commercial, encore plus sensible depuis la cr\u00e9ation de <a href=\"https:\/\/www.leprogres.fr\/economie\/2025\/06\/25\/les-lyonnais-laissent-sa-chance-au-produit-ztl-on-se-donne-quelques-jours-avant-de-juger\" target=\"_blank\" rel=\"noopener\">la Zone \u00e0 trafic limit\u00e9<\/a> , risque de donner des ailes \u00e0 ses d\u00e9tracteurs.<\/p>\n<p>Citons encore l\u2019extension propos\u00e9e du p\u00e9rim\u00e8tre de protection des espaces agricoles et naturels (PENAP) des Plaines de l\u2019est lyonnais.<\/p>\n<p class=\"note\">S\u00e9ances lundi\u00a029 et mardi 30\u00a0septembre \u00e0 9\u00a0h\u00a030, H\u00f4tel de la M\u00e9tropole, 20 rue du Lac, Lyon 3e.<\/p>\n","protected":false},"excerpt":{"rendered":"L\u2019ordre du jour du conseil m\u00e9tropolitain de rentr\u00e9e ne dit pas tout du climat qui pr\u00e9vaudra lundi et&hellip;\n","protected":false},"author":2,"featured_media":425958,"comment_status":"","ping_status":"","sticky":false,"template":"","format":"standard","meta":{"footnotes":""},"categories":[1889],"tags":[1111,11,2430,2757,36284,1777,674,1011,27,3539,2428,2756,12,316,25,2429],"class_list":{"0":"post-425957","1":"post","2":"type-post","3":"status-publish","4":"format-standard","5":"has-post-thumbnail","7":"category-lyon","8":"tag-actu","9":"tag-actualites","10":"tag-auvergne-rhone-alpes","11":"tag-edition-lyon-villeurbanne","12":"tag-elections-metropolitaines","13":"tag-eu","14":"tag-europe","15":"tag-fr","16":"tag-france","17":"tag-les-ecologistes","18":"tag-lyon","19":"tag-lyon-bassin","20":"tag-news","21":"tag-politique","22":"tag-republique-francaise","23":"tag-rhone"},"share_on_mastodon":{"url":"https:\/\/pubeurope.com\/@fr\/115287368964017110","error":""},"_links":{"self":[{"href":"https:\/\/www.europesays.com\/fr\/wp-json\/wp\/v2\/posts\/425957","targetHints":{"allow":["GET"]}}],"collection":[{"href":"https:\/\/www.europesays.com\/fr\/wp-json\/wp\/v2\/posts"}],"about":[{"href":"https:\/\/www.europesays.com\/fr\/wp-json\/wp\/v2\/types\/post"}],"author":[{"embeddable":true,"href":"https:\/\/www.europesays.com\/fr\/wp-json\/wp\/v2\/users\/2"}],"replies":[{"embeddable":true,"href":"https:\/\/www.europesays.com\/fr\/wp-json\/wp\/v2\/comments?post=425957"}],"version-history":[{"count":0,"href":"https:\/\/www.europesays.com\/fr\/wp-json\/wp\/v2\/posts\/425957\/revisions"}],"wp:featuredmedia":[{"embeddable":true,"href":"https:\/\/www.europesays.com\/fr\/wp-json\/wp\/v2\/media\/425958"}],"wp:attachment":[{"href":"https:\/\/www.europesays.com\/fr\/wp-json\/wp\/v2\/media?parent=425957"}],"wp:term":[{"taxonomy":"category","embeddable":true,"href":"https:\/\/www.europesays.com\/fr\/wp-json\/wp\/v2\/categories?post=425957"},{"taxonomy":"post_tag","embeddable":true,"href":"https:\/\/www.europesays.com\/fr\/wp-json\/wp\/v2\/tags?post=425957"}],"curies":[{"name":"wp","href":"https:\/\/api.w.org\/{rel}","templated":true}]}}