{"id":425959,"date":"2025-09-29T11:33:13","date_gmt":"2025-09-29T11:33:13","guid":{"rendered":"https:\/\/www.europesays.com\/fr\/425959\/"},"modified":"2025-09-29T11:33:13","modified_gmt":"2025-09-29T11:33:13","slug":"lyon-cest-quoi-cet-immeuble-unique-en-son-genre-qui-sort-de-terre-a-la-part-dieu","status":"publish","type":"post","link":"https:\/\/www.europesays.com\/fr\/425959\/","title":{"rendered":"Lyon. C&rsquo;est quoi cet immeuble unique en son genre qui sort de terre \u00e0 la Part-Dieu\u00a0?"},"content":{"rendered":"<p>            Par<br \/>\n        <strong><br \/>\n            <a href=\"https:\/\/actu.fr\/auteur\/ludivine-caporal\" title=\"Consulter tous les articles de Ludivine Caporal\" rel=\"nofollow noopener\" target=\"_blank\">Ludivine Caporal<\/a><br \/>\n        <\/strong><\/p>\n<p>        Publi\u00e9 le<\/p>\n<p>            29 sept. 2025 \u00e0 13h30        <\/p>\n<p>Si le chantier a d\u00e9j\u00e0 bien d\u00e9marr\u00e9, la premi\u00e8re pierre de l\u2019immeuble \u00ab\u2009Viaterra\u2009\u00bb a \u00e9t\u00e9 pos\u00e9e symboliquement ce vendredi 26\u00a0septembre en pr\u00e9sence, notamment, du pr\u00e9sident de la M\u00e9tropole <a href=\"https:\/\/actu.fr\/tag\/bruno-bernard\" rel=\"nofollow noopener\" target=\"_blank\">Bruno Bernard<\/a> et du maire de Lyon <a href=\"https:\/\/actu.fr\/tag\/gregory-doucet\" rel=\"nofollow noopener\" target=\"_blank\">Gr\u00e9gory Doucet<\/a>. Situ\u00e9 au croisement des quartiers de la Part-Dieu et des Brotteaux, <strong>rue Bellecombe<\/strong>, cet ensemble immobilier de pr\u00e8s de 4\u2009500\u00a0m2 sera le premier des environs \u00e0 arborer des fa\u00e7ades en terre crue. Un mat\u00e9riau qui contribue, entre autres, au \u00ab\u2009confort thermique\u2009\u00bb.<\/p>\n<p>La terre crue, une \u00ab\u2009ressource in\u00e9puisable\u2009\u00bb<\/p>\n<p class=\" wall-content\">R\u00e9alis\u00e9 par le promoteur Icade et les architectes Maud Caubet et Supermixx, \u00ab\u2009Viaterra\u2009\u00bb r\u00e9pond en effet \u00e0 \u00ab\u2009des ambitions environnementales \u00e9lev\u00e9es\u2009\u00bb, notamment en utilisant la terre crue qui b\u00e9n\u00e9ficie d\u2019un <strong>\u00ab\u2009tr\u00e8s faible impact carbone\u2009\u00bb.<\/strong><\/p>\n<p class=\" wall-content\">\u00ab\u00a0Produite localement, il s\u2019agit d\u2019une ressource in\u00e9puisable et r\u00e9utilisable \u00e0 l\u2019infini<br \/>gr\u00e2ce \u00e0 l\u2019absence de liant hydraulique\u00a0\u00bb, est-il pr\u00e9sent\u00e9. <strong>La start-up locale Terrio<\/strong> sera par ailleurs charg\u00e9e des fa\u00e7ades concern\u00e9es.<\/p>\n<p class=\" wall-content\">Au niveau de l\u2019esth\u00e9tique, qui se veut \u00ab\u2009noble et chaleureuse\u2009\u00bb, le projet s\u2019appuie sur \u00ab\u2009une \u00e9criture typique du quartier <a href=\"https:\/\/actu.fr\/tag\/lyon-part-dieu\" rel=\"nofollow noopener\" target=\"_blank\">Lyon Part-Dieu<\/a>, notamment en repensant le rapport \u00e0 la rue \u00e0 travers la typologie du socle h\u00e9rit\u00e9e des ann\u00e9es 70.\u2009\u00bb<\/p>\n<p>    <img   decoding=\"async\" loading=\"lazy\" src=\"https:\/\/www.europesays.com\/fr\/wp-content\/uploads\/2025\/09\/viaterra-immeuble-lyon-part-dieu-960x640.jpg\" alt=\"L'immeuble \" width=\"960\" height=\"640\"\/><br \/>\n    L\u2019immeuble \u00ab\u2009Viaterra\u2009\u00bb se composera de sept niveaux. (\u00a9Maud Caubet Architecte et Supermixx)Des bureaux pour un groupe de courtage d\u2019assurance<\/p>\n<p class=\" wall-content\">Au sein des sept niveaux que comptera Viaterra, c\u2019est le groupe <strong>Filhet-Allard<\/strong>, sp\u00e9cialis\u00e9 dans le courtage d\u2019assurance et d\u00e9sormais propri\u00e9taire de l\u2019immeuble, qui installera ses bureaux.<\/p>\n<p>    <img   decoding=\"async\" loading=\"lazy\" src=\"https:\/\/www.europesays.com\/fr\/wp-content\/uploads\/2025\/09\/immeuble-viaterra-lyon-part-dieu-960x640.jpg\" alt=\"Des bureaux du groupe Filhet-Allard seront install\u00e9s.\" width=\"960\" height=\"640\"\/><br \/>\n    Des bureaux du groupe Filhet-Allard seront install\u00e9s. (\u00a9Maud Caubet Architecte et Supermixx)<\/p>\n<p>Votre r\u00e9gion, votre actu !<\/p>\n<p>Recevez chaque jour les infos qui comptent pour vous.<\/p>\n<p>\t<a href=\"https:\/\/actu.fr\/newsletter\" class=\"ac-btn ac-btn--corner ac-btn--medium ac-btn--blue800\" rel=\"nofollow noopener\" target=\"_blank\">S&rsquo;incrire<\/a><\/p>\n<p class=\" wall-content\">\u00ab\u2009D\u00e8s le R +\u00a02, chaque niveau b\u00e9n\u00e9ficiera d\u2019une <strong>terrasse v\u00e9g\u00e9talis\u00e9e.<\/strong> Un rooftop de 350 m\u00b2 sera \u00e9galement am\u00e9nag\u00e9. De plus, 160 m\u00b2 permettront l\u2019accueil des mobilit\u00e9s actives durables et un jardin arbor\u00e9 de 480 m\u00b2 compl\u00e9tera ces espaces ext\u00e9rieurs. Enfin, toutes les places de parking seront \u00e9quip\u00e9es d\u2019une borne de recharge pour voitures \u00e9lectriques\u2009\u00bb, est-il pr\u00e9cis\u00e9.<\/p>\n<p class=\" wall-content\">Pour le moment, la livraison de l\u2019ensemble immobilier est pr\u00e9vue pour <strong>fin 2026.<\/strong><\/p>\n<p class=\" wall-content\">Personnalisez votre actualit\u00e9 en ajoutant vos villes et m\u00e9dias en favori avec <a href=\"https:\/\/moncompte.actu.fr\" title=\"D\u00e9couvez Mon Actu\" rel=\"nofollow noopener\" data-trk=\"{&quot;cta&quot;:{&quot;action&quot;:&quot;https:\\\/\\\/moncompte.actu.fr&quot;,&quot;category&quot;:&quot;mon compte&quot;,&quot;from&quot;:&quot;article footer&quot;,&quot;name&quot;:&quot;Mon actu&quot;,&quot;type&quot;:&quot;cta&quot;}}\" target=\"_blank\">Mon Actu<\/a>.<\/p>\n","protected":false},"excerpt":{"rendered":"Par Ludivine Caporal Publi\u00e9 le 29 sept. 2025 \u00e0 13h30 Si le chantier a d\u00e9j\u00e0 bien d\u00e9marr\u00e9, la&hellip;\n","protected":false},"author":2,"featured_media":425960,"comment_status":"","ping_status":"","sticky":false,"template":"","format":"standard","meta":{"footnotes":""},"categories":[1889],"tags":[1111,11,2430,33,1777,674,1011,27,1116,2428,6178,12,25,2086],"class_list":{"0":"post-425959","1":"post","2":"type-post","3":"status-publish","4":"format-standard","5":"has-post-thumbnail","7":"category-lyon","8":"tag-actu","9":"tag-actualites","10":"tag-auvergne-rhone-alpes","11":"tag-economie","12":"tag-eu","13":"tag-europe","14":"tag-fr","15":"tag-france","16":"tag-immobilier","17":"tag-lyon","18":"tag-lyon-part-dieu","19":"tag-news","20":"tag-republique-francaise","21":"tag-travaux"},"share_on_mastodon":{"url":"https:\/\/pubeurope.com\/@fr\/115287373333325208","error":""},"_links":{"self":[{"href":"https:\/\/www.europesays.com\/fr\/wp-json\/wp\/v2\/posts\/425959","targetHints":{"allow":["GET"]}}],"collection":[{"href":"https:\/\/www.europesays.com\/fr\/wp-json\/wp\/v2\/posts"}],"about":[{"href":"https:\/\/www.europesays.com\/fr\/wp-json\/wp\/v2\/types\/post"}],"author":[{"embeddable":true,"href":"https:\/\/www.europesays.com\/fr\/wp-json\/wp\/v2\/users\/2"}],"replies":[{"embeddable":true,"href":"https:\/\/www.europesays.com\/fr\/wp-json\/wp\/v2\/comments?post=425959"}],"version-history":[{"count":0,"href":"https:\/\/www.europesays.com\/fr\/wp-json\/wp\/v2\/posts\/425959\/revisions"}],"wp:featuredmedia":[{"embeddable":true,"href":"https:\/\/www.europesays.com\/fr\/wp-json\/wp\/v2\/media\/425960"}],"wp:attachment":[{"href":"https:\/\/www.europesays.com\/fr\/wp-json\/wp\/v2\/media?parent=425959"}],"wp:term":[{"taxonomy":"category","embeddable":true,"href":"https:\/\/www.europesays.com\/fr\/wp-json\/wp\/v2\/categories?post=425959"},{"taxonomy":"post_tag","embeddable":true,"href":"https:\/\/www.europesays.com\/fr\/wp-json\/wp\/v2\/tags?post=425959"}],"curies":[{"name":"wp","href":"https:\/\/api.w.org\/{rel}","templated":true}]}}