{"id":425973,"date":"2025-09-29T11:43:11","date_gmt":"2025-09-29T11:43:11","guid":{"rendered":"https:\/\/www.europesays.com\/fr\/425973\/"},"modified":"2025-09-29T11:43:11","modified_gmt":"2025-09-29T11:43:11","slug":"la-russie-est-probablement-a-lorigine-des-survols-de-drones-selon-le-premier-ministre-suedois","status":"publish","type":"post","link":"https:\/\/www.europesays.com\/fr\/425973\/","title":{"rendered":"la Russie est probablement \u00e0 l&rsquo;origine des survols de drones, selon le premier ministre su\u00e9dois"},"content":{"rendered":"<p>\u00abTout pointe vers la Russie\u00bb, a affirm\u00e9 Ulf Kristersson lundi, alors que des drones ont \u00e9t\u00e9 aper\u00e7us \u00e0 plusieurs reprises au Danemark et en Norv\u00e8ge depuis le 22 septembre, et ont provoqu\u00e9 de br\u00e8ves fermetures de plusieurs a\u00e9roports.<\/p>\n<p class=\"fig-paragraph\">Le premier ministre su\u00e9dois\u00a0<a href=\"https:\/\/www.lefigaro.fr\/international\/ulf-kristersson-un-suedois-de-droite-a-la-tete-de-l-union-europeenne-20230106\" target=\"_blank\" data-fig-type=\"Article\" rel=\"noopener\" data-gtm-custom-categorie=\"navigation\" data-gtm-custom-action=\"crossclick\" data-gtm-custom-label=\"Contextuel\" data-gtm-event=\"customEventSPE\" data-fig-domain=\"LEFIGARO\">Ulf Kristersson<\/a>\u00a0a d\u00e9clar\u00e9 lundi 29 septembre que la\u00a0<a href=\"https:\/\/www.lefigaro.fr\/tag\/russie\" target=\"_blank\" rel=\"sponsored noopener\" data-gtm-custom-categorie=\"navigation\" data-gtm-custom-action=\"crossclick\" data-gtm-custom-label=\"Contextuel\" data-gtm-event=\"customEventSPE\">Russie<\/a>\u00a0est probablement \u00e0 l&rsquo;origine des r\u00e9cents vols de drones au-dessus\u00a0<a href=\"http:\/\/www.lefigaro.fr\/international\/le-danemark-interdit-tous-les-vols-de-drones-civils-cette-semaine-en-raison-du-sommet-europeen-20250928\" target=\"_blank\" data-fig-type=\"NewsFlash\" rel=\"noopener\" data-gtm-custom-categorie=\"navigation\" data-gtm-custom-action=\"crossclick\" data-gtm-custom-label=\"Contextuel\" data-gtm-event=\"customEventSPE\" data-fig-domain=\"LEFIGARO\">de plusieurs a\u00e9roports scandinaves<\/a>, intervenus \u00e0 quelques jours d&rsquo;un sommet europ\u00e9en \u00e0 Copenhague.\u00a0<a href=\"http:\/\/www.lefigaro.fr\/international\/des-drones-survolent-a-nouveau-des-sites-militaires-au-danemark-pour-la-deuxieme-nuit-consecutive-20250928\" target=\"_blank\" data-fig-type=\"NewsFlash\" rel=\"noopener\" data-gtm-custom-categorie=\"navigation\" data-gtm-custom-action=\"crossclick\" data-gtm-custom-label=\"Contextuel\" data-gtm-event=\"customEventSPE\" data-fig-domain=\"LEFIGARO\">Des drones<\/a>\u00a0ont \u00e9t\u00e9 aper\u00e7us \u00e0 plusieurs reprises au Danemark et en Norv\u00e8ge depuis le 22 septembre, et ont provoqu\u00e9 de br\u00e8ves fermetures de plusieurs a\u00e9roports. \u00abLa probabilit\u00e9 que la Russie veuille envoyer un message aux pays qui soutiennent l&rsquo;Ukraine est assez \u00e9lev\u00e9e\u00bb, mais \u00abpersonne ne le sait vraiment\u00bb, a dit le premier ministre su\u00e9dois \u00e0 la cha\u00eene de t\u00e9l\u00e9vision TV4. \u00abNous avons la confirmation\u00bb que les drones qui ont p\u00e9n\u00e9tr\u00e9 dans l&rsquo;espace a\u00e9rien polonais au d\u00e9but du mois de septembre \u00e9taient russes, a-t-il rappel\u00e9.<\/p>\n<p class=\"fig-paragraph\">Concernant le Danemark et la Norv\u00e8ge, \u00abtout pointe vers (la Russie), mais tous les pays sont prudents lorsqu&rsquo;il s&rsquo;agit de pointer du doigt un pays s&rsquo;ils ne sont pas s\u00fbrs. En Pologne, nous savons qu&rsquo;il s&rsquo;agit bien de cela\u00bb, a-t-il d\u00e9clar\u00e9. Des drones ont \u00e9galement \u00e9t\u00e9 observ\u00e9s au-dessus de sites militaires danois samedi soir, pour la deuxi\u00e8me journ\u00e9e cons\u00e9cutive.<\/p>\n<p>                                    <a class=\"fig-a11y-skip a11y-hidden\" href=\"#fig-a11y-skip-main-inarticle\"><br \/>\n        Passer la publicit\u00e9<br \/>\n    <\/a><\/p>\n<p>L\u2019OTAN renforce sa \u00abvigilance\u00bb<\/p>\n<p class=\"fig-paragraph\">Copenhague doit accueillir un sommet de l&rsquo;Union europ\u00e9enne mercredi et jeudi. Afin d&rsquo;assurer la s\u00e9curit\u00e9 autour du sommet, le Danemark a annonc\u00e9 dimanche qu&rsquo;il\u00a0<a href=\"http:\/\/www.lefigaro.fr\/international\/le-danemark-interdit-tous-les-vols-de-drones-civils-cette-semaine-en-raison-du-sommet-europeen-20250928\" data-fig-type=\"NewsFlash\" data-gtm-custom-categorie=\"navigation\" data-gtm-custom-action=\"crossclick\" data-gtm-custom-label=\"Contextuel\" data-gtm-event=\"customEventSPE\" data-fig-domain=\"LEFIGARO\" target=\"_blank\" rel=\"noopener\">fermait l&rsquo;espace a\u00e9rien \u00e0 tous les vols de drones civils<\/a>\u00a0jusqu&rsquo;\u00e0 vendredi, afin que les drones ennemis ne soient pas confondus avec des drones l\u00e9gaux. Toute infraction pourra \u00eatre punie d&rsquo;une amende ou une peine d&#8217;emprisonnement pouvant aller jusqu&rsquo;\u00e0 deux ans. \u00abIl y a un pays qui repr\u00e9sente une menace pour la s\u00e9curit\u00e9 de l&rsquo;Europe, et c&rsquo;est la Russie\u00bb, avait d\u00e9clar\u00e9 jeudi la Premi\u00e8re ministre danoise, Mette Frederiksen.<\/p>\n<p class=\"fig-paragraph\">Moscou a rejet\u00e9 \u00abfermement\u00bb toute implication. L&rsquo;<a href=\"https:\/\/www.lefigaro.fr\/tag\/otan\" target=\"_blank\" rel=\"sponsored noopener\" data-gtm-custom-categorie=\"navigation\" data-gtm-custom-action=\"crossclick\" data-gtm-custom-label=\"Contextuel\" data-gtm-event=\"customEventSPE\">Otan<\/a>\u00a0a depuis renforc\u00e9 sa \u00abvigilance\u00bb et ses moyens dans la r\u00e9gion de la Baltique. L&rsquo;observation du survol de drones la semaine derni\u00e8re fait suite \u00e0 des incursions de drones sur le territoire polonais et roumain et \u00e0 la violation de l&rsquo;espace a\u00e9rien estonien par des avions de combat russes, ce qui a exacerb\u00e9 les tensions dans le contexte de la\u00a0<a href=\"https:\/\/www.lefigaro.fr\/international\/dossier\/tensions-entre-la-russie-et-l-ukraine-tout-comprendre-a-la-menace-d-une-invasion-russe\" target=\"_blank\" data-fig-type=\"Topic\" rel=\"sponsored noopener\" data-gtm-custom-categorie=\"navigation\" data-gtm-custom-action=\"crossclick\" data-gtm-custom-label=\"Contextuel\" data-gtm-event=\"customEventSPE\" data-fig-domain=\"LEFIGARO\">guerre en Ukraine<\/a>\u00a0d\u00e9clench\u00e9e par l&rsquo;invasion russe en f\u00e9vrier 2022.<\/p>\n","protected":false},"excerpt":{"rendered":"\u00abTout pointe vers la Russie\u00bb, a affirm\u00e9 Ulf Kristersson lundi, alors que des drones ont \u00e9t\u00e9 aper\u00e7us \u00e0&hellip;\n","protected":false},"author":2,"featured_media":425974,"comment_status":"","ping_status":"","sticky":false,"template":"","format":"standard","meta":{"footnotes":""},"categories":[1591],"tags":[11,145,564,1887,12,1885,1886,132],"class_list":{"0":"post-425973","1":"post","2":"type-post","3":"status-publish","4":"format-standard","5":"has-post-thumbnail","7":"category-russie","8":"tag-actualites","9":"tag-danemark","10":"tag-drone","11":"tag-federation-de-russie","12":"tag-news","13":"tag-russia","14":"tag-russian-federation","15":"tag-russie"},"share_on_mastodon":{"url":"https:\/\/pubeurope.com\/@fr\/115287412807593371","error":""},"_links":{"self":[{"href":"https:\/\/www.europesays.com\/fr\/wp-json\/wp\/v2\/posts\/425973","targetHints":{"allow":["GET"]}}],"collection":[{"href":"https:\/\/www.europesays.com\/fr\/wp-json\/wp\/v2\/posts"}],"about":[{"href":"https:\/\/www.europesays.com\/fr\/wp-json\/wp\/v2\/types\/post"}],"author":[{"embeddable":true,"href":"https:\/\/www.europesays.com\/fr\/wp-json\/wp\/v2\/users\/2"}],"replies":[{"embeddable":true,"href":"https:\/\/www.europesays.com\/fr\/wp-json\/wp\/v2\/comments?post=425973"}],"version-history":[{"count":0,"href":"https:\/\/www.europesays.com\/fr\/wp-json\/wp\/v2\/posts\/425973\/revisions"}],"wp:featuredmedia":[{"embeddable":true,"href":"https:\/\/www.europesays.com\/fr\/wp-json\/wp\/v2\/media\/425974"}],"wp:attachment":[{"href":"https:\/\/www.europesays.com\/fr\/wp-json\/wp\/v2\/media?parent=425973"}],"wp:term":[{"taxonomy":"category","embeddable":true,"href":"https:\/\/www.europesays.com\/fr\/wp-json\/wp\/v2\/categories?post=425973"},{"taxonomy":"post_tag","embeddable":true,"href":"https:\/\/www.europesays.com\/fr\/wp-json\/wp\/v2\/tags?post=425973"}],"curies":[{"name":"wp","href":"https:\/\/api.w.org\/{rel}","templated":true}]}}