{"id":426006,"date":"2025-09-29T12:04:10","date_gmt":"2025-09-29T12:04:10","guid":{"rendered":"https:\/\/www.europesays.com\/fr\/426006\/"},"modified":"2025-09-29T12:04:10","modified_gmt":"2025-09-29T12:04:10","slug":"jean-michel-aphatie-pas-epargne-dans-quotidien-i","status":"publish","type":"post","link":"https:\/\/www.europesays.com\/fr\/426006\/","title":{"rendered":"Jean-Michel Aphatie pas \u00e9pargn\u00e9 dans Quotidien, i &#8230;"},"content":{"rendered":"<p>EN BREF<\/p>\n<ul class=\"bloc_resume_post_list\">\n<li>Jean-Michel Aphatie, chroniqueur depuis trois ans dans<br \/>\n\u00ab\u00a0Quotidien&rsquo; anim\u00e9 par Yann Barth\u00e8s sur TMC, se confie sur son<br \/>\nexp\u00e9rience.<\/li>\n<li>L&rsquo;\u00e9quipe de &lsquo;Quotidien&rsquo; propose \u00e0 Aphatie un d\u00e9fi<br \/>\nquotidien : r\u00e9agir \u00e0 une photo myst\u00e8re en direct, un exercice qu&rsquo;il<br \/>\ntrouve stressant.<\/li>\n<li>Aphatie d\u00e9fend L\u00e9a Salam\u00e9 apr\u00e8s une question controvers\u00e9e<br \/>\n\u00e0 Marion Cotillard, soulignant l&rsquo;impact des critiques sur les<br \/>\nr\u00e9seaux sociaux.<\/li>\n<\/ul>\n<p data-start=\"78\" data-end=\"504\">Depuis maintenant trois ans,<br \/>\n<a href=\"https:\/\/www.telestar.fr\/actu_tv\/quotidien-jean-michel-aphatie-court-circuite-en-plein-vol-yann-barthes-sen-mord-les-doigts-1738782\" target=\"_blank\" rel=\"noopener\"><br \/>\nJean-Michel Aphatie<\/a> est chroniqueur dans l&rsquo;\u00e9mission<br \/>\n<strong>Quotidien<\/strong>, anim\u00e9e par Yann Barth\u00e8s et diffus\u00e9e<br \/>\nsur TMC. Lors d&rsquo;une interview accord\u00e9e \u00e0 T\u00e9l\u00e9 Magazine, \u00e0 l&rsquo;occasion de la sortie de son<br \/>\nouvrage T\u2019es une merde fr\u00e8re.<br \/>\nSign\u00e9 Hanouna, le journaliste politique a avou\u00e9 s\u2019y<br \/>\n\u00ab\u00a0sentir bien\u00a0\u00bb. \u00ab\u00a0Avec Yann Barth\u00e8s, qui incarne<br \/>\nparfaitement l\u2019\u00e9mission, on a des sensibilit\u00e9s voisines\u00a0\u00bb,<br \/>\na-t-il confi\u00e9.<\/p>\n<p data-start=\"506\" data-end=\"864\">Pour cette nouvelle saison,<br \/>\nl&rsquo;\u00e9quipe de Quotidien a<br \/>\npropos\u00e9 un jeu particulier \u00e0 Jean-Michel Aphatie : chaque jour, ce<br \/>\ndernier d\u00e9couvre <strong>une photo myst\u00e8re<\/strong> \u00e0 laquelle il<br \/>\ndoit r\u00e9agir en direct. Et ce n\u2019est pas toujours simple !<br \/>\n<strong>\u00ab\u00a0Ils me font bosser, les salauds\u00a0\u00bb<\/strong>, a-t-il<br \/>\nplaisant\u00e9. Un exercice \u00ab\u00a0un peu stressant\u00a0\u00bb mais qu\u2019il a toujours<br \/>\nr\u00e9ussi jusqu\u2019\u00e0 pr\u00e9sent.<\/p>\n<p>Jean-Michel Aphatie : cet exercice difficile auquel il est<br \/>\nconfront\u00e9 tous les jours sur Quotidien<\/p>\n<p data-start=\"973\" data-end=\"1314\">\u00ab\u00a0Quand on a un peu de temps<br \/>\npour r\u00e9fl\u00e9chir, c\u2019est mieux, non ?\u00a0\u00bb, a d\u00e9clar\u00e9 l\u2019homme de 67<br \/>\nans. En plus des photos myst\u00e8res, Jean-Michel Aphatie n\u2019h\u00e9site pas<br \/>\nnon plus \u00e0 donner son avis sur l\u2019actualit\u00e9. R\u00e9cemment, il a pris la<br \/>\nd\u00e9fense de <a href=\"https:\/\/www.telestar.fr\/actu_tv\/lea-salame-au-20h-son-jt-trop-reac-ou-gauchiste-elle-repond-aux-critiques-sans-langue-de-bois-1739735\" target=\"_blank\" rel=\"noopener\"><br \/>\nL\u00e9a Salam\u00e9<\/a> suite \u00e0 une question jug\u00e9e d\u00e9plac\u00e9e lors de son<br \/>\ninterview avec Marion Cotillard sur France 2.<\/p>\n<p data-start=\"1316\" data-end=\"1763\">Pour rappel, avant la fin de<br \/>\nl\u2019entretien, la pr\u00e9sentatrice s\u2019est tromp\u00e9e sur la date du prochain<br \/>\nfilm de Marion Cotillard, avant d\u2019\u00e9voquer sa r\u00e9cente s\u00e9paration<br \/>\navec <a href=\"https:\/\/www.telestar.fr\/culture\/les-petits-mouchoirs-cette-maladie-visible-dont-guillaume-canet-a-souffert-1734688\" target=\"_blank\" rel=\"noopener\"><br \/>\nGuillaume Canet<\/a>. \u00ab\u00a0Ma question \u00e9tait qu\u2019on a appris cet \u00e9t\u00e9<br \/>\n<strong>votre s\u00e9paration<\/strong> apr\u00e8s 18 ans de vie commune. Vous<br \/>\n\u00eates un des couples qui a fait le plus r\u00eaver les Fran\u00e7ais. Je<br \/>\nvoulais juste savoir comment vous alliez. Est-ce que vous allez<br \/>\nbien Marion Cotillard ?\u00a0\u00bb, a-t-elle demand\u00e9.<\/p>\n<p>Jean-Michel Aphatie prend la d\u00e9fense de<br \/>\nL\u00e9a Salam\u00e9<\/p>\n<p data-start=\"1823\" data-end=\"2349\">Ce \u00e0 quoi l\u2019actrice a r\u00e9pondu<br \/>\n: \u00ab\u00a0Merci, \u00e7a va (\u2026) Et vous, vous allez bien ?\u00a0\u00bb. Une<br \/>\ns\u00e9quence qui a fait le buzz sur les r\u00e9seaux sociaux et qui a<br \/>\nsuscit\u00e9 de nombreuses r\u00e9actions de la part des internautes. De son<br \/>\nc\u00f4t\u00e9, Jean-Michel Aphatie ne comprend pas les critiques envers L\u00e9a<br \/>\nSalam\u00e9. \u00ab\u00a0Peut-\u00eatre qu\u2019on peut juger que la question est un peu<br \/>\nd\u00e9plac\u00e9e, que l\u2019intimit\u00e9 n\u2019avait pas \u00e0 intervenir l\u00e0. Et encore,<br \/>\ns\u2019il n\u2019y avait pas eu le communiqu\u00e9 \u00e0 l\u2019AFP, <strong>elle ne<br \/>\nl\u2019aurait pas fait<\/strong>\u00ab\u00a0, a-t-il d\u00e9clar\u00e9 sur le plateau de<br \/>\nQuotidien.<\/p>\n<p data-start=\"2351\" data-end=\"2673\">Avant de conclure : \u00ab\u00a0Quand<br \/>\non est un couple aussi connu, \u00e9videmment on dit qu\u2019on se s\u00e9pare et<br \/>\napr\u00e8s il y a bien quelques questions qui viennent. La question de<br \/>\nL\u00e9a Salam\u00e9 n\u2019\u00e9tait pas une question tr\u00e8s intrusive. Et si on peut<br \/>\nla critiquer, pourquoi pas, \u00e7<strong>a ne m\u00e9rite pas<\/strong> deux<br \/>\njours de bastonnade tout \u00e0 fait singuli\u00e8re\u00a0\u00bb.<\/p>\n","protected":false},"excerpt":{"rendered":"EN BREF Jean-Michel Aphatie, chroniqueur depuis trois ans dans \u00ab\u00a0Quotidien&rsquo; anim\u00e9 par Yann Barth\u00e8s sur TMC, se confie&hellip;\n","protected":false},"author":2,"featured_media":371846,"comment_status":"","ping_status":"","sticky":false,"template":"","format":"standard","meta":{"footnotes":""},"categories":[1359],"tags":[548,58,59,1011,27,45795,973,1404],"class_list":{"0":"post-426006","1":"post","2":"type-post","3":"status-publish","4":"format-standard","5":"has-post-thumbnail","7":"category-people","8":"tag-article-simple","9":"tag-divertissement","10":"tag-entertainment","11":"tag-fr","12":"tag-france","13":"tag-jean-michel-aphatie","14":"tag-people","15":"tag-quotidien"},"share_on_mastodon":{"url":"https:\/\/pubeurope.com\/@fr\/115287494796374581","error":""},"_links":{"self":[{"href":"https:\/\/www.europesays.com\/fr\/wp-json\/wp\/v2\/posts\/426006","targetHints":{"allow":["GET"]}}],"collection":[{"href":"https:\/\/www.europesays.com\/fr\/wp-json\/wp\/v2\/posts"}],"about":[{"href":"https:\/\/www.europesays.com\/fr\/wp-json\/wp\/v2\/types\/post"}],"author":[{"embeddable":true,"href":"https:\/\/www.europesays.com\/fr\/wp-json\/wp\/v2\/users\/2"}],"replies":[{"embeddable":true,"href":"https:\/\/www.europesays.com\/fr\/wp-json\/wp\/v2\/comments?post=426006"}],"version-history":[{"count":0,"href":"https:\/\/www.europesays.com\/fr\/wp-json\/wp\/v2\/posts\/426006\/revisions"}],"wp:featuredmedia":[{"embeddable":true,"href":"https:\/\/www.europesays.com\/fr\/wp-json\/wp\/v2\/media\/371846"}],"wp:attachment":[{"href":"https:\/\/www.europesays.com\/fr\/wp-json\/wp\/v2\/media?parent=426006"}],"wp:term":[{"taxonomy":"category","embeddable":true,"href":"https:\/\/www.europesays.com\/fr\/wp-json\/wp\/v2\/categories?post=426006"},{"taxonomy":"post_tag","embeddable":true,"href":"https:\/\/www.europesays.com\/fr\/wp-json\/wp\/v2\/tags?post=426006"}],"curies":[{"name":"wp","href":"https:\/\/api.w.org\/{rel}","templated":true}]}}