{"id":426007,"date":"2025-09-29T12:05:17","date_gmt":"2025-09-29T12:05:17","guid":{"rendered":"https:\/\/www.europesays.com\/fr\/426007\/"},"modified":"2025-09-29T12:05:17","modified_gmt":"2025-09-29T12:05:17","slug":"a-paris-picasso-va-avoir-droit-a-son-jardin-dexposition-gratuit","status":"publish","type":"post","link":"https:\/\/www.europesays.com\/fr\/426007\/","title":{"rendered":"\u00c0 Paris, Picasso va avoir droit \u00e0 son jardin d\u2019exposition gratuit"},"content":{"rendered":"<p>        <img decoding=\"async\" loading=\"lazy\" src=\"https:\/\/www.europesays.com\/fr\/wp-content\/uploads\/2025\/09\/a3a741d_upload-1-ig6dvjghy9cx-afp-20141018-457435762-v2-highres-pablopicassomuseumpresspreviewinpari.jpeg\"  width=\"728\" height=\"462\" alt=\"La Ch\u00e8vre, l\u2019une des sculptures les plus connues de l\u2019artiste espagnol, devrait \u00eatre expos\u00e9e dans son nouveau jardin.\"\/>  <\/p>\n<p>THIERRY CHESNOT \/ Getty Images via AFP<\/p>\n<p>La Ch\u00e8vre, l\u2019une des sculptures les plus connues de l\u2019artiste espagnol, devrait \u00eatre expos\u00e9e dans son nouveau jardin.<\/p>\n<p class=\"asset asset-text\">CULTURE &#8211; \u00ab\u00a0Parenth\u00e8se enchant\u00e9e\u00a0\u00bb dans la ville. Un <a href=\"https:\/\/www.huffingtonpost.fr\/life\/article\/a-l-automne-voici-les-fleurs-graines-fruits-et-legumes-a-planter-dans-votre-jardin-ou-sur-votre-balcon_255244.html\" rel=\"nofollow noopener\" target=\"_blank\">jardin<\/a> de <a href=\"https:\/\/www.huffingtonpost.fr\/international\/article\/cette-mysterieuse-statue-apparue-pres-de-la-maison-blanche-a-tout-pour-agacer-trump_255171.html\" rel=\"nofollow noopener\" target=\"_blank\">sculptures<\/a> en bronze de <a href=\"https:\/\/www.huffingtonpost.fr\/culture\/article\/un-tableau-de-picasso-exceptionnel-a-ete-retrouve-il-n-avait-jamais-ete-expose-au-public_254987.html\" rel=\"nofollow noopener\" target=\"_blank\">Pablo Picasso<\/a>, \u00ab\u00a0accessible \u00e0 tous gratuitement\u00a0\u00bb, ouvrira ses portes en 2030 au pied du mus\u00e9e national Picasso \u00e0 Paris, a annonc\u00e9 dimanche 28\u00a0septembre C\u00e9cile Debray, pr\u00e9sidente de cet \u00e9tablissement qui f\u00eate son quaranti\u00e8me anniversaire.<\/p>\n<p class=\"asset asset-text\">Ce \u00ab\u00a0premier mus\u00e9e \u00e0 ciel ouvert\u00a0\u00bb d\u00e9di\u00e9 au ma\u00eetre de la peinture moderne sera con\u00e7u comme une extension du mus\u00e9e cr\u00e9\u00e9 en 1985 et qui abrite la plus grande<a href=\"https:\/\/www.huffingtonpost.fr\/culture\/article\/les-uvres-du-centre-pompidou-ne-vont-pas-disparaitre-apres-la-fermeture-voici-ou-les-voir-pendant-les-travaux_254937.html\" rel=\"nofollow noopener\" target=\"_blank\"> collection d\u2019\u0153uvres<\/a> de Picasso au monde, a pr\u00e9cis\u00e9 l\u2019historienne \u00e0 l\u2019AFP en marge de cet anniversaire.<\/p>\n<p class=\"asset asset-text\">Le jardin, qui devrait s\u2019\u00e9tendre sur plus de 2\u00a0300\u00a0m\u00b2 v\u00e9g\u00e9talis\u00e9s, va abriter une dizaine de cr\u00e9ations embl\u00e9matiques de l\u2019artiste espagnol, dont sa c\u00e9l\u00e8bre \u00ab\u00a0Ch\u00e8vre\u00a0\u00bb. Ce futur espace en ext\u00e9rieur r\u00e9unira le jardin du mus\u00e9e, m\u00e9connu du public et qui n\u2019abrite \u00e0 ce jour aucune \u0153uvre de Picasso, ainsi que le petit square qui le jouxte, a ajout\u00e9 sa pr\u00e9sidente. Il sera accessible aux m\u00eames horaires qu\u2019un jardin public, gratuitement mais sous la surveillance du mus\u00e9e.<\/p>\n<p class=\"asset asset-text\">La fille du peintre Paloma Picasso, \u00e0 la t\u00eate de l\u2019administration Picasso, s\u2019est \u00e9galement exprim\u00e9e pour l\u2019AFP. \u00ab\u00a0C\u2019est un projet plein de vie, comme mon p\u00e8re, et une belle fa\u00e7on de l\u2019honorer\u00a0\u00bb \u00e0 Paris, \u00ab\u00a0ville immens\u00e9ment importante pour lui o\u00f9 il est rest\u00e9 pendant la guerre (1939-1945) et o\u00f9 il a conserv\u00e9 longtemps son atelier\u00a0\u00bb, pr\u00e9cise-t-elle. Si des sculptures de Picasso habitent l\u2019espace public \u00e0 New York ou Chicago, ce n\u2019est pas le cas \u00e0 Paris, a soulign\u00e9 la pr\u00e9sidente du mus\u00e9e.<\/p>\n<p class=\"asset asset-text\">Ce sera, esp\u00e8re C\u00e9cile\u00a0Debray, \u00ab\u00a0une parenth\u00e8se enchant\u00e9e\u00a0\u00bb dans la ville, \u00ab\u00a0dans l\u2019esprit de Picasso avec un public qui pourra interagir avec les \u0153uvres et o\u00f9 les petits enfants pourront jouer au milieu de la v\u00e9g\u00e9tation\u00a0\u00bb. Baptis\u00e9 \u00ab\u00a0Picasso 2030\u00a0\u00bb, le projet est soutenu par la Ville de Paris et le minist\u00e8re de la Culture. Il a \u00e9t\u00e9 con\u00e7u \u00ab\u00a0en dialogue avec la famille Picasso et notamment Paloma\u00a0\u00bb, a-t-elle ajout\u00e9.<\/p>\n<p>    Une nouvelle aile pour compl\u00e9ter le mus\u00e9e    <\/p>\n<p class=\"asset asset-text\">La \u00ab\u00a0Ch\u00e8vre\u00a0\u00bb sculpt\u00e9e \u00e9voque \u00e0 Paloma Picasso un souvenir d\u2019enfance\u00a0: lorsqu\u2019elle avait \u00ab\u00a0six, sept ans\u00a0\u00bb, une ch\u00e8vre, vivante, \u00ab\u00a0a habit\u00e9 tout l\u2019\u00e9t\u00e9 avec nous dans la maison La Californie sur la C\u00f4te d\u2019Azur\u00a0\u00bb et \u00ab\u00a0dormait au premier \u00e9tage o\u00f9 il y avait les chambres. Un jour, mon p\u00e8re l\u2019a attach\u00e9e \u00e0 son mod\u00e8le en bronze, ce qui nous faisait rire\u00a0\u00bb, a-t-elle racont\u00e9.<\/p>\n<p class=\"asset asset-text\">Plusieurs am\u00e9nagements sont pr\u00e9vus comme l\u2019ajout d\u2019une nouvelle aile qui va venir compl\u00e9ter le b\u00e2timent historique du mus\u00e9e, un h\u00f4tel particulier du XVII\u1d49\u00a0si\u00e8cle situ\u00e9 en plein c\u0153ur du c\u00e9l\u00e8bre quartier du Marais. Cet agrandissement devrait permettre de doubler les espaces d\u00e9di\u00e9s aux expositions temporaires qui passeront \u00e0 800\u00a0m\u00b2. Selon l\u2019historienne, qui a eu \u00e0 c\u0153ur depuis son arriv\u00e9e \u00e0 la t\u00eate de l\u2019institution, il y a quatre ans, de renouveler l\u2019approche de l\u2019\u0153uvre de Pablo Picasso \u00e0 la lumi\u00e8re des d\u00e9bats de soci\u00e9t\u00e9 et notamment de la vague #MeToo.<\/p>\n<p class=\"asset asset-text\">La pr\u00e9sidente du mus\u00e9e a \u00e9galement annonc\u00e9 l\u2019ouverture de plusieurs commerces comme \u00ab\u00a0un caf\u00e9-restaurant donnant directement sur le jardin, une librairie de r\u00e9f\u00e9rence sur l\u2019art moderne ainsi que des espaces p\u00e9dagogiques et de m\u00e9diation innovants\u00a0\u00bb, explique-t-elle.<\/p>\n<p class=\"asset asset-text\">Ce projet cons\u00e9quent d\u2019un budget global estim\u00e9 \u00e0 50\u00a0millions d\u2019euros sera enti\u00e8rement autofinanc\u00e9 par le m\u00e9c\u00e9nat et le soutien de la famille Picasso. Les travaux d\u2019agrandissement doivent d\u00e9buter en 2028. Le mus\u00e9e restera ouvert pendant toute leur dur\u00e9e.<\/p>\n","protected":false},"excerpt":{"rendered":"THIERRY CHESNOT \/ Getty Images via AFP La Ch\u00e8vre, l\u2019une des sculptures les plus connues de l\u2019artiste espagnol,&hellip;\n","protected":false},"author":2,"featured_media":426008,"comment_status":"","ping_status":"","sticky":false,"template":"","format":"standard","meta":{"footnotes":""},"categories":[1358],"tags":[1348,1384,1385,251,1386,58,59,3293,1011,27,3048,52200,3899],"class_list":{"0":"post-426007","1":"post","2":"type-post","3":"status-publish","4":"format-standard","5":"has-post-thumbnail","7":"category-arts-et-design","8":"tag-arts","9":"tag-arts-and-design","10":"tag-arts-et-design","11":"tag-culture","12":"tag-design","13":"tag-divertissement","14":"tag-entertainment","15":"tag-exposition","16":"tag-fr","17":"tag-france","18":"tag-musee","19":"tag-pablo-picasso","20":"tag-sculpture"},"share_on_mastodon":{"url":"https:\/\/pubeurope.com\/@fr\/115287498700282086","error":""},"_links":{"self":[{"href":"https:\/\/www.europesays.com\/fr\/wp-json\/wp\/v2\/posts\/426007","targetHints":{"allow":["GET"]}}],"collection":[{"href":"https:\/\/www.europesays.com\/fr\/wp-json\/wp\/v2\/posts"}],"about":[{"href":"https:\/\/www.europesays.com\/fr\/wp-json\/wp\/v2\/types\/post"}],"author":[{"embeddable":true,"href":"https:\/\/www.europesays.com\/fr\/wp-json\/wp\/v2\/users\/2"}],"replies":[{"embeddable":true,"href":"https:\/\/www.europesays.com\/fr\/wp-json\/wp\/v2\/comments?post=426007"}],"version-history":[{"count":0,"href":"https:\/\/www.europesays.com\/fr\/wp-json\/wp\/v2\/posts\/426007\/revisions"}],"wp:featuredmedia":[{"embeddable":true,"href":"https:\/\/www.europesays.com\/fr\/wp-json\/wp\/v2\/media\/426008"}],"wp:attachment":[{"href":"https:\/\/www.europesays.com\/fr\/wp-json\/wp\/v2\/media?parent=426007"}],"wp:term":[{"taxonomy":"category","embeddable":true,"href":"https:\/\/www.europesays.com\/fr\/wp-json\/wp\/v2\/categories?post=426007"},{"taxonomy":"post_tag","embeddable":true,"href":"https:\/\/www.europesays.com\/fr\/wp-json\/wp\/v2\/tags?post=426007"}],"curies":[{"name":"wp","href":"https:\/\/api.w.org\/{rel}","templated":true}]}}