{"id":426011,"date":"2025-09-29T12:07:11","date_gmt":"2025-09-29T12:07:11","guid":{"rendered":"https:\/\/www.europesays.com\/fr\/426011\/"},"modified":"2025-09-29T12:07:11","modified_gmt":"2025-09-29T12:07:11","slug":"on-est-en-direct-je-peux-pas-couper-j","status":"publish","type":"post","link":"https:\/\/www.europesays.com\/fr\/426011\/","title":{"rendered":"\u00ab\u00a0On est en direct je peux pas couper\u00a0\u00bb&#8230; J &#8230;"},"content":{"rendered":"<p>EN BREF<\/p>\n<ul class=\"bloc_resume_post_list\">\n<li>Le 29 septembre, Ren\u00e9 a charm\u00e9 le public des 12 Coups de<br \/>\nmidi en dansant et partageant son histoire d\u00a0\u00bbamour avec<br \/>\nAnnie.<\/li>\n<li>Jean-Luc Reichmann a rappel\u00e9 les r\u00e8gles du direct avec<br \/>\nhumour, provoquant l&rsquo;hilarit\u00e9 du public lors d&rsquo;une s\u00e9quence<br \/>\nimpr\u00e9vue.<\/li>\n<li>Un moment de t\u00e9l\u00e9vision touchant qui a mis en lumi\u00e8re<br \/>\nl&rsquo;esprit bon enfant et la tendresse du couple Ren\u00e9 et<br \/>\nAnnie.<\/li>\n<\/ul>\n<p>Moment de <strong>tendresse<\/strong>\u00a0et de<br \/>\n<strong>rires<\/strong> ce lundi 29 septembre sur le plateau des<br \/>\n<a href=\"https:\/\/www.telestar.fr\/actu_tv\/12_coups_de_midi\/les-12-coups-de-midi-coup-de-maitre-pour-cyprien-sa-cagnotte-senvole-1739645\" target=\"_blank\" rel=\"noopener\"><br \/>\n12 coups de midi<\/a>. Ren\u00e9 a charm\u00e9 le public en dansant<br \/>\nsur <a href=\"https:\/\/www.telestar.fr\/actu_tv\/noubliez-pas-les-paroles-lemission-de-nagui-visee-par-une-plainte-une-vieille-sequence-refait-surface-1716200\" target=\"_blank\" rel=\"noopener\"><br \/>\nNiska<\/a> avant de raconter son <strong>histoire d\u2019amour<\/strong><br \/>\navec son \u00e9pouse Annie. \u201cJe me suis inscrit au casting de<br \/>\nLimoges, c\u2019\u00e9tait <strong>formidable<\/strong> !\u201d, a-t-il<br \/>\nracont\u00e9, avant de pr\u00e9ciser qu\u2019il \u00e9tait accompagn\u00e9 de \u201cma fille<br \/>\net ma petite-fille\u201d.<\/p>\n<p>L\u2019ambiance s\u2019est r\u00e9chauff\u00e9e lorsque <a href=\"https:\/\/www.telestar.fr\/actu_tv\/les-12-coups-de-midi-on-en-a-parle-avec-emilien-cyprien-frole-le-drame-et-jean-luc-reichmann-lavertit-1739520\" target=\"_blank\" rel=\"noopener\"><br \/>\nJean-Luc Reichmann<\/a> lui a demand\u00e9 comment il avait rencontr\u00e9<br \/>\nAnnie. \u201cC\u2019\u00e9tait dans les <strong>ann\u00e9es 65\u2026 un autre temps<br \/>\n!<\/strong> Il n\u2019y avait <strong>pas de t\u00e9l\u00e9phone, pas de r\u00e9seaux<br \/>\nsociaux<\/strong>\u2026 qu\u2019est-ce qu\u2019il restait ? Le <strong>bal<br \/>\nmusette<\/strong> !\u201d a souri Ren\u00e9. Et Annie, interrog\u00e9e sur la<br \/>\nlong\u00e9vit\u00e9 de leur mariage, a r\u00e9pondu sans h\u00e9siter :<br \/>\n\u201c<strong>L\u2019amour<\/strong> ! Bien s\u00fbr, il faut des<br \/>\n<strong>concessions<\/strong>, mais c\u2019est <strong>l\u2019amour qui est<br \/>\nprimordial.<\/strong><strong>\u201d<\/strong><\/p>\n<p>Jean-Luc Reichmann rappelle les r\u00e8gles du direct sur TF1<\/p>\n<p>Alors qu\u2019Annie confiait avec <strong>malice<\/strong> que son<br \/>\nmari \u00e9tait \u201c<strong>tr\u00e8s gentil, tr\u00e8s patient\u2026 mais<br \/>\nbord\u00e9lique<\/strong>\u201d, Ren\u00e9 a tent\u00e9 de faire signe <strong>de<br \/>\ncouper la s\u00e9quence<\/strong>. Une r\u00e9action qui a provoqu\u00e9<br \/>\n<strong>l\u2019hilarit\u00e9<\/strong> du public. <a href=\"https:\/\/www.telestar.fr\/actu_tv\/les-12-coups-de-midi-il-faut-consulter-jean-luc-reichmann-enfonce-un-candidat-deja-pas-au-top-1737445\" target=\"_blank\" rel=\"noopener\"><br \/>\nL\u2019animateur Jean-Luc Reichmann<\/a> a aussit\u00f4t recadr\u00e9 la situation<br \/>\navec humour : \u201c<strong>Qu\u2019est-ce qu\u2019il y a ? Non, on est en<br \/>\ndirect Ren\u00e9, je ne peux pas couper ! On est en direct, vous<br \/>\ncomprenez ? On ne coupe rien !<\/strong>\u201d<\/p>\n<p>Pour d\u00e9tendre l\u2019atmosph\u00e8re, <a href=\"https:\/\/www.telestar.fr\/actu_tv\/les-12-coups-de-midi-jean-luc-reichmann-a-un-veritable-coup-de-coeur-pour-le-nouveau-maitre-de-midi-1736618\" target=\"_blank\" rel=\"noopener\"><br \/>\nl\u2019animateur de TF1<\/a> a invit\u00e9 Ren\u00e9 \u00e0 <strong>embrasser son<br \/>\n\u00e9pouse.<\/strong> \u201cVous \u00eates tellement <strong>beaux<\/strong><br \/>\ntous les deux, allez <strong>embrassez votre \u00e9pouse<br \/>\n!\u201d<\/strong> Mais le candidat, un peu maladroit, a rat\u00e9 sa<br \/>\ncible et embrass\u00e9 Annie sur la joue. \u201c<strong>Quand on a 57 ans<br \/>\nde mariage, on ne s\u2019embrasse plus sur la bouche\u2026<\/strong>\u201d a<br \/>\nlanc\u00e9 Jean-Luc Reichmann, avant de relancer la sc\u00e8ne : \u201cAllez,<br \/>\n<strong>on recommence !<\/strong>\u201d<\/p>\n<p>Un couple attendrissant qui s\u00e9duit le<br \/>\npublic des 12 Coups de midi<\/p>\n<p>Malgr\u00e9 ce petit loup\u00e9, Ren\u00e9 a r\u00e9pondu avec spontan\u00e9it\u00e9 :<br \/>\n\u201cSi, mais pourquoi pas ?\u201d avant de se pr\u00eater au jeu et<br \/>\n<strong>d\u2019embrasser Annie sous les applaudissements<\/strong>.<br \/>\nTouch\u00e9e, sa femme a ajout\u00e9. \u201cIl est<br \/>\n<strong>formidable<\/strong>, <strong>je ne m\u2019ennuie jamais avec<br \/>\nlui<\/strong><strong>.\u201d<\/strong><\/p>\n<p>Un moment de t\u00e9l\u00e9vision qui a une nouvelle fois mis en avant<br \/>\n<strong>l\u2019esprit bon enfant<\/strong> des 12 Coups de midi.<br \/>\n\u201cEt alors voil\u00e0, <strong>elle est alerte votre<br \/>\n\u00e9pouse<\/strong>.\u201d a conclu Jean-Luc Reichmann, ravi d\u2019offrir<br \/>\naux t\u00e9l\u00e9spectateurs une s\u00e9quence \u00e0 la fois dr\u00f4le et pleine de<br \/>\ntendresse.<\/p>\n","protected":false},"excerpt":{"rendered":"EN BREF Le 29 septembre, Ren\u00e9 a charm\u00e9 le public des 12 Coups de midi en dansant et&hellip;\n","protected":false},"author":2,"featured_media":426012,"comment_status":"","ping_status":"","sticky":false,"template":"","format":"standard","meta":{"footnotes":""},"categories":[1356],"tags":[548,58,59,1011,27,465,466,252,1364],"class_list":{"0":"post-426011","1":"post","2":"type-post","3":"status-publish","4":"format-standard","5":"has-post-thumbnail","7":"category-television","8":"tag-article-simple","9":"tag-divertissement","10":"tag-entertainment","11":"tag-fr","12":"tag-france","13":"tag-jean-luc-reichmann","14":"tag-les-12-coups-de-midi","15":"tag-television","16":"tag-tv"},"share_on_mastodon":{"url":"https:\/\/pubeurope.com\/@fr\/115287506636705931","error":""},"_links":{"self":[{"href":"https:\/\/www.europesays.com\/fr\/wp-json\/wp\/v2\/posts\/426011","targetHints":{"allow":["GET"]}}],"collection":[{"href":"https:\/\/www.europesays.com\/fr\/wp-json\/wp\/v2\/posts"}],"about":[{"href":"https:\/\/www.europesays.com\/fr\/wp-json\/wp\/v2\/types\/post"}],"author":[{"embeddable":true,"href":"https:\/\/www.europesays.com\/fr\/wp-json\/wp\/v2\/users\/2"}],"replies":[{"embeddable":true,"href":"https:\/\/www.europesays.com\/fr\/wp-json\/wp\/v2\/comments?post=426011"}],"version-history":[{"count":0,"href":"https:\/\/www.europesays.com\/fr\/wp-json\/wp\/v2\/posts\/426011\/revisions"}],"wp:featuredmedia":[{"embeddable":true,"href":"https:\/\/www.europesays.com\/fr\/wp-json\/wp\/v2\/media\/426012"}],"wp:attachment":[{"href":"https:\/\/www.europesays.com\/fr\/wp-json\/wp\/v2\/media?parent=426011"}],"wp:term":[{"taxonomy":"category","embeddable":true,"href":"https:\/\/www.europesays.com\/fr\/wp-json\/wp\/v2\/categories?post=426011"},{"taxonomy":"post_tag","embeddable":true,"href":"https:\/\/www.europesays.com\/fr\/wp-json\/wp\/v2\/tags?post=426011"}],"curies":[{"name":"wp","href":"https:\/\/api.w.org\/{rel}","templated":true}]}}