{"id":426017,"date":"2025-09-29T12:10:12","date_gmt":"2025-09-29T12:10:12","guid":{"rendered":"https:\/\/www.europesays.com\/fr\/426017\/"},"modified":"2025-09-29T12:10:12","modified_gmt":"2025-09-29T12:10:12","slug":"a-24-ans-elle-a-honte-de-parler-de-son-symptome-elle-souffre-dun-cancer-de-stade-3","status":"publish","type":"post","link":"https:\/\/www.europesays.com\/fr\/426017\/","title":{"rendered":"\u00e0 24 ans, elle a honte de parler de son sympt\u00f4me&#8230; elle souffre d&rsquo;un cancer de stade 3"},"content":{"rendered":"<p class=\"mb-4 text-lg md:leading-8 break-words\">La vie de Meagan Meadows a chavir\u00e9 en seulement quelques jours. \u00c0 24 ans, cette stagiaire enseignante originaire de Californie a appris qu&rsquo;elle souffrait<a data-i13n=\"cpos:1;pos:1\" href=\"https:\/\/fr.news.yahoo.com\/fines-comme-un-crayon-un-medecin-alerte-sur-un-symptome-meconnu-et-tres-discret-du-cancer-de-lintestin-130438000.html\" data-ylk=\"slk:d&#039;un cancer du c\u00f4lon de stade 3;cpos:1;pos:1;elm:context_link;itc:0;sec:content-canvas;outcm:mb_qualified_link;_E:mb_qualified_link;ct:story;\" class=\"link  yahoo-link\" rel=\"nofollow noopener\" target=\"_blank\"> d&rsquo;un cancer du c\u00f4lon de stade 3<\/a>. Aujourd&rsquo;hui, elle alerte sur le seul sympt\u00f4me \u00e0 c\u00f4t\u00e9 <a data-i13n=\"cpos:2;pos:1\" href=\"https:\/\/fr.news.yahoo.com\/a-38-ans-elle-pense-souffrir-dun-simple-rhume-il-ne-lui-reste-en-fait-que-deux-ans-a-vivre-151503467.html\" data-ylk=\"slk:duquel elle a bien failli passer.;cpos:2;pos:1;elm:context_link;itc:0;sec:content-canvas;outcm:mb_qualified_link;_E:mb_qualified_link;ct:story;\" class=\"link  yahoo-link\" rel=\"nofollow noopener\" target=\"_blank\">duquel elle a bien failli passer. <\/a><\/p>\n<p>\u00ab\u00a0J\u2019\u00e9tais tellement g\u00ean\u00e9e car j\u2019allais bien\u00a0\u00bb<\/p>\n<p class=\"mb-4 text-lg md:leading-8 break-words\">Tout a commenc\u00e9 dans sa plus stricte intimit\u00e9. Un jour, Meagan se rend aux toilettes et remarque une tr\u00e8s l\u00e9g\u00e8re quantit\u00e9 de sang dans ses selles. Loin de s&rsquo;en inqui\u00e9ter, la jeune femme met cela sur le compte <a data-i13n=\"cpos:3;pos:1\" href=\"https:\/\/fr.news.yahoo.com\/a-44-ans-il-pensait-avoir-mange-de-la-viande-douteuse--il-souffrait-dun-cancer-colorectal-de-stade-4-113352776.html\" data-ylk=\"slk:de son alimentation;cpos:3;pos:1;elm:context_link;itc:0;sec:content-canvas;outcm:mb_qualified_link;_E:mb_qualified_link;ct:story;\" class=\"link  yahoo-link\" rel=\"nofollow noopener\" target=\"_blank\">de son alimentation<\/a>, et va m\u00eame jusqu&rsquo;\u00e0 penser qu&rsquo;il s&rsquo;agit du stress ou m\u00eame d&rsquo;h\u00e9morro\u00efdes. Tout sauf un cancer. Mais lorsqu&rsquo;elle ose se confier \u00e0 des amis, ceux-ci l&rsquo;encouragent \u00e0 consulter un m\u00e9decin. Meagan obtemp\u00e8re et se soumet \u00e0 une batterie d&rsquo;examens et des scanners. Les r\u00e9sultats sont normaux, seul un \u00e9paississement de la paroi intestinale est observ\u00e9 et mis sur le compte d&rsquo;un manque de fibres ou d&rsquo;une d\u00e9shydratation. Mais les m\u00e9decins conseillent \u00e0 la jeune femme de passer une coloscopie, afin d&rsquo;\u00e9carter tout danger. Embarrass\u00e9e par la situation, Meagan h\u00e9site \u00e0 annuler son rendez-vous, comme elle le raconte aujourd&rsquo;hui dans un article publi\u00e9 sur le site <a data-i13n=\"cpos:4;pos:1\" href=\"https:\/\/www.businessinsider.com\/24-year-old-diagnosed-stage-3-colon-cancer-subtle-symptom-2025-9\" rel=\"nofollow noopener\" target=\"_blank\" data-ylk=\"slk:Business Insider;cpos:4;pos:1;elm:context_link;itc:0;sec:content-canvas\" class=\"link \">Business Insider<\/a> : \u00ab\u00a0J&rsquo;\u00e9tais tellement g\u00ean\u00e9e, car visiblement, j&rsquo;allais bien.\u00a0\u00bb La jeune femme comprend tr\u00e8s vite qu&rsquo;elle a bien fait de se soumettre \u00e0 l&rsquo;examen, puisqu&rsquo;il permet de r\u00e9v\u00e9ler une tumeur \u00ab\u00a0de la taille d&rsquo;une noix\u00a0\u00bb dans son c\u00f4lon. Plus tard, une biopsie et des examens suppl\u00e9mentaires confirmeront qu&rsquo;il s&rsquo;agit <a data-i13n=\"cpos:5;pos:1\" href=\"https:\/\/fr.news.yahoo.com\/cancer-du-colon-8-signes-dalerte-a-ne-pas-ignorer-et-etat-des-lieux-en-france-134213449.html\" data-ylk=\"slk:d&#039;un cancer du c\u00f4lon de stade 3;cpos:5;pos:1;elm:context_link;itc:0;sec:content-canvas;outcm:mb_qualified_link;_E:mb_qualified_link;ct:story;\" class=\"link  yahoo-link\" rel=\"nofollow noopener\" target=\"_blank\">d&rsquo;un cancer du c\u00f4lon de stade 3 <\/a>qui s&rsquo;est propag\u00e9 aux ganglions lymphatiques environnants.<\/p>\n<p>\u00ab\u00a0Personne n\u2019a envie de parler de ses excr\u00e9ments\u00a0\u00bb<\/p>\n<p class=\"mb-4 text-lg md:leading-8 break-words\">Sonn\u00e9e par l&rsquo;annonce de son diagnostic, Meagan a <a data-i13n=\"cpos:6;pos:1\" href=\"https:\/\/fr.news.yahoo.com\/a-31-ans-et-ne-ressentant-aucune-douleur-il-decouvre-quil-souffre-dun-cancer-a-cause-dun-symptome-inquietant-091150852.html\" data-ylk=\"slk:encore beaucoup de mal \u00e0 y croire;cpos:6;pos:1;elm:context_link;itc:0;sec:content-canvas;outcm:mb_qualified_link;_E:mb_qualified_link;ct:story;\" class=\"link  yahoo-link\" rel=\"nofollow noopener\" target=\"_blank\">encore beaucoup de mal \u00e0 y croire<\/a>, elle qui se pensait en parfaite sant\u00e9. Il faut dire que cette petite quantit\u00e9 de sang aux toilettes a \u00e9t\u00e9 son seul sympt\u00f4me avant-coureur. \u00ab\u00a0Ce n&rsquo;\u00e9tait pas en quantit\u00e9s inqui\u00e9tantes ; ce n&rsquo;\u00e9tait pas toujours l\u00e0. Je ne le remarquais presque jamais. Je l&rsquo;ai facilement mis sur le compte d&rsquo;autre chose.\u00a0\u00bb Pour la jeune femme, parler publiquement de son histoire a \u00e9t\u00e9 \u00ab\u00a0une exp\u00e9rience assez d\u00e9licate\u00a0\u00bb : \u00ab\u00a0\u00c9videmment, personne n&rsquo;a envie de parler de ses excr\u00e9ments. Mais c&rsquo;est toujours mieux de se faire examiner.\u00a0\u00bb Apr\u00e8s avoir subi une intervention chirurgicale, Meagan a commenc\u00e9 un traitement de chimioth\u00e9rapie, et apprend petit \u00e0 petit \u00e0 vivre avec le cancer. Plus que tout, la jeune femme souhaite sensibiliser la jeune g\u00e9n\u00e9ration au risque de cancer du c\u00f4lon, et surtout aux sympt\u00f4mes de la maladie, tr\u00e8s souvent difficiles \u00e0 d\u00e9celer \u00e0 temps. \u00ab\u00a0Je suis pass\u00e9e d&rsquo;une jeune fille normale de 24 ans \u00e0 devoir maintenant planifier quelque chose que je n&rsquo;avais m\u00eame pas envisag\u00e9 (&#8230;) Tout cela est tellement surr\u00e9aliste. La chimio est vraiment \u00e9prouvante, mentalement et physiquement. Je vis au jour le jour et j&rsquo;essaie de profiter au maximum de ce que je peux\u00a0\u00bb confie-t-elle.<\/p>\n<p>Un cancer qui touche de plus en plus de jeunes<\/p>\n<p class=\"mb-4 text-lg md:leading-8 break-words\">\u00ab\u00a0Si j\u2019avais su que tant de jeunes recevaient un diagnostic de cancer du c\u00f4lon, j\u2019aurais pris le sympt\u00f4me plus au s\u00e9rieux\u00a0\u00bb admet Meagan. En effet, ces derni\u00e8res d\u00e9cennies ont \u00e9t\u00e9 marqu\u00e9es par une explosion de cancer colorectal chez les jeunes. En France, selon <a data-i13n=\"cpos:7;pos:1\" href=\"https:\/\/www.gustaveroussy.fr\/fr\/cancer-colorectal\" rel=\"nofollow noopener\" target=\"_blank\" data-ylk=\"slk:l\u2019Institut Gustave Roussy;cpos:7;pos:1;elm:context_link;itc:0;sec:content-canvas\" class=\"link \">l\u2019Institut Gustave Roussy<\/a>, plus de 43 000 personnes sont touch\u00e9es par an, faisant du cancer colorectal l&rsquo;un des cancers les plus fr\u00e9quents dans l&rsquo;Hexagone. En 2022, l&rsquo;h\u00f4pital Gustave Roussy a observ\u00e9 une hausse de 13% des cancers colorectaux chez les moins de 50 ans. D\u00e9tect\u00e9 \u00e0 un stade pr\u00e9coce, il se gu\u00e9rit \u00ab\u00a0dans 9 cas sur 10\u00a0\u00bb. Toutefois, avant l&rsquo;\u00e2ge de 50 ans, ce type de cancer reste \u00ab\u00a0exceptionnel\u00a0\u00bb et est souvent d\u00fb \u00e0 une pr\u00e9disposition g\u00e9n\u00e9tique. Les sympt\u00f4mes incluent du sang dans les selles comme dans le cas de Meagan, mais aussi des douleurs abdominales, des ballonnements, une perte de poids inexpliqu\u00e9e, des naus\u00e9es et des vomissements, de la fatigue et un essoufflement.<\/p>\n","protected":false},"excerpt":{"rendered":"La vie de Meagan Meadows a chavir\u00e9 en seulement quelques jours. \u00c0 24 ans, cette stagiaire enseignante originaire&hellip;\n","protected":false},"author":2,"featured_media":426018,"comment_status":"","ping_status":"","sticky":false,"template":"","format":"standard","meta":{"footnotes":""},"categories":[10],"tags":[1764,101,2672,55484,1011,27,72,17307,55483,71,16420],"class_list":{"0":"post-426017","1":"post","2":"type-post","3":"status-publish","4":"format-standard","5":"has-post-thumbnail","7":"category-sante","8":"tag-ans","9":"tag-cancer","10":"tag-cancer-du-colon","11":"tag-envie-de-parler","12":"tag-fr","13":"tag-france","14":"tag-health","15":"tag-jeune-femme","16":"tag-meagan","17":"tag-sante","18":"tag-symptome"},"share_on_mastodon":{"url":"https:\/\/pubeurope.com\/@fr\/115287518409905385","error":""},"_links":{"self":[{"href":"https:\/\/www.europesays.com\/fr\/wp-json\/wp\/v2\/posts\/426017","targetHints":{"allow":["GET"]}}],"collection":[{"href":"https:\/\/www.europesays.com\/fr\/wp-json\/wp\/v2\/posts"}],"about":[{"href":"https:\/\/www.europesays.com\/fr\/wp-json\/wp\/v2\/types\/post"}],"author":[{"embeddable":true,"href":"https:\/\/www.europesays.com\/fr\/wp-json\/wp\/v2\/users\/2"}],"replies":[{"embeddable":true,"href":"https:\/\/www.europesays.com\/fr\/wp-json\/wp\/v2\/comments?post=426017"}],"version-history":[{"count":0,"href":"https:\/\/www.europesays.com\/fr\/wp-json\/wp\/v2\/posts\/426017\/revisions"}],"wp:featuredmedia":[{"embeddable":true,"href":"https:\/\/www.europesays.com\/fr\/wp-json\/wp\/v2\/media\/426018"}],"wp:attachment":[{"href":"https:\/\/www.europesays.com\/fr\/wp-json\/wp\/v2\/media?parent=426017"}],"wp:term":[{"taxonomy":"category","embeddable":true,"href":"https:\/\/www.europesays.com\/fr\/wp-json\/wp\/v2\/categories?post=426017"},{"taxonomy":"post_tag","embeddable":true,"href":"https:\/\/www.europesays.com\/fr\/wp-json\/wp\/v2\/tags?post=426017"}],"curies":[{"name":"wp","href":"https:\/\/api.w.org\/{rel}","templated":true}]}}