{"id":426021,"date":"2025-09-29T12:12:18","date_gmt":"2025-09-29T12:12:18","guid":{"rendered":"https:\/\/www.europesays.com\/fr\/426021\/"},"modified":"2025-09-29T12:12:18","modified_gmt":"2025-09-29T12:12:18","slug":"quinte-les-notes-des-partants-du-quinte-de-ce-lundi-29-septembre","status":"publish","type":"post","link":"https:\/\/www.europesays.com\/fr\/426021\/","title":{"rendered":"Quint\u00e9+: Les Notes des partants du Quint\u00e9+ de ce lundi 29 septembre"},"content":{"rendered":"<p><strong>Les notes des partants du Quint\u00e9+ de ce lundi 29 septembre<\/strong><\/p>\n<p style=\"text-align: center;\"><img decoding=\"async\" src=\"https:\/\/www.europesays.com\/fr\/wp-content\/uploads\/2025\/09\/Carnet_NotesV210:00.jpg\" style=\"vertical-align : middle;\"\/><\/p>\n<p><strong>Les notes d\u00e9taill\u00e9es<\/strong><\/p>\n<p id=\"ch_INSTRUCTOR\" style=\"margin-bottom: 1%;\"><a href=\"https:\/\/www.equidia.fr\/chevaux\/instructor?horse_uuid=bc2473ae-115c-4f69-8daf-e129ebe9b6c0\" target=\"_blank\" rel=\"noopener\">1 &#8211; \u00a0<img decoding=\"async\" alt=\"casaque_INSTRUCTOR\" src=\"https:\/\/www.europesays.com\/fr\/wp-content\/uploads\/2025\/09\/20250929-r1c1p1-png.png\" style=\"width: 4.5%; margin :0; vertical-align : middle;\"\/>\u00a0\u00a0INSTRUCTOR<\/a><\/p>\n<p style=\"text-align: center;\"><img decoding=\"async\" src=\"https:\/\/www.europesays.com\/fr\/wp-content\/uploads\/2025\/09\/Note1_DigitalV210:00.jpg\" style=\"vertical-align : middle;\"\/><\/p>\n<p style=\"text-align: justify;\">Cr\u00e9dit\u00e9 d&rsquo;une note de 12\/20, le pensionnaire de Laurent Abrivard poss\u00e8de des atouts dans son jeu. Il a affront\u00e9 de meilleurs lots que celui propos\u00e9 ce lundi et d\u00e9tient le\u00a0chrono le plus rapide sur le parcours des 2150 m\u00e8tres d&rsquo;Enghien (1&rsquo;11\u00a0\u00bb8). Avec son num\u00e9ro 1 derri\u00e8re la voiture, il peut refaire surface.<\/p>\n<p id=\"ch_GOUROU\" style=\"margin-bottom: 1%;\"><a href=\"https:\/\/www.equidia.fr\/chevaux\/indien-de-fontaine?horse_uuid=68218055-26df-4537-88c5-693a4bed64b6\" target=\"_blank\" rel=\"noopener\">6 &#8211; \u00a0<img decoding=\"async\" alt=\"casaque_INDIEN DE FONTAINE\" src=\"https:\/\/www.europesays.com\/fr\/wp-content\/uploads\/2025\/09\/20250929-r1c1p6-png.png\" style=\"width: 4.5%; margin :0; vertical-align : middle;\"\/>\u00a0\u00a0INDIEN DE FONTAINE<\/a><\/p>\n<p style=\"text-align: center;\"><img decoding=\"async\" src=\"https:\/\/www.europesays.com\/fr\/wp-content\/uploads\/2025\/09\/Note6_DigitalV210:00.jpg\" style=\"vertical-align : middle;\"\/><\/p>\n<p style=\"text-align: justify;\">Le repr\u00e9sentant de Pascal Danet est le meilleur \u00e9l\u00e8ve de notre carnet de notes. Il alignait les bonnes performances avant sa disqualification du 19 septembre \u00e0 Vincennes, o\u00f9 il s&rsquo;\u00e9tait \u00e9lanc\u00e9 au galop. Avantag\u00e9 par le d\u00e9part lanc\u00e9, il sera men\u00e9 par Franck Nivard, avec lequel il a toujours termin\u00e9 dans \u00ab\u00a0l&rsquo;argent\u00a0\u00bb. D\u00e9j\u00e0 plac\u00e9 sur le parcours du jour, il a une belle carte \u00e0 jouer face \u00e0 ses a\u00een\u00e9s.<\/p>\n<p style=\"margin-bottom: 1%; text-align: justify;\"><strong>Retrouvez l&rsquo;ensemble des notes et jouez avec sur la rubrique d\u00e9di\u00e9e de notre site :<\/strong><\/p>\n<p><a href=\"https:\/\/www.equidia.fr\/pronostics\/les-notes-equidia\" target=\"_blank\" rel=\"noopener\"><img decoding=\"async\" alt=\"Note_Equidia\" src=\"https:\/\/www.europesays.com\/fr\/wp-content\/uploads\/2025\/09\/article-btn-expert-2-png.png\" style=\"width: auto;\"\/><\/a><\/p>\n","protected":false},"excerpt":{"rendered":"Les notes des partants du Quint\u00e9+ de ce lundi 29 septembre Les notes d\u00e9taill\u00e9es 1 &#8211; \u00a0\u00a0\u00a0INSTRUCTOR Cr\u00e9dit\u00e9&hellip;\n","protected":false},"author":2,"featured_media":426022,"comment_status":"","ping_status":"","sticky":false,"template":"","format":"standard","meta":{"footnotes":""},"categories":[8],"tags":[7635,58,59,1011,27,55485,7638,7637],"class_list":{"0":"post-426021","1":"post","2":"type-post","3":"status-publish","4":"format-standard","5":"has-post-thumbnail","7":"category-divertissement","8":"tag-attele","9":"tag-divertissement","10":"tag-entertainment","11":"tag-fr","12":"tag-france","13":"tag-les-notes","14":"tag-pour-preparer-vos-paris","15":"tag-trot"},"share_on_mastodon":{"url":"https:\/\/pubeurope.com\/@fr\/115287526432983497","error":""},"_links":{"self":[{"href":"https:\/\/www.europesays.com\/fr\/wp-json\/wp\/v2\/posts\/426021","targetHints":{"allow":["GET"]}}],"collection":[{"href":"https:\/\/www.europesays.com\/fr\/wp-json\/wp\/v2\/posts"}],"about":[{"href":"https:\/\/www.europesays.com\/fr\/wp-json\/wp\/v2\/types\/post"}],"author":[{"embeddable":true,"href":"https:\/\/www.europesays.com\/fr\/wp-json\/wp\/v2\/users\/2"}],"replies":[{"embeddable":true,"href":"https:\/\/www.europesays.com\/fr\/wp-json\/wp\/v2\/comments?post=426021"}],"version-history":[{"count":0,"href":"https:\/\/www.europesays.com\/fr\/wp-json\/wp\/v2\/posts\/426021\/revisions"}],"wp:featuredmedia":[{"embeddable":true,"href":"https:\/\/www.europesays.com\/fr\/wp-json\/wp\/v2\/media\/426022"}],"wp:attachment":[{"href":"https:\/\/www.europesays.com\/fr\/wp-json\/wp\/v2\/media?parent=426021"}],"wp:term":[{"taxonomy":"category","embeddable":true,"href":"https:\/\/www.europesays.com\/fr\/wp-json\/wp\/v2\/categories?post=426021"},{"taxonomy":"post_tag","embeddable":true,"href":"https:\/\/www.europesays.com\/fr\/wp-json\/wp\/v2\/tags?post=426021"}],"curies":[{"name":"wp","href":"https:\/\/api.w.org\/{rel}","templated":true}]}}