{"id":42603,"date":"2025-04-21T23:10:10","date_gmt":"2025-04-21T23:10:10","guid":{"rendered":"https:\/\/www.europesays.com\/fr\/42603\/"},"modified":"2025-04-21T23:10:10","modified_gmt":"2025-04-21T23:10:10","slug":"trump-nous-avons-eu-de-tres-bonnes-rencontres-avec-liran","status":"publish","type":"post","link":"https:\/\/www.europesays.com\/fr\/42603\/","title":{"rendered":"Trump : \u00ab Nous avons eu de tr\u00e8s bonnes rencontres avec l\u2019Iran \u00bb"},"content":{"rendered":"<p>Le pr\u00e9sident am\u00e9ricain Donald Trump a exprim\u00e9 sa satisfaction quant au d\u00e9roulement des discussions avec l\u2019Iran, les qualifiant de \u00ab tr\u00e8s bonnes \u00bb.<\/p>\n<p>S\u2019adressant lundi aux journalistes \u00e0 la Maison Blanche, Trump a d\u00e9clar\u00e9 que les rencontres avec les repr\u00e9sentants iraniens s\u2019\u00e9taient d\u00e9roul\u00e9es de mani\u00e8re \u00ab tr\u00e8s positive \u00bb.<\/p>\n<p>La premi\u00e8re s\u00e9rie de n\u00e9gociations indirectes entre l\u2019Iran et les \u00c9tats-Unis, avec la m\u00e9diation d\u2019Oman, s\u2019est tenue le 12 avril \u00e0 Mascate. La deuxi\u00e8me s\u00e9rie s\u2019est d\u00e9roul\u00e9e le samedi 19 avril \u00e0 Rome, \u00e9galement sous l\u2019\u00e9gide d\u2019Oman. Les deux parties ont exprim\u00e9 leur optimisme quant \u00e0 la poursuite du dialogue, dont la prochaine \u00e9tape est pr\u00e9vue \u00e0 nouveau \u00e0 Oman.<\/p>\n<p>Par ailleurs, Donald Trump a annonc\u00e9 qu\u2019il rendra publics, dans les trois jours \u00e0 venir, les d\u00e9tails complets des avanc\u00e9es r\u00e9alis\u00e9es dans les pourparlers de paix concernant l\u2019Ukraine, pr\u00e9cisant que des r\u00e9unions \u00ab tr\u00e8s constructives \u00bb ont \u00e9galement eu lieu \u00e0 ce sujet.<\/p>\n","protected":false},"excerpt":{"rendered":"Le pr\u00e9sident am\u00e9ricain Donald Trump a exprim\u00e9 sa satisfaction quant au d\u00e9roulement des discussions avec l\u2019Iran, les qualifiant&hellip;\n","protected":false},"author":2,"featured_media":42604,"comment_status":"","ping_status":"","sticky":false,"template":"","format":"standard","meta":{"footnotes":""},"categories":[1586],"tags":[11,1777,674,1779,1011,27,12937,12936,12,8039,25,467,1778,364],"class_list":{"0":"post-42603","1":"post","2":"type-post","3":"status-publish","4":"format-standard","5":"has-post-thumbnail","7":"category-europe","8":"tag-actualites","9":"tag-eu","10":"tag-europe","11":"tag-european-union","12":"tag-fr","13":"tag-france","14":"tag-negociations-irano-americaines","15":"tag-negociations-nucleaires","16":"tag-news","17":"tag-oman","18":"tag-republique-francaise","19":"tag-trump","20":"tag-ue","21":"tag-union-europeenne"},"share_on_mastodon":{"url":"https:\/\/pubeurope.com\/@fr\/114378481595463997","error":""},"_links":{"self":[{"href":"https:\/\/www.europesays.com\/fr\/wp-json\/wp\/v2\/posts\/42603","targetHints":{"allow":["GET"]}}],"collection":[{"href":"https:\/\/www.europesays.com\/fr\/wp-json\/wp\/v2\/posts"}],"about":[{"href":"https:\/\/www.europesays.com\/fr\/wp-json\/wp\/v2\/types\/post"}],"author":[{"embeddable":true,"href":"https:\/\/www.europesays.com\/fr\/wp-json\/wp\/v2\/users\/2"}],"replies":[{"embeddable":true,"href":"https:\/\/www.europesays.com\/fr\/wp-json\/wp\/v2\/comments?post=42603"}],"version-history":[{"count":0,"href":"https:\/\/www.europesays.com\/fr\/wp-json\/wp\/v2\/posts\/42603\/revisions"}],"wp:featuredmedia":[{"embeddable":true,"href":"https:\/\/www.europesays.com\/fr\/wp-json\/wp\/v2\/media\/42604"}],"wp:attachment":[{"href":"https:\/\/www.europesays.com\/fr\/wp-json\/wp\/v2\/media?parent=42603"}],"wp:term":[{"taxonomy":"category","embeddable":true,"href":"https:\/\/www.europesays.com\/fr\/wp-json\/wp\/v2\/categories?post=42603"},{"taxonomy":"post_tag","embeddable":true,"href":"https:\/\/www.europesays.com\/fr\/wp-json\/wp\/v2\/tags?post=42603"}],"curies":[{"name":"wp","href":"https:\/\/api.w.org\/{rel}","templated":true}]}}