{"id":426033,"date":"2025-09-29T12:18:25","date_gmt":"2025-09-29T12:18:25","guid":{"rendered":"https:\/\/www.europesays.com\/fr\/426033\/"},"modified":"2025-09-29T12:18:25","modified_gmt":"2025-09-29T12:18:25","slug":"la-caserne-de-firminy-recherche-des-sapeurs-pompiers-volontaires","status":"publish","type":"post","link":"https:\/\/www.europesays.com\/fr\/426033\/","title":{"rendered":"La caserne de Firminy recherche des sapeurs-pompiers volontaires"},"content":{"rendered":"\n<p>Si vous avez toujours r\u00eav\u00e9 d\u2019\u00eatre un soldat du feu, que avez l&rsquo;\u00e2me d&rsquo;un super-h\u00e9ros et que vous aimez portez secours, c\u2019est peut-\u00eatre l\u2019occasion de se lancer \u00e0 condition d&rsquo;habiter Firminy, Fraisses ou Unieux et d&rsquo;\u00eatre ag\u00e9 de 18 \u00e0 55 ans. La caserne de Firminy recherche des sapeur-pompiers volontaires qui pourraient consacrer quelques heures de leur temps par semaine. Un test d&rsquo;engagement est pr\u00e9vu le jeudi 13 novembre \u00e0 18h annonce le SDIS. En attendant, vous pouvez d\u00e9j\u00e0 commencez par pr\u00e9parer votre CV et votre lettre de motivation. La formation initiale comprend une p\u00e9riode probatoire et est dispens\u00e9e sur une trentaine de jours r\u00e9partis sur 1 \u00e0 3 ans. Elle est adapt\u00e9e aux missions confi\u00e9es et est n\u00e9cessaire \u00e0 leur accomplissement.\u00a0<\/p>\n<p>\u00a0<\/p>\n","protected":false},"excerpt":{"rendered":"Si vous avez toujours r\u00eav\u00e9 d\u2019\u00eatre un soldat du feu, que avez l&rsquo;\u00e2me d&rsquo;un super-h\u00e9ros et que vous&hellip;\n","protected":false},"author":2,"featured_media":426034,"comment_status":"","ping_status":"","sticky":false,"template":"","format":"standard","meta":{"footnotes":""},"categories":[9653],"tags":[1111,11,2430,1777,674,10282,1011,27,3367,12,1311,25,4001,21197,16163],"class_list":{"0":"post-426033","1":"post","2":"type-post","3":"status-publish","4":"format-standard","5":"has-post-thumbnail","7":"category-saint-etienne","8":"tag-actu","9":"tag-actualites","10":"tag-auvergne-rhone-alpes","11":"tag-eu","12":"tag-europe","13":"tag-firminy","14":"tag-fr","15":"tag-france","16":"tag-loire","17":"tag-news","18":"tag-pompiers","19":"tag-republique-francaise","20":"tag-saint-etienne","21":"tag-sdis","22":"tag-volontaires"},"share_on_mastodon":{"url":"https:\/\/pubeurope.com\/@fr\/115287549887779547","error":""},"_links":{"self":[{"href":"https:\/\/www.europesays.com\/fr\/wp-json\/wp\/v2\/posts\/426033","targetHints":{"allow":["GET"]}}],"collection":[{"href":"https:\/\/www.europesays.com\/fr\/wp-json\/wp\/v2\/posts"}],"about":[{"href":"https:\/\/www.europesays.com\/fr\/wp-json\/wp\/v2\/types\/post"}],"author":[{"embeddable":true,"href":"https:\/\/www.europesays.com\/fr\/wp-json\/wp\/v2\/users\/2"}],"replies":[{"embeddable":true,"href":"https:\/\/www.europesays.com\/fr\/wp-json\/wp\/v2\/comments?post=426033"}],"version-history":[{"count":0,"href":"https:\/\/www.europesays.com\/fr\/wp-json\/wp\/v2\/posts\/426033\/revisions"}],"wp:featuredmedia":[{"embeddable":true,"href":"https:\/\/www.europesays.com\/fr\/wp-json\/wp\/v2\/media\/426034"}],"wp:attachment":[{"href":"https:\/\/www.europesays.com\/fr\/wp-json\/wp\/v2\/media?parent=426033"}],"wp:term":[{"taxonomy":"category","embeddable":true,"href":"https:\/\/www.europesays.com\/fr\/wp-json\/wp\/v2\/categories?post=426033"},{"taxonomy":"post_tag","embeddable":true,"href":"https:\/\/www.europesays.com\/fr\/wp-json\/wp\/v2\/tags?post=426033"}],"curies":[{"name":"wp","href":"https:\/\/api.w.org\/{rel}","templated":true}]}}