{"id":426037,"date":"2025-09-29T12:20:14","date_gmt":"2025-09-29T12:20:14","guid":{"rendered":"https:\/\/www.europesays.com\/fr\/426037\/"},"modified":"2025-09-29T12:20:14","modified_gmt":"2025-09-29T12:20:14","slug":"une-comedie-sur-la-solitude-et-largent-a-la-roele-les-amis-du-placard-vendredi-et-samedi-soir-et-dimanche-apres-midi","status":"publish","type":"post","link":"https:\/\/www.europesays.com\/fr\/426037\/","title":{"rendered":"Une com\u00e9die sur la solitude et l\u2019argent \u00e0 la Ro\u00eble \u00ab\u00a0Les\u00a0amis du placard\u00a0\u00bb, vendredi et samedi soir et dimanche apr\u00e8s-midi"},"content":{"rendered":"<p>\u00ab\u00a0Profitant d\u2019une vente promotionnelle dans une grande surface de la r\u00e9gion parisienne, Jacques et Odile s\u2019ach\u00e8tent\u2026 un couple d\u2019amis. Ils les gardent dans un placard et les sortent r\u00e9guli\u00e8rement dans l\u2019espoir de passer de bonnes soir\u00e9es. Jour apr\u00e8s jour, ils se montrent de plus en plus exigeants avec ces amis qu\u2019ils ont tout de m\u00eame pay\u00e9s assez cher. Et de l\u2019exigence \u00e0 l\u2019abus, il n\u2019y a qu\u2019un pas\u00a0!\u00a0\u00bb Cette farce noire am\u00e8nera le spectateur \u00e0 se poser des questions sur les relations humaines dans un monde o\u00f9\u00a0tout se vend. \u00c0 l\u2019heure du consum\u00e9risme, l\u2019amiti\u00e9 peut-elle, elle aussi, s\u2019acheter\u00a0? La solitude en est-elle moins am\u00e8re\u00a0? L\u2019argent peut-il tout excuser\u00a0?<\/p>\n<p class=\"note\">Repr\u00e9sentations vendredi 3\u00a0octobre \u00e0 20\u00a0h, samedi 4\u00a0octobre \u00e0 19\u00a0h\u00a030 et dimanche 5\u00a0octobre \u00e0 16\u00a0h. Th\u00e9\u00e2tre de la Ro\u00eble, place des Anciens Combattants.<\/p>\n","protected":false},"excerpt":{"rendered":"\u00ab\u00a0Profitant d\u2019une vente promotionnelle dans une grande surface de la r\u00e9gion parisienne, Jacques et Odile s\u2019ach\u00e8tent\u2026 un couple&hellip;\n","protected":false},"author":2,"featured_media":426038,"comment_status":"","ping_status":"","sticky":false,"template":"","format":"standard","meta":{"footnotes":""},"categories":[9635],"tags":[1111,11,1687,1704,1777,674,1011,27,775,10262,1702,12,25,3140,10261],"class_list":{"0":"post-426037","1":"post","2":"type-post","3":"status-publish","4":"format-standard","5":"has-post-thumbnail","7":"category-nancy","8":"tag-actu","9":"tag-actualites","10":"tag-culture-loisirs","11":"tag-edition-nancy-et-agglomeration","12":"tag-eu","13":"tag-europe","14":"tag-fr","15":"tag-france","16":"tag-grand-est","17":"tag-metropole-du-grand-nancy-54b5","18":"tag-nancy","19":"tag-news","20":"tag-republique-francaise","21":"tag-spectacle","22":"tag-villers-les-nancy"},"share_on_mastodon":{"url":"https:\/\/pubeurope.com\/@fr\/115287557822314321","error":""},"_links":{"self":[{"href":"https:\/\/www.europesays.com\/fr\/wp-json\/wp\/v2\/posts\/426037","targetHints":{"allow":["GET"]}}],"collection":[{"href":"https:\/\/www.europesays.com\/fr\/wp-json\/wp\/v2\/posts"}],"about":[{"href":"https:\/\/www.europesays.com\/fr\/wp-json\/wp\/v2\/types\/post"}],"author":[{"embeddable":true,"href":"https:\/\/www.europesays.com\/fr\/wp-json\/wp\/v2\/users\/2"}],"replies":[{"embeddable":true,"href":"https:\/\/www.europesays.com\/fr\/wp-json\/wp\/v2\/comments?post=426037"}],"version-history":[{"count":0,"href":"https:\/\/www.europesays.com\/fr\/wp-json\/wp\/v2\/posts\/426037\/revisions"}],"wp:featuredmedia":[{"embeddable":true,"href":"https:\/\/www.europesays.com\/fr\/wp-json\/wp\/v2\/media\/426038"}],"wp:attachment":[{"href":"https:\/\/www.europesays.com\/fr\/wp-json\/wp\/v2\/media?parent=426037"}],"wp:term":[{"taxonomy":"category","embeddable":true,"href":"https:\/\/www.europesays.com\/fr\/wp-json\/wp\/v2\/categories?post=426037"},{"taxonomy":"post_tag","embeddable":true,"href":"https:\/\/www.europesays.com\/fr\/wp-json\/wp\/v2\/tags?post=426037"}],"curies":[{"name":"wp","href":"https:\/\/api.w.org\/{rel}","templated":true}]}}