{"id":426041,"date":"2025-09-29T12:22:13","date_gmt":"2025-09-29T12:22:13","guid":{"rendered":"https:\/\/www.europesays.com\/fr\/426041\/"},"modified":"2025-09-29T12:22:13","modified_gmt":"2025-09-29T12:22:13","slug":"michel-bonnus-a-lance-sa-campagne-au-zenith-de-toulon","status":"publish","type":"post","link":"https:\/\/www.europesays.com\/fr\/426041\/","title":{"rendered":"Michel Bonnus a lanc\u00e9 sa campagne au Z\u00e9nith de Toulon"},"content":{"rendered":"<p class=\"fs-5 \">Ils \u00e9taient tous l\u00e0, ou presque. Pour le lancement de sa campagne aux \u00e9lections municipales de 2026 \u00e0 Toulon, le s\u00e9nateur Les R\u00e9publicains Michel Bonnus a pu compter sur le soutien affich\u00e9 des \u00e9lus de la droite r\u00e9publicaine aux manettes dans l\u2019aire toulonnaise, et au-del\u00e0. Mais, surtout, sur plus de 700 personnes venues l\u2019\u00e9couter sur la sc\u00e8ne du Live, la \u00ab\u00a0petite\u00a0\u00bb salle du Z\u00e9nith de Toulon.<\/p>\n<p class=\"fs-5 \">Le pr\u00e9sident de la R\u00e9gion Renaud Muselier, celui du D\u00e9partement Jean-Louis Masson ou de la M\u00e9tropole TPM Jean-Pierre Giran, ainsi que trois parlementaires, six maires, six conseillers r\u00e9gionaux, douze d\u00e9partementaux et trente municipaux ont entour\u00e9 le candidat. Une v\u00e9ritable d\u00e9monstration de force.<\/p>\n<p class=\"fs-5 \">Tr\u00e8s attendu (et tr\u00e8s applaudi), l\u2019ancien maire Hubert Falco a \u00e9galement r\u00e9it\u00e9r\u00e9 son soutien \u00e0 celui qui l\u2019a v\u00e9ritablement lanc\u00e9 en politique. Il ne manquait gu\u00e8re que l\u2019actuelle \u00e9dile de Toulon Jos\u00e9e Massi\u2026 dont le ralliement n\u2019est toujours pas pr\u00e9vu, malgr\u00e9 les multiples appels du pied \u00e0 son encontre qui se sont succ\u00e9d\u00e9.<\/p>\n<p>                                                                                \u00ab\u00a0Voter Michel Bonnus, c\u2019est voter Hubert Falco\u00a0!\u2005\u00a0\u00bb<\/p>\n<p class=\"fs-5 \">Le d\u00e9put\u00e9 Yannick Chenevard a lanc\u00e9 les hostilit\u00e9s sur l\u2019estrade, s\u2019attaquant frontalement au camp du Rassemblement national (RN). \u00ab\u00a0Ces gens-l\u00e0 sont des faussaires\u00a0\u00bb, a insist\u00e9 le rapporteur du budget de la Marine. M\u00eame coup de griffe de Jean-Pierre Giran. Renaud Muselier et Jean-Louis Masson, ce dernier particuli\u00e8rement \u00e9lectrique, ont d\u00e9fendu \u00ab\u00a0le battant\u00a0\u00bb, \u00ab\u00a0l\u2019homme de talent\u00a0\u00bb ou \u00ab\u00a0de c\u0153ur\u00a0\u00bb que repr\u00e9sente pour eux Michel Bonnus.<\/p>\n<p>    <img decoding=\"async\" src=\"https:\/\/www.europesays.com\/fr\/wp-content\/uploads\/2025\/09\/0439f43_ftp-import-images-1-umumwlqbj1re-20250926nim0248.jpg\" class=\"figure-img img-fluid rounded\" alt=\"A generic square placeholder image with rounded corners in a figure.\"\/><\/p>\n<p class=\"fs-5 \">Au micro, Hubert Falco, lui, a retrouv\u00e9 quelques instants ses accents \u00e9nergiques de campagne, qui ont jalonn\u00e9 ses succ\u00e8s \u00e9lectoraux. Mais, d\u00e9sormais condamn\u00e9 \u00e0 une peine d\u2019in\u00e9ligibilit\u00e9, l\u2019ancien maire a surtout fait parler l\u2019\u00e9motion, sa voix se brisant par instants. \u00ab\u00a0Je respecte la justice. Je vais donc rester \u00e0 ma place. Mais \u00e0 ma place de Toulonnais, parce que j\u2019aime ma ville\u00a0! Voter Michel Bonnus, c\u2019est voter Hubert Falco\u00a0!\u2005\u00a0\u00bb, a-t-il clam\u00e9.<\/p>\n<p class=\"fs-5 \">D\u2019autres visages connus au pied du Faron ont \u00e9t\u00e9 aper\u00e7us\u00a0: commer\u00e7ants, directeurs d\u2019\u00e9cole, restaurateurs, avocats, anciens sportifs ou policiers. \u00ab\u00a0Un pack\u00a0\u00bb, pour reprendre une expression en vogue chez les \u00e9lus locaux, cens\u00e9 porter l\u2019homme de 60 ans jusqu\u2019\u00e0 l\u2019h\u00f4tel de ville en mars prochain.<\/p>\n<p class=\"fs-5 \">C\u2019est Michel Bonnus\u2005qui a conclu cette soir\u00e9e, par un discours pr\u00e9sentant notamment sa volont\u00e9 d\u2019union. \u00ab\u00a0Jos\u00e9e Massi, notre porte est ouverte. Il nous faut une vraie unit\u00e9, rester calme, garder ses appuis. J\u2019ai besoin d\u2019une \u00e9quipe solide. On va avoir une campagne difficile.\u2005\u00a0\u00bb Une chose est certaine\u00a0: son lancement est r\u00e9ussi.<\/p>\n","protected":false},"excerpt":{"rendered":"Ils \u00e9taient tous l\u00e0, ou presque. Pour le lancement de sa campagne aux \u00e9lections municipales de 2026 \u00e0&hellip;\n","protected":false},"author":2,"featured_media":426042,"comment_status":"","ping_status":"","sticky":false,"template":"","format":"standard","meta":{"footnotes":""},"categories":[9619],"tags":[1111,11,1777,674,1011,27,3434,12,882,25,2310],"class_list":{"0":"post-426041","1":"post","2":"type-post","3":"status-publish","4":"format-standard","5":"has-post-thumbnail","7":"category-toulon","8":"tag-actu","9":"tag-actualites","10":"tag-eu","11":"tag-europe","12":"tag-fr","13":"tag-france","14":"tag-municipales-2026","15":"tag-news","16":"tag-provence-alpes-cote-dazur","17":"tag-republique-francaise","18":"tag-toulon"},"share_on_mastodon":{"url":"https:\/\/pubeurope.com\/@fr\/115287566336725671","error":""},"_links":{"self":[{"href":"https:\/\/www.europesays.com\/fr\/wp-json\/wp\/v2\/posts\/426041","targetHints":{"allow":["GET"]}}],"collection":[{"href":"https:\/\/www.europesays.com\/fr\/wp-json\/wp\/v2\/posts"}],"about":[{"href":"https:\/\/www.europesays.com\/fr\/wp-json\/wp\/v2\/types\/post"}],"author":[{"embeddable":true,"href":"https:\/\/www.europesays.com\/fr\/wp-json\/wp\/v2\/users\/2"}],"replies":[{"embeddable":true,"href":"https:\/\/www.europesays.com\/fr\/wp-json\/wp\/v2\/comments?post=426041"}],"version-history":[{"count":0,"href":"https:\/\/www.europesays.com\/fr\/wp-json\/wp\/v2\/posts\/426041\/revisions"}],"wp:featuredmedia":[{"embeddable":true,"href":"https:\/\/www.europesays.com\/fr\/wp-json\/wp\/v2\/media\/426042"}],"wp:attachment":[{"href":"https:\/\/www.europesays.com\/fr\/wp-json\/wp\/v2\/media?parent=426041"}],"wp:term":[{"taxonomy":"category","embeddable":true,"href":"https:\/\/www.europesays.com\/fr\/wp-json\/wp\/v2\/categories?post=426041"},{"taxonomy":"post_tag","embeddable":true,"href":"https:\/\/www.europesays.com\/fr\/wp-json\/wp\/v2\/tags?post=426041"}],"curies":[{"name":"wp","href":"https:\/\/api.w.org\/{rel}","templated":true}]}}