{"id":426049,"date":"2025-09-29T12:26:11","date_gmt":"2025-09-29T12:26:11","guid":{"rendered":"https:\/\/www.europesays.com\/fr\/426049\/"},"modified":"2025-09-29T12:26:11","modified_gmt":"2025-09-29T12:26:11","slug":"rouen-un-jeune-conducteur-refuse-un-controle-pour-exces-de-vitesse-il-etait-ivre-et-sans-permis","status":"publish","type":"post","link":"https:\/\/www.europesays.com\/fr\/426049\/","title":{"rendered":"Rouen. Un jeune conducteur\u00a0refuse un contr\u00f4le pour exc\u00e8s de vitesse, il \u00e9tait\u00a0ivre\u00a0et sans permis"},"content":{"rendered":"<p melodystyle=\"texte\">Samedi 27\u00a0septembre vers 7h40, une patrouille de police rep\u00e8re une voiture qui roulait un peu trop vite rue Aristide Briand \u00e0 Rouen, 70km\/h au lieu des 50 autoris\u00e9s. Les forces de l&rsquo;ordre tentent de contr\u00f4ler le conducteur, mais celui-ci n&rsquo;obtemp\u00e8re pas. Une course-poursuite s&rsquo;ensuit jusqu&rsquo;\u00e0 Sotteville-l\u00e8s-Rouen.<\/p>\n<p melodystyle=\"texte\">\u2022 <b>A lire aussi.<\/b>\u00a0<a href=\"https:\/\/www.tendanceouest.com\/actualite-432500-orne-un-violent-face-a-face-sur-la-route-fait-six-blesses-dont-trois-graves\" target=\"_blank\" rel=\"nofollow noopener\">Orne. Un violent face-\u00e0-face sur la route fait six bless\u00e9s, dont trois graves<\/a><\/p>\n<p>Les forces de l&rsquo;ordre cr\u00e8vent un pneu<\/p>\n<p melodystyle=\"texte\">Les forces de l&rsquo;ordre ont utilis\u00e9 le dispositif DIVA (dispositif d&rsquo;interception des v\u00e9hicules automobiles) pour stopper le v\u00e9hicule qui s&rsquo;est retrouv\u00e9 avec un pneu crev\u00e9. Le conducteur a tent\u00e9 de prendre la fuite \u00e0 pied. Il a chut\u00e9 \u00e0 plusieurs reprises et a finalement \u00e9t\u00e9 interpell\u00e9. Le jeune de 23 ans, tr\u00e8s agit\u00e9, a insult\u00e9 les policiers sur le trajet vers le commissariat.<\/p>\n<p melodystyle=\"texte\">L&rsquo;homme \u00e9tait alcoolis\u00e9, 0,56 gramme d&rsquo;alcool par litre de sang. Son permis \u00e9tait suspendu.<\/p>\n","protected":false},"excerpt":{"rendered":"Samedi 27\u00a0septembre vers 7h40, une patrouille de police rep\u00e8re une voiture qui roulait un peu trop vite rue&hellip;\n","protected":false},"author":2,"featured_media":426050,"comment_status":"","ping_status":"","sticky":false,"template":"","format":"standard","meta":{"footnotes":""},"categories":[9587],"tags":[1111,11,1777,674,1011,27,12,5161,25,9590],"class_list":{"0":"post-426049","1":"post","2":"type-post","3":"status-publish","4":"format-standard","5":"has-post-thumbnail","7":"category-rouen","8":"tag-actu","9":"tag-actualites","10":"tag-eu","11":"tag-europe","12":"tag-fr","13":"tag-france","14":"tag-news","15":"tag-normandie","16":"tag-republique-francaise","17":"tag-rouen"},"share_on_mastodon":{"url":"https:\/\/pubeurope.com\/@fr\/115287581313349560","error":""},"_links":{"self":[{"href":"https:\/\/www.europesays.com\/fr\/wp-json\/wp\/v2\/posts\/426049","targetHints":{"allow":["GET"]}}],"collection":[{"href":"https:\/\/www.europesays.com\/fr\/wp-json\/wp\/v2\/posts"}],"about":[{"href":"https:\/\/www.europesays.com\/fr\/wp-json\/wp\/v2\/types\/post"}],"author":[{"embeddable":true,"href":"https:\/\/www.europesays.com\/fr\/wp-json\/wp\/v2\/users\/2"}],"replies":[{"embeddable":true,"href":"https:\/\/www.europesays.com\/fr\/wp-json\/wp\/v2\/comments?post=426049"}],"version-history":[{"count":0,"href":"https:\/\/www.europesays.com\/fr\/wp-json\/wp\/v2\/posts\/426049\/revisions"}],"wp:featuredmedia":[{"embeddable":true,"href":"https:\/\/www.europesays.com\/fr\/wp-json\/wp\/v2\/media\/426050"}],"wp:attachment":[{"href":"https:\/\/www.europesays.com\/fr\/wp-json\/wp\/v2\/media?parent=426049"}],"wp:term":[{"taxonomy":"category","embeddable":true,"href":"https:\/\/www.europesays.com\/fr\/wp-json\/wp\/v2\/categories?post=426049"},{"taxonomy":"post_tag","embeddable":true,"href":"https:\/\/www.europesays.com\/fr\/wp-json\/wp\/v2\/tags?post=426049"}],"curies":[{"name":"wp","href":"https:\/\/api.w.org\/{rel}","templated":true}]}}