{"id":426051,"date":"2025-09-29T12:27:14","date_gmt":"2025-09-29T12:27:14","guid":{"rendered":"https:\/\/www.europesays.com\/fr\/426051\/"},"modified":"2025-09-29T12:27:14","modified_gmt":"2025-09-29T12:27:14","slug":"ca-questionne-sur-la-securite-un-homme-sintroduit-dans-les-toilettes-dune-ecole-de-rouen-les-parents-inquiets","status":"publish","type":"post","link":"https:\/\/www.europesays.com\/fr\/426051\/","title":{"rendered":"\u00ab\u00a0\u00c7a questionne sur la s\u00e9curit\u00e9 !\u00a0\u00bb Un homme s&rsquo;introduit dans les toilettes d&rsquo;une \u00e9cole de Rouen, les parents inquiets"},"content":{"rendered":"<p class=\"article__intro\">Vendredi 26 septembre 2025, un homme s&rsquo;est introduit dans une \u00e9cole de Rouen (Seine-Maritime) pendant le temps scolaire, suscitant l&rsquo;\u00e9moi d&rsquo;enfants, qui l&rsquo;ont surpris dans les toilettes. Ce lundi 29 septembre 2025, la mairie est venue \u00e0 la rencontre des parents d&rsquo;\u00e9l\u00e8ves pour tenter d&rsquo;\u00e9claircir la situation et de r\u00e9pondre \u00e0 leur inqui\u00e9tude.<\/p>\n<p>\n      La Quotidienne Soci\u00e9t\u00e9\n    <\/p>\n<p>\n      De la vie quotidienne aux grands enjeux, recevez tous les jours les sujets qui font la soci\u00e9t\u00e9 locale, comme la justice, l\u2019\u00e9ducation, la sant\u00e9 et la famille.\n    <\/p>\n<p>    France T\u00e9l\u00e9visions utilise votre adresse e-mail afin de vous envoyer la newsletter \u00ab\u00a0La Quotidienne Soci\u00e9t\u00e9\u00a0\u00bb. Vous pouvez vous d\u00e9sinscrire \u00e0 tout moment via le lien en bas de cette newsletter. <a target=\"_blank\" href=\"https:\/\/www.francetelevisions.fr\/groupe\/confidentialite\/politique-de-confidentialite\/politique-de-confidentialite-de-france-televisions-6503\" rel=\"nofollow noopener\">Notre politique de confidentialit\u00e9<\/a><\/p>\n<p>Comment renforcer la s\u00e9curit\u00e9 au sein des \u00e9coles ? La question est sur toutes les l\u00e8vres, ce lundi 29 septembre.<\/p>\n<p>\u00c0 l&rsquo;\u00e9cole Laurent-de-Bimorel, pr\u00e8s de la place Saint-Marc, les parents d&rsquo;\u00e9l\u00e8ves se disent tr\u00e8s inquiets, apr\u00e8s qu&rsquo;un homme\u00a0a r\u00e9ussi \u00e0 s&rsquo;introduire dans les toilettes de l&rsquo;\u00e9tablissement, vendredi matin&#8230;<\/p>\n<blockquote class=\"ftvi_content_quote\">\n<p class=\"ftvi_citation_quote\">J&rsquo;ai re\u00e7u un message sur le portail de l&rsquo;\u00e9cole, j&rsquo;\u00e9tais un peu choqu\u00e9e ! \u00c7a questionne sur la s\u00e9curit\u00e9 \u00e0 l&rsquo;\u00e9cole, \u00e7a aurait pu \u00eatre grave.<\/p>\n<p>Une parente d&rsquo;\u00e9l\u00e8ve<\/p>\n<p class=\"ftvi_citation_source\">\u00e0 France 3 Normandie<\/p>\n<\/blockquote>\n<p>L&rsquo;individu en question serait parvenu \u00e0 escalader un petit muret, c\u00f4t\u00e9 rue, et \u00e0 se frayer un chemin dans l&rsquo;\u00e9tablissement.<\/p>\n<p>Il a \u00e9t\u00e9 retrouv\u00e9 dans les toilettes, par un \u00e9l\u00e8ve, avant d&rsquo;\u00eatre raccompagn\u00e9 aux grilles de l&rsquo;\u00e9cole par un membre l&rsquo;\u00e9quipe p\u00e9dagogique.<\/p>\n<p>S&rsquo;il n&rsquo;\u00e9tait pas agressif et n&rsquo;a pas oppos\u00e9 de r\u00e9sistance, il \u00e9tait vraisemblablement sous l&#8217;emprise de stup\u00e9fiants.<\/p>\n<\/p>\n<p>Les parents d&rsquo;\u00e9l\u00e8ves ont \u00e9t\u00e9 inform\u00e9s de l&rsquo;incident via la plateforme Educartable, l&rsquo;application de suivi de la scolarit\u00e9 \u00e0 l&rsquo;\u00e9cole primaire. Certains parents ont par ailleurs d\u00e9plor\u00e9 que les forces de l&rsquo;ordre aient \u00e9t\u00e9 pr\u00e9venues apr\u00e8s que l&rsquo;homme a \u00e9t\u00e9 d\u00e9log\u00e9.<\/p>\n<p>D&rsquo;autant qu&rsquo;il\u00a0est toujours, \u00e0 ce jour, recherch\u00e9 par les forces de l&rsquo;ordre. \u00ab\u00a0La police municipale patrouille, la police nationale doit investiguer pour savoir qui est cette personne. Elle doit, je pense, tourner dans le coin depuis quelque temps donc elle a peut-\u00eatre d\u00e9j\u00e0 une id\u00e9e\u00a0\u00bb, note Elisabeth Labaye, adjointe en charge des \u00e9coles et de la petite enfance.<\/p>\n<p>Ce lundi matin, les parents d&rsquo;\u00e9l\u00e8ves ont ressenti le besoin de se retrouver. Ils soulignent la pr\u00e9sence r\u00e9guli\u00e8re d&rsquo;individus marginaux dans le square Guillaume-Lion, par lequel se font les entr\u00e9es et sorties d&rsquo;\u00e9l\u00e8ves. \u00ab\u00a0Les enfants ne se sentent pas forc\u00e9ment en s\u00e9curit\u00e9, quand ils voient des gens saouls !\u00a0\u00bb, assure une maman.<\/p>\n<p>Quand une autre se dit \u00ab\u00a0tr\u00e8s en col\u00e8re\u00a0\u00bb : \u00ab\u00a0Il y a beaucoup d&rsquo;alcooliques et pas de surveillance !\u00a0\u00bb<\/p>\n<p>Le maire de Rouen a pris la situation tr\u00e8s au s\u00e9rieux. Il est venu ce matin accompagn\u00e9 de son adjointe, et de la police municipale, afin de rencontrer les parents, d&rsquo;\u00e9claircir la situation et de renforcer la s\u00e9curit\u00e9 aux abords de l&rsquo;\u00e9cole.<\/p>\n<blockquote class=\"ftvi_content_quote\">\n<p class=\"ftvi_citation_quote\">On a toujours peur, en particulier lorsqu&rsquo;il s&rsquo;agit d&rsquo;enfants. Le personnel de l&rsquo;\u00e9cole a r\u00e9agi avec beaucoup de sang-froid et de professionnalisme. (L&rsquo;intrusion) est le fait d&rsquo;un individu isol\u00e9 qui a priori n&rsquo;est pas pass\u00e9 par le square mais par la rue. On sait qu&rsquo;il y a un petit muret qui peut poser \u00e9ventuellement probl\u00e8me. Nous avons mis en place des rondes de police suppl\u00e9mentaires et on travaille avec le conseil de l&rsquo;\u00e9cole pour am\u00e9liorer la s\u00e9curit\u00e9.<\/p>\n<p>Nicolas Mayer-Rossignol, maire (PS) de Rouen<\/p>\n<\/blockquote>\n<p>Elisabeth Labaye, adjointe en charge des \u00e9coles et de la petite enfance, a abond\u00e9 : \u00ab\u00a0On va regarder ce qu&rsquo;il est possible de faire pour assurer une meilleure protection, ce qui est mieux pour l&rsquo;entr\u00e9e et la sortie des enfants. L&rsquo;\u00e9motion des parents est tout \u00e0 fait l\u00e9gitime et on la partage.\u00a0\u00bb<\/p>\n<p>\u00ab\u00a0Pour les personnes qui tra\u00eenent dans le coin, la police municipale fait ce qu&rsquo;elle peut, mais on manque de policiers nationaux, reprend l&rsquo;\u00e9lue. On \u00e9tait l\u00e0 ce matin pour rassurer les familles, pour dire qu&rsquo;on prend les choses au s\u00e9rieux.\u00a0\u00bb<\/p>\n<p>Au-del\u00e0 de cette intrusion, la rencontre a \u00e9t\u00e9 l&rsquo;occasion pour certains parents de d\u00e9noncer d&rsquo;autres manquements \u00e0 la s\u00e9curit\u00e9 des enfants pour lesquels ils se questionnent.<\/p>\n<p>\u00ab\u00a0On a aussi un probl\u00e8me de rat, et puis on a un manque de luminosit\u00e9 [l&rsquo;entr\u00e9e \u00e9tant dans le square, ndlr]. Quand on est maman solo et qu&rsquo;on r\u00e9cup\u00e8re ses enfants \u00e0 18 heures, \u00e7a fait un peu peur. Ce n&rsquo;est pas du tout un endroit s\u00e9curis\u00e9\u00a0\u00bb, assure Ilham Joubayr, repr\u00e9sentante des parents d&rsquo;\u00e9l\u00e8ves de l&rsquo;\u00e9cole Laurent-de-Bimorel.<\/p>\n<p>Elle esp\u00e8re que de nouvelles actions seront mises en place pour mieux assurer la s\u00e9curit\u00e9 des enfants. Et se dit malgr\u00e9 tout satisfaite de l&rsquo;\u00e9change avec la municipalit\u00e9 : \u00ab\u00a0On aura des rondes de police plus r\u00e9guli\u00e8res, c&rsquo;est rassurant, aux sorties d&rsquo;\u00e9cole mais aussi le matin en garderie et le soir en p\u00e9riscolaire.\u00a0\u00bb<\/p>\n","protected":false},"excerpt":{"rendered":"Vendredi 26 septembre 2025, un homme s&rsquo;est introduit dans une \u00e9cole de Rouen (Seine-Maritime) pendant le temps scolaire,&hellip;\n","protected":false},"author":2,"featured_media":426052,"comment_status":"","ping_status":"","sticky":false,"template":"","format":"standard","meta":{"footnotes":""},"categories":[9587],"tags":[1111,11,1777,674,1011,27,12,5161,25,9590],"class_list":{"0":"post-426051","1":"post","2":"type-post","3":"status-publish","4":"format-standard","5":"has-post-thumbnail","7":"category-rouen","8":"tag-actu","9":"tag-actualites","10":"tag-eu","11":"tag-europe","12":"tag-fr","13":"tag-france","14":"tag-news","15":"tag-normandie","16":"tag-republique-francaise","17":"tag-rouen"},"share_on_mastodon":{"url":"https:\/\/pubeurope.com\/@fr\/115287585288664640","error":""},"_links":{"self":[{"href":"https:\/\/www.europesays.com\/fr\/wp-json\/wp\/v2\/posts\/426051","targetHints":{"allow":["GET"]}}],"collection":[{"href":"https:\/\/www.europesays.com\/fr\/wp-json\/wp\/v2\/posts"}],"about":[{"href":"https:\/\/www.europesays.com\/fr\/wp-json\/wp\/v2\/types\/post"}],"author":[{"embeddable":true,"href":"https:\/\/www.europesays.com\/fr\/wp-json\/wp\/v2\/users\/2"}],"replies":[{"embeddable":true,"href":"https:\/\/www.europesays.com\/fr\/wp-json\/wp\/v2\/comments?post=426051"}],"version-history":[{"count":0,"href":"https:\/\/www.europesays.com\/fr\/wp-json\/wp\/v2\/posts\/426051\/revisions"}],"wp:featuredmedia":[{"embeddable":true,"href":"https:\/\/www.europesays.com\/fr\/wp-json\/wp\/v2\/media\/426052"}],"wp:attachment":[{"href":"https:\/\/www.europesays.com\/fr\/wp-json\/wp\/v2\/media?parent=426051"}],"wp:term":[{"taxonomy":"category","embeddable":true,"href":"https:\/\/www.europesays.com\/fr\/wp-json\/wp\/v2\/categories?post=426051"},{"taxonomy":"post_tag","embeddable":true,"href":"https:\/\/www.europesays.com\/fr\/wp-json\/wp\/v2\/tags?post=426051"}],"curies":[{"name":"wp","href":"https:\/\/api.w.org\/{rel}","templated":true}]}}