{"id":426053,"date":"2025-09-29T12:28:10","date_gmt":"2025-09-29T12:28:10","guid":{"rendered":"https:\/\/www.europesays.com\/fr\/426053\/"},"modified":"2025-09-29T12:28:10","modified_gmt":"2025-09-29T12:28:10","slug":"un-bar-vise-par-un-jet-de-cocktail-molotov","status":"publish","type":"post","link":"https:\/\/www.europesays.com\/fr\/426053\/","title":{"rendered":"un bar vis\u00e9 par un jet de cocktail Molotov"},"content":{"rendered":"<p itemprop=\"description\"><strong>Quand ce ne sont pas des balles qui criblent la devanture d&rsquo;une \u00e9picerie cours Berriat, c&rsquo;est un cocktail Molotov qui est jet\u00e9 dans un bar de Grenoble.<\/strong><\/p>\n<p>Les faits se sont d\u00e9roul\u00e9s t\u00f4t ce lundi matin. Vers 5h30, la fa\u00e7ade du Monkey&rsquo;s Caf\u00e9 situ\u00e9 rue de la Poste a \u00e9t\u00e9 victime d&rsquo;un d\u00e9but d&rsquo;incendie.<\/p>\n<p>Rapidement pr\u00e9venus, les pompiers sont parvenus \u00e0 \u00e9teindre le feu. Selon le Dauphin\u00e9 Lib\u00e9r\u00e9, une vitre de l&rsquo;\u00e9tablissement avait \u00e9t\u00e9 bris\u00e9e et un cocktail Molotov avait \u00e9t\u00e9 jet\u00e9 \u00e0 l&rsquo;int\u00e9rieur.<\/p>\n<p>Finalement, l&rsquo;arme incendiaire artisanale n&rsquo;a pas occasionn\u00e9 trop de d\u00e9g\u00e2ts.<\/p>\n<p>La police a ouvert une enqu\u00eate pour d\u00e9couvrir qui en veut aux g\u00e9rants du Monkey&rsquo;s Caf\u00e9 de Grenoble.<\/p>\n","protected":false},"excerpt":{"rendered":"Quand ce ne sont pas des balles qui criblent la devanture d&rsquo;une \u00e9picerie cours Berriat, c&rsquo;est un cocktail&hellip;\n","protected":false},"author":2,"featured_media":426054,"comment_status":"","ping_status":"","sticky":false,"template":"","format":"standard","meta":{"footnotes":""},"categories":[9566],"tags":[1111,11,7733,8279,2430,7736,650,7734,2889,2263,1777,674,1011,27,2731,8280,6417,1114,108,4662,12,3725,1825,25,7737],"class_list":{"0":"post-426053","1":"post","2":"type-post","3":"status-publish","4":"format-standard","5":"has-post-thumbnail","7":"category-grenoble","8":"tag-actu","9":"tag-actualites","10":"tag-alpes","11":"tag-alpes1","12":"tag-auvergne-rhone-alpes","13":"tag-cds","14":"tag-cinema","15":"tag-ecoute","16":"tag-emission","17":"tag-equipe","18":"tag-eu","19":"tag-europe","20":"tag-fr","21":"tag-france","22":"tag-grenoble","23":"tag-haute","24":"tag-information","25":"tag-infos","26":"tag-isere","27":"tag-journal","28":"tag-news","29":"tag-podcast","30":"tag-radio","31":"tag-republique-francaise","32":"tag-winamp"},"share_on_mastodon":{"url":"https:\/\/pubeurope.com\/@fr\/115287589094675859","error":""},"_links":{"self":[{"href":"https:\/\/www.europesays.com\/fr\/wp-json\/wp\/v2\/posts\/426053","targetHints":{"allow":["GET"]}}],"collection":[{"href":"https:\/\/www.europesays.com\/fr\/wp-json\/wp\/v2\/posts"}],"about":[{"href":"https:\/\/www.europesays.com\/fr\/wp-json\/wp\/v2\/types\/post"}],"author":[{"embeddable":true,"href":"https:\/\/www.europesays.com\/fr\/wp-json\/wp\/v2\/users\/2"}],"replies":[{"embeddable":true,"href":"https:\/\/www.europesays.com\/fr\/wp-json\/wp\/v2\/comments?post=426053"}],"version-history":[{"count":0,"href":"https:\/\/www.europesays.com\/fr\/wp-json\/wp\/v2\/posts\/426053\/revisions"}],"wp:featuredmedia":[{"embeddable":true,"href":"https:\/\/www.europesays.com\/fr\/wp-json\/wp\/v2\/media\/426054"}],"wp:attachment":[{"href":"https:\/\/www.europesays.com\/fr\/wp-json\/wp\/v2\/media?parent=426053"}],"wp:term":[{"taxonomy":"category","embeddable":true,"href":"https:\/\/www.europesays.com\/fr\/wp-json\/wp\/v2\/categories?post=426053"},{"taxonomy":"post_tag","embeddable":true,"href":"https:\/\/www.europesays.com\/fr\/wp-json\/wp\/v2\/tags?post=426053"}],"curies":[{"name":"wp","href":"https:\/\/api.w.org\/{rel}","templated":true}]}}