{"id":426059,"date":"2025-09-29T12:31:11","date_gmt":"2025-09-29T12:31:11","guid":{"rendered":"https:\/\/www.europesays.com\/fr\/426059\/"},"modified":"2025-09-29T12:31:11","modified_gmt":"2025-09-29T12:31:11","slug":"le-pont-incendie-pendant-une-manifestation-va-rouvrir-mais-pas-pour-tout-le-monde","status":"publish","type":"post","link":"https:\/\/www.europesays.com\/fr\/426059\/","title":{"rendered":"Le pont incendi\u00e9 pendant une manifestation va rouvrir mais pas pour tout le monde"},"content":{"rendered":"<p>Il \u00e9tait ferm\u00e9 depuis le 10\u00a0septembre et<a href=\"https:\/\/www.20minutes.fr\/societe\/4172250-20250910-bloquons-tout-entres-tout-saccage-sait-bus-brule-rennes\" class=\"c-link c-link--is-underlined\" target=\"_blank\" rel=\"noopener\"> l\u2019incendie d\u2019un bus lors d\u2019une manifestation<\/a> \u00ab\u00a0Bloquons tout\u00a0\u00bb. Le pont de l\u2019Alma enjambant la rocade de Rennes va pouvoir rouvrir. La Direction des routes de l\u2019ouest a annonc\u00e9 que \u00ab\u00a0les\u00a0premi\u00e8res analyses r\u00e9alis\u00e9es sur la partie b\u00e9ton\u00a0de l\u2019ouvrage permettent d\u2019autoriser une r\u00e9ouverture partielle\u00a0\u00bb. Le pont rouvrira dans les deux sens ce mardi 30\u00a0septembre. Attention, seule la voie de droite sera accessible et uniquement aux v\u00e9hicules de moins de 44 tonnes. Notez \u00e9galement que la bretelle de la rocade vers le pont de l\u2019Alma ne sera pas rouverte dans l\u2019imm\u00e9diat. Les embouteillages qui perturbent le secteur ne sont donc sans doute pas termin\u00e9s.<\/p>\n<p>Lors de la manifestation du 10\u00a0septembre, un bus immobilis\u00e9 sous le pont <a href=\"https:\/\/www.20minutes.fr\/faits_divers\/faits-divers-rennes\/4172699-20250912-bloquons-tout-rennes-incendie-bus-cause-manifestants\" class=\"c-link c-link--is-underlined\" target=\"_blank\" rel=\"noopener\">avait \u00e9t\u00e9 incendi\u00e9 lors du blocage de la rocade<\/a>. Les flammes, impressionnantes, \u00e9taient venues chauffer la structure de ce pont en b\u00e9ton menant \u00e0 Rennes et emprunt\u00e9 chaque jour par des dizaines de milliers de v\u00e9hicules. La Diro n\u2019avait pas h\u00e9sit\u00e9 \u00e0 \u00e9voquer \u00ab\u00a0d\u2019importants dommages\u00a0\u00bb subis par ce pont. Des restrictions de circulation <a href=\"https:\/\/www.20minutes.fr\/societe\/4173219-20250915-rennes-incendie-bus-rocade-perturbe-toujours-trafic-routier-ca-pourrait-encore-durer\" class=\"c-link c-link--is-underlined\" target=\"_blank\" rel=\"noopener\">avaient \u00e9t\u00e9 mises en place<\/a>, seuls les v\u00e9hicules sortant de Rennes \u00e9tant autoris\u00e9s \u00e0 circuler. \u00ab\u00a0Le b\u00e9ton a \u00e9t\u00e9 d\u00e9grad\u00e9 sur plusieurs centim\u00e8tres et les aciers ont chang\u00e9 de couleur\u00a0\u00bb, avait expliqu\u00e9 un responsable de la Diro apr\u00e8s le sinistre.<\/p>\n<\/p>\n<p>On ignore pour l\u2019heure quelle sera la nature des travaux qui seront \u00e0 mener sur l\u2019ouvrage. \u00ab\u00a0Des analyses plus pouss\u00e9es se poursuivent en laboratoire. Ces expertises devraient se conclure au plus t\u00f4t mi-octobre et permettront de d\u00e9terminer le contenu et le calendrier des travaux de r\u00e9paration\u00a0\u00bb, pr\u00e9vient la Direction interd\u00e9partementale des routes de l\u2019Ouest.<\/p>\n<p>Un appel \u00e0 t\u00e9moins lanc\u00e9<\/p>\n<p>Les causes de l\u2019incendie restent pour l\u2019heure assez floues. \u00ab\u00a0Les premiers \u00e9l\u00e9ments de l\u2019enqu\u00eate permettent de confirmer qu\u2019il s\u2019agit d\u2019un incendie volontaire par un manifestant\u00a0\u00bb, avait fait savoir le procureur de la R\u00e9publique. Un appel \u00e0 t\u00e9moins avait \u00e9t\u00e9 lanc\u00e9 pour tenter d\u2019aider les enqu\u00eateurs.<\/p>\n","protected":false},"excerpt":{"rendered":"Il \u00e9tait ferm\u00e9 depuis le 10\u00a0septembre et l\u2019incendie d\u2019un bus lors d\u2019une manifestation \u00ab\u00a0Bloquons tout\u00a0\u00bb. Le pont de&hellip;\n","protected":false},"author":2,"featured_media":426060,"comment_status":"","ping_status":"","sticky":false,"template":"","format":"standard","meta":{"footnotes":""},"categories":[2821],"tags":[1111,11,7050,829,7048,7063,1777,674,1312,1011,27,848,1310,4999,12,5604,1306,584,25,4797,209],"class_list":{"0":"post-426059","1":"post","2":"type-post","3":"status-publish","4":"format-standard","5":"has-post-thumbnail","7":"category-rennes","8":"tag-actu","9":"tag-actualites","10":"tag-bouchons","11":"tag-bretagne","12":"tag-bus","13":"tag-embouteillages","14":"tag-eu","15":"tag-europe","16":"tag-feu","17":"tag-fr","18":"tag-france","19":"tag-ille-et-vilaine","20":"tag-incendie","21":"tag-keolis","22":"tag-news","23":"tag-pont","24":"tag-regions","25":"tag-rennes","26":"tag-republique-francaise","27":"tag-rocade","28":"tag-route"},"share_on_mastodon":{"url":"https:\/\/pubeurope.com\/@fr\/115287600989985932","error":""},"_links":{"self":[{"href":"https:\/\/www.europesays.com\/fr\/wp-json\/wp\/v2\/posts\/426059","targetHints":{"allow":["GET"]}}],"collection":[{"href":"https:\/\/www.europesays.com\/fr\/wp-json\/wp\/v2\/posts"}],"about":[{"href":"https:\/\/www.europesays.com\/fr\/wp-json\/wp\/v2\/types\/post"}],"author":[{"embeddable":true,"href":"https:\/\/www.europesays.com\/fr\/wp-json\/wp\/v2\/users\/2"}],"replies":[{"embeddable":true,"href":"https:\/\/www.europesays.com\/fr\/wp-json\/wp\/v2\/comments?post=426059"}],"version-history":[{"count":0,"href":"https:\/\/www.europesays.com\/fr\/wp-json\/wp\/v2\/posts\/426059\/revisions"}],"wp:featuredmedia":[{"embeddable":true,"href":"https:\/\/www.europesays.com\/fr\/wp-json\/wp\/v2\/media\/426060"}],"wp:attachment":[{"href":"https:\/\/www.europesays.com\/fr\/wp-json\/wp\/v2\/media?parent=426059"}],"wp:term":[{"taxonomy":"category","embeddable":true,"href":"https:\/\/www.europesays.com\/fr\/wp-json\/wp\/v2\/categories?post=426059"},{"taxonomy":"post_tag","embeddable":true,"href":"https:\/\/www.europesays.com\/fr\/wp-json\/wp\/v2\/tags?post=426059"}],"curies":[{"name":"wp","href":"https:\/\/api.w.org\/{rel}","templated":true}]}}