{"id":426068,"date":"2025-09-29T12:36:32","date_gmt":"2025-09-29T12:36:32","guid":{"rendered":"https:\/\/www.europesays.com\/fr\/426068\/"},"modified":"2025-09-29T12:36:32","modified_gmt":"2025-09-29T12:36:32","slug":"carquefou-vingt-deux-dossiers-adoptes-au-dernier-conseil","status":"publish","type":"post","link":"https:\/\/www.europesays.com\/fr\/426068\/","title":{"rendered":"Carquefou. Vingt-deux dossiers adopt\u00e9s au dernier conseil"},"content":{"rendered":"<p>En d\u00e9but de conseil, l\u2019architecte Marjolaine Bichet et Franck Cuffel-Pattry d\u2019Atrealis, promoteur priv\u00e9 de l\u2019op\u00e9ration centre-ville, ont pr\u00e9sent\u00e9 les \u00e9volutions du projet suite au retrait du cabinet 6e Rue contraint de renoncer apr\u00e8s des difficult\u00e9s \u00e9conomiques. L\u2019ensemble des \u00e9lus ont semble-t-il appr\u00e9ci\u00e9 la pr\u00e9sentation qui est respectueuse des exigences et des attentes initiales telles que d\u00e9finies par la ville et au cours de rencontres ant\u00e9rieures avec les habitants. Seules Karine Bonfils et J\u00e9romine Da Prat ont questionn\u00e9 sur la solidit\u00e9 financi\u00e8re d\u2019Atr\u00e9alis pour l\u2019une et regrett\u00e9 pour la seconde, que cette 3e esquisse ait us\u00e9 trois\u00a0promoteurs, quatre\u00a0architectes depuis 12\u00a0ans. Les deux \u00e9lus de gauche, ont manifest\u00e9 leur inqui\u00e9tude et les quatre\u00a0\u00e9lus du groupe Carquefou Demain ont estim\u00e9 la pr\u00e9sentation de qualit\u00e9 ayant \u00e9volu\u00e9 positivement et plut\u00f4t r\u00e9ussie. Il n\u2019y a pas eu de vote sur ce premier sujet sans d\u00e9lib\u00e9ration. L\u2019autorisation de souscription d\u2019un emprunt de 9,5\u00a0millions d\u2019euros pour le Centre Culturel de la Fleuriaye, a \u00e9t\u00e9 approuv\u00e9e, seule J\u00e9romine Da Prat a vot\u00e9 contre. Des modifications sur le tableau des effectifs et l\u2019octroi d\u2019une protection sociale pr\u00e9voyance compl\u00e9mentaire pour le personnel de la ville ont \u00e9t\u00e9 valid\u00e9s. La protection fonctionnelle a \u00e9t\u00e9 accord\u00e9e \u00e0 un adjoint victime de harc\u00e8lement et de menaces \u00e0 l\u2019exception de K. Bonfils qui s\u2019est abstenue.<\/p>\n<p>\u00a0<\/p>\n","protected":false},"excerpt":{"rendered":"En d\u00e9but de conseil, l\u2019architecte Marjolaine Bichet et Franck Cuffel-Pattry d\u2019Atrealis, promoteur priv\u00e9 de l\u2019op\u00e9ration centre-ville, ont pr\u00e9sent\u00e9&hellip;\n","protected":false},"author":2,"featured_media":426069,"comment_status":"","ping_status":"","sticky":false,"template":"","format":"standard","meta":{"footnotes":""},"categories":[2818],"tags":[1111,11,55487,3862,7516,4431,11821,1777,674,1011,27,766,12,2636,25,55486],"class_list":{"0":"post-426068","1":"post","2":"type-post","3":"status-publish","4":"format-standard","5":"has-post-thumbnail","7":"category-nantes","8":"tag-actu","9":"tag-actualites","10":"tag-adoptes","11":"tag-carquefou","12":"tag-conseil","13":"tag-dernier","14":"tag-dossiers","15":"tag-eu","16":"tag-europe","17":"tag-fr","18":"tag-france","19":"tag-nantes","20":"tag-news","21":"tag-pays-de-la-loire","22":"tag-republique-francaise","23":"tag-vingt-deux"},"share_on_mastodon":{"url":"https:\/\/pubeurope.com\/@fr\/115287620608222805","error":""},"_links":{"self":[{"href":"https:\/\/www.europesays.com\/fr\/wp-json\/wp\/v2\/posts\/426068","targetHints":{"allow":["GET"]}}],"collection":[{"href":"https:\/\/www.europesays.com\/fr\/wp-json\/wp\/v2\/posts"}],"about":[{"href":"https:\/\/www.europesays.com\/fr\/wp-json\/wp\/v2\/types\/post"}],"author":[{"embeddable":true,"href":"https:\/\/www.europesays.com\/fr\/wp-json\/wp\/v2\/users\/2"}],"replies":[{"embeddable":true,"href":"https:\/\/www.europesays.com\/fr\/wp-json\/wp\/v2\/comments?post=426068"}],"version-history":[{"count":0,"href":"https:\/\/www.europesays.com\/fr\/wp-json\/wp\/v2\/posts\/426068\/revisions"}],"wp:featuredmedia":[{"embeddable":true,"href":"https:\/\/www.europesays.com\/fr\/wp-json\/wp\/v2\/media\/426069"}],"wp:attachment":[{"href":"https:\/\/www.europesays.com\/fr\/wp-json\/wp\/v2\/media?parent=426068"}],"wp:term":[{"taxonomy":"category","embeddable":true,"href":"https:\/\/www.europesays.com\/fr\/wp-json\/wp\/v2\/categories?post=426068"},{"taxonomy":"post_tag","embeddable":true,"href":"https:\/\/www.europesays.com\/fr\/wp-json\/wp\/v2\/tags?post=426068"}],"curies":[{"name":"wp","href":"https:\/\/api.w.org\/{rel}","templated":true}]}}