{"id":426072,"date":"2025-09-29T12:38:09","date_gmt":"2025-09-29T12:38:09","guid":{"rendered":"https:\/\/www.europesays.com\/fr\/426072\/"},"modified":"2025-09-29T12:38:09","modified_gmt":"2025-09-29T12:38:09","slug":"succes-retentissant-pour-la-nuit-verte-qui-a-reuni-plus-de-6-000-visiteurs-au-parc-de-lermitage","status":"publish","type":"post","link":"https:\/\/www.europesays.com\/fr\/426072\/","title":{"rendered":"Succ\u00e8s retentissant pour la Nuit verte qui a r\u00e9uni plus de 6\u00a0000 visiteurs au parc de l\u2019Ermitage"},"content":{"rendered":"<p>La\u00a07e\u00a0biennale de La Nuit verte, port\u00e9e par le\u00a0GPV rive droite et Panoramas, \u00e9tait le rendez-vous incontournable \u00e0 ne pas manquer ce samedi 27\u00a0septembre au parc de l\u2019Ermitage \u00e0 Lormont Neuf artistes y ont racont\u00e9 leurs histoires autrement, autour d\u2019\u0153uvres \u00e9ph\u00e9m\u00e8res o\u00f9 se m\u00ealaient art contemporain, \u00e9cologie et r\u00e9cit collectif.<\/p>\n<p>Ouvertes d\u00e8s 19\u00a0heures, les portes ont vu passer en trois heures plus de 3\u00a0000\u00a0personnes et lors de la fermeture, \u00e0 2\u00a0heures du matin, ils \u00e9taient plus de 6\u00a0000 \u00e0 avoir visit\u00e9 les lieux. Du ch\u00e2teau des Iris (village d\u2019accueil) au pied du lac du parc, s\u2019offrait aux visiteurs un parcours lumineux et culturel de toute beaut\u00e9, une nuit magique.<\/p>\n<p>Sur le th\u00e8me de l\u2019eau, l\u2019inspiration des cr\u00e9ateurs \u00e9tait \u00e0 la hauteur des attentes du public qui a d\u00e9couvert des artistes comme F\u00e9lix Blume et son \u0153uvre sonore \u00ab\u00a0Pluies de septembre\u00a0\u00bb, Sara Favriau qui m\u00eale temporalit\u00e9 et territoire avec ses sculptures bois, ou la compagnie OLA, d\u00e9ambulant accoutr\u00e9e de chiffons et de lampes frontales afin d\u2019aider \u00e0 s\u2019affranchir, \u00e0 se d\u00e9lester et \u00e0 oublier, pour une nuit de r\u00eave, d\u2019\u00e9merveillement.<\/p>\n<p>Des d\u00e9couvertes \u00e9tonnantes<\/p>\n<p>Au-del\u00e0 des d\u00e9couvertes sculpturales fig\u00e9es ou vivantes, le collectif de cr\u00e9ation Bruit du frigo, qui regroupe architectes, artistes, urbanistes, m\u00e9diateurs et constructeurs, a saisi l\u2019occasion sous un magnifique chapiteau rose de r\u00e9v\u00e9ler au monde la paternit\u00e9\u00a0\/\u00a0maternit\u00e9\u00a0\/\u00a0origine lormontaise de la praline, cette douceur revendiqu\u00e9e par Lyon, mais qui aurait \u00e9t\u00e9 invent\u00e9e \u00e0 Lormont, au ch\u00e2teau Raoul, en 1649, par l\u2019officier de bouche du toutefois lyonnais Mar\u00e9chal du Plessis-Praslin.<\/p>\n<p>St\u00e9phane Peres dit Perey, l\u2019adjoint \u00e0 la culture, ne cachait pas sa satisfaction de la r\u00e9ussite de cette Nuit verte qui a fait la part belle \u00e0 la m\u00e9diation. Le travail effectu\u00e9 en amont avec les instances, les \u00e9coles, les centres sociaux et bon nombre de parties prenantes a donn\u00e9 une autre dimension \u00e0 cette manifestation, laquelle a gagn\u00e9 ses lettres de noblesse. Le prochain rendez-vous, dans deux ans, est d\u00e9j\u00e0 tr\u00e8s attendu.<\/p>\n","protected":false},"excerpt":{"rendered":"La\u00a07e\u00a0biennale de La Nuit verte, port\u00e9e par le\u00a0GPV rive droite et Panoramas, \u00e9tait le rendez-vous incontournable \u00e0 ne&hellip;\n","protected":false},"author":2,"featured_media":426073,"comment_status":"","ping_status":"","sticky":false,"template":"","format":"standard","meta":{"footnotes":""},"categories":[2817],"tags":[1111,11,1997,1777,674,1011,27,12,2219,25],"class_list":{"0":"post-426072","1":"post","2":"type-post","3":"status-publish","4":"format-standard","5":"has-post-thumbnail","7":"category-bordeaux","8":"tag-actu","9":"tag-actualites","10":"tag-bordeaux","11":"tag-eu","12":"tag-europe","13":"tag-fr","14":"tag-france","15":"tag-news","16":"tag-nouvelle-aquitaine","17":"tag-republique-francaise"},"share_on_mastodon":{"url":"https:\/\/pubeurope.com\/@fr\/115287628569752317","error":""},"_links":{"self":[{"href":"https:\/\/www.europesays.com\/fr\/wp-json\/wp\/v2\/posts\/426072","targetHints":{"allow":["GET"]}}],"collection":[{"href":"https:\/\/www.europesays.com\/fr\/wp-json\/wp\/v2\/posts"}],"about":[{"href":"https:\/\/www.europesays.com\/fr\/wp-json\/wp\/v2\/types\/post"}],"author":[{"embeddable":true,"href":"https:\/\/www.europesays.com\/fr\/wp-json\/wp\/v2\/users\/2"}],"replies":[{"embeddable":true,"href":"https:\/\/www.europesays.com\/fr\/wp-json\/wp\/v2\/comments?post=426072"}],"version-history":[{"count":0,"href":"https:\/\/www.europesays.com\/fr\/wp-json\/wp\/v2\/posts\/426072\/revisions"}],"wp:featuredmedia":[{"embeddable":true,"href":"https:\/\/www.europesays.com\/fr\/wp-json\/wp\/v2\/media\/426073"}],"wp:attachment":[{"href":"https:\/\/www.europesays.com\/fr\/wp-json\/wp\/v2\/media?parent=426072"}],"wp:term":[{"taxonomy":"category","embeddable":true,"href":"https:\/\/www.europesays.com\/fr\/wp-json\/wp\/v2\/categories?post=426072"},{"taxonomy":"post_tag","embeddable":true,"href":"https:\/\/www.europesays.com\/fr\/wp-json\/wp\/v2\/tags?post=426072"}],"curies":[{"name":"wp","href":"https:\/\/api.w.org\/{rel}","templated":true}]}}