{"id":426074,"date":"2025-09-29T12:39:12","date_gmt":"2025-09-29T12:39:12","guid":{"rendered":"https:\/\/www.europesays.com\/fr\/426074\/"},"modified":"2025-09-29T12:39:12","modified_gmt":"2025-09-29T12:39:12","slug":"action-de-luniversite-bordeaux-montaigne-en-faveur-des-etudiants-refugies","status":"publish","type":"post","link":"https:\/\/www.europesays.com\/fr\/426074\/","title":{"rendered":"Action de l&rsquo;Universit\u00e9 Bordeaux Montaigne en faveur des \u00e9tudiants r\u00e9fugi\u00e9s"},"content":{"rendered":"<p>Action de l&rsquo;Universit\u00e9 Bordeaux Montaigne en faveur des \u00e9tudiants r\u00e9fugi\u00e9s<a title=\"vue du parvis de l&#039;universit\u00e9 et du pr\u00e9sident\" rel=\"single nofollow noopener\" class=\"pirobox\" href=\"https:\/\/www.u-bordeaux-montaigne.fr\/_object\/ametys-internal%253Asites\/www\/ametys-internal%253Acontents\/action-de-l-universite-bordeaux-montaigne-en-faveur-des-etudiants-refugies\/_attribute\/illustration\/image\/parvis-universite-president-bordeaux-montaigne.png?objectId=defaultWebContent:\/\/395c6955-baf7-4969-af53-70098f91af1d\" target=\"_blank\"><img decoding=\"async\" class=\"img-responsive\" alt=\"vue du parvis de l'universit\u00e9 et du pr\u00e9sident\" src=\"https:\/\/www.europesays.com\/fr\/wp-content\/uploads\/2025\/09\/395c6955-baf7-4969-af53-70098f91af1d.png\"\/><\/a><\/p>\n<p class=\"content-published-date\"> Mis \u00e0 jour le 29 septembre 2025<\/p>\n<p>Ch\u00e8res et chers coll\u00e8gues,\u00a0<br \/>Ch\u00e8res \u00e9tudiantes, chers \u00e9tudiants,<\/p>\n<p>Les \u00e9v\u00e9nements g\u00e9opolitiques qui secouent le Moyen-Orient et, tout particuli\u00e8rement le traitement dont est l\u2019objet la population de Gaza, suscitent en nous une l\u00e9gitime indignation.<\/p>\n<p>Je n\u2019interviens que de mani\u00e8re mesur\u00e9e dans le d\u00e9bat public pour \u00e9viter d\u2019engager la parole universitaire dans la m\u00eal\u00e9e m\u00e9diatique. Mais je crois n\u00e9cessaire aujourd\u2019hui de vous \u00e9crire car l\u2019universit\u00e9 est sciemment utilis\u00e9e comme ar\u00e8ne par des forces politiques antagonistes. D\u2019un c\u00f4t\u00e9, ceux qui conspuent le \u00ab\u00a0wokisme\u00a0\u00bb et taxent \u00e9hont\u00e9ment l\u2019universit\u00e9 d\u2019antis\u00e9mitisme\u00a0; de l\u2019autre, des militants qui accusent les \u00e9tablissements d\u2019enseignement sup\u00e9rieur d\u2019inhumanit\u00e9 parce qu\u2019ils n\u2019ouvriraient pas grandes leurs portes aux r\u00e9fugi\u00e9s gazaouis.<\/p>\n<p>Je le r\u00e9p\u00e8te solennellement, les agissements de l\u2019\u00c9tat d\u2019Isra\u00ebl sont inadmissibles et nous ne pouvons que rejoindre les propos d\u2019Ant\u00f3nio Guterres, Secr\u00e9taire g\u00e9n\u00e9ral de l\u2019O.N.U.\u00a0: \u00ab\u00a0la destruction massive de quartiers, la famine organis\u00e9e, les h\u00f4pitaux hors d&rsquo;usage, l&rsquo;exode forc\u00e9 (\u2026) sont moralement, politiquement et l\u00e9galement intol\u00e9rables\u00a0\u00bb.<\/p>\n<p>Face \u00e0 cela, l\u2019Universit\u00e9 Bordeaux Montaigne continue \u00e0 agir en responsabilit\u00e9. Comme elle le fait, en pionni\u00e8re, depuis 7 ans, au fil des crises syrienne, ukrainienne et maintenant palestinienne, elle \u0153uvre de mani\u00e8re volontariste en faveur des r\u00e9fugi\u00e9s. Concernant Gaza, nous sommes depuis six mois en contact avec les associations de terrain et avons d\u00e9j\u00e0 d\u00e9livr\u00e9 deux lettres d\u2019admission et trois sont en cours. Par ailleurs, nous nous appr\u00eatons \u00e0 accueillir six \u00e9tudiantes afghanes. Nous continuons bien entendu, gr\u00e2ce \u00e0 Camille Nau (Cheffe de projet accompagnement des \u00e9tudiants et chercheurs migrants, r\u00e9fugi\u00e9s, exil\u00e9s), \u00e0 \u00e9toffer les dossiers des \u00e9tudiantes et \u00e9tudiants souhaitant rejoindre notre pays pour poursuivre leurs \u00e9tudes. Car il ne suffit pas de d\u00e9livrer une inscription. Outre le fait que celle-ci serait, r\u00e9glementairement, sans valeur, nous devons fournir, pour chaque demande, des \u00e9l\u00e9ments solides (d\u00e9tails pr\u00e9cis sur le cursus, accord des enseignants) augmentant les chances des dossiers d\u2019\u00eatre valid\u00e9s. Nous fournissons ces \u00e9l\u00e9ments, au prix d\u2019un travail minutieux, et nous nous assurons \u00e9galement que des conditions d\u2019accueil satisfaisantes seront r\u00e9unies. En effet, par-del\u00e0 l\u2019obligation r\u00e9glementaire impos\u00e9e \u00e0 chaque candidat\u00b7e \u00e0 l\u2019exil de disposer \u2013 sur le compte d\u2019une fondation ou d\u2019une association \u2013 d\u2019une somme de 8 400\u20ac, il faut \u00eatre s\u00fbr qu\u2019ils ou elles disposeront d\u2019un toit et de soutiens. Je m\u2019excuse de devoir \u00eatre aussi pr\u00e9cis, mais ces \u00e9l\u00e9ments \u2013 qui ne sont pas des d\u00e9tails pour le quotidien des r\u00e9fugi\u00e9s \u00e0 venir \u2013 doivent \u00eatre port\u00e9s \u00e0 la connaissance de toutes et tous pour \u00e9clairer le lourd travail que font les services de l\u2019universit\u00e9. J\u2019en profite pour saluer la conscience professionnelle et le militantisme de nos coll\u00e8gues. Sachez enfin que nous sommes en recherche de m\u00e9c\u00e8nes.<\/p>\n<p>Oui, nous sommes tr\u00e8s engag\u00e9s et je refuse les pol\u00e9miques qui desservent la cause que d\u00e9clare d\u00e9fendre tel ou tel groupe politique. Si nous avons effac\u00e9 cette semaine une fresque en faveur de Gaza, c\u2019est parce que leurs auteurs ont sciemment enfreint les r\u00e8gles du vivre ensemble. Nous avions d\u2019embl\u00e9e demand\u00e9 aux peintres d\u2019interrompre leur \u0153uvre en leur proposant un autre mur car l\u2019espace de la galerie qu\u2019ils ont investi, ill\u00e9galement et sans demande, \u00e9tait de longue date r\u00e9serv\u00e9 par l\u2019association des personnels pour r\u00e9aliser une fresque dans le cadre d\u2019Octobre rose. La fresque ne peut \u00eatre conserv\u00e9e car l\u2019universit\u00e9 doit aussi tenir sa parole dans la lutte contre le cancer.\u00a0<\/p>\n<p>La trag\u00e9die de Gaza m\u00e9rite mieux que des pol\u00e9miques et je sais pouvoir compter, dans l\u2019hypoth\u00e8se o\u00f9 des \u00e9tudiants voire des enseignants gazaouis pourraient gagner l\u2019Universit\u00e9 Bordeaux Montaigne, sur votre mobilisation pour leur assurer le meilleur accueil. Sur ce point, un vademecum relatif \u00e0 l\u2019accueil d\u2019urgence des candidats en situation d&rsquo;exil sera prochainement diffus\u00e9 aupr\u00e8s de la communaut\u00e9.<\/p>\n<p>Je vous prie d\u2019agr\u00e9er, ch\u00e8res et chers coll\u00e8gues, ch\u00e8res et chers \u00e9tudiants, mes salutations les meilleures.<\/p>\n<p><strong>Alexandre P\u00e9raud<\/strong><br \/><strong>Pr\u00e9sident de l\u2019Universit\u00e9 Bordeaux Montaigne<\/strong><\/p>\n<p class=\"itemgray\">(1) Comme signal\u00e9 dans le mail \u00e0 la communaut\u00e9 en date du 5 septembre, les coll\u00e8gues sollicit\u00e9s pour un accueil sont invit\u00e9s \u00e0 se tourner vers Camille Nau, responsable de l&rsquo;accompagnement des publics migrants et exil\u00e9s dans notre universit\u00e9, de mani\u00e8re \u00e0 ce que l&rsquo;accueil de ces personnes se fassent dans les meilleures conditions.<br \/>Pour garantir un suivi adapt\u00e9 aux situations individuelles et conforme aux pratiques en vigueur, nous vous remercions de bien vouloir transmettre syst\u00e9matiquement toute demande \u00e0 l\u2019adresse suivante :<br \/><a id=\"M14322384365754048\" class=\"mailto\"><strong>etudiants-en-exil@u-bordeaux-montaigne.fr<\/strong> (etudiants-en-exil @ u-bordeaux-montaigne.fr)<\/a><\/p>\n<p>Camille Nau, qui g\u00e8re cette bo\u00eete mail, assure une veille r\u00e9guli\u00e8re des \u00e9volutions r\u00e9glementaires et peut ainsi orienter les candidats ou leurs soutiens vers les d\u00e9marches les plus appropri\u00e9es, au cas par cas.<\/p>\n","protected":false},"excerpt":{"rendered":"Action de l&rsquo;Universit\u00e9 Bordeaux Montaigne en faveur des \u00e9tudiants r\u00e9fugi\u00e9s Mis \u00e0 jour le 29 septembre 2025 Ch\u00e8res&hellip;\n","protected":false},"author":2,"featured_media":426075,"comment_status":"","ping_status":"","sticky":false,"template":"","format":"standard","meta":{"footnotes":""},"categories":[2817],"tags":[1111,11,1997,1777,674,1011,27,12,2219,25],"class_list":{"0":"post-426074","1":"post","2":"type-post","3":"status-publish","4":"format-standard","5":"has-post-thumbnail","7":"category-bordeaux","8":"tag-actu","9":"tag-actualites","10":"tag-bordeaux","11":"tag-eu","12":"tag-europe","13":"tag-fr","14":"tag-france","15":"tag-news","16":"tag-nouvelle-aquitaine","17":"tag-republique-francaise"},"share_on_mastodon":{"url":"https:\/\/pubeurope.com\/@fr\/115287632444420541","error":""},"_links":{"self":[{"href":"https:\/\/www.europesays.com\/fr\/wp-json\/wp\/v2\/posts\/426074","targetHints":{"allow":["GET"]}}],"collection":[{"href":"https:\/\/www.europesays.com\/fr\/wp-json\/wp\/v2\/posts"}],"about":[{"href":"https:\/\/www.europesays.com\/fr\/wp-json\/wp\/v2\/types\/post"}],"author":[{"embeddable":true,"href":"https:\/\/www.europesays.com\/fr\/wp-json\/wp\/v2\/users\/2"}],"replies":[{"embeddable":true,"href":"https:\/\/www.europesays.com\/fr\/wp-json\/wp\/v2\/comments?post=426074"}],"version-history":[{"count":0,"href":"https:\/\/www.europesays.com\/fr\/wp-json\/wp\/v2\/posts\/426074\/revisions"}],"wp:featuredmedia":[{"embeddable":true,"href":"https:\/\/www.europesays.com\/fr\/wp-json\/wp\/v2\/media\/426075"}],"wp:attachment":[{"href":"https:\/\/www.europesays.com\/fr\/wp-json\/wp\/v2\/media?parent=426074"}],"wp:term":[{"taxonomy":"category","embeddable":true,"href":"https:\/\/www.europesays.com\/fr\/wp-json\/wp\/v2\/categories?post=426074"},{"taxonomy":"post_tag","embeddable":true,"href":"https:\/\/www.europesays.com\/fr\/wp-json\/wp\/v2\/tags?post=426074"}],"curies":[{"name":"wp","href":"https:\/\/api.w.org\/{rel}","templated":true}]}}