{"id":426083,"date":"2025-09-29T12:45:15","date_gmt":"2025-09-29T12:45:15","guid":{"rendered":"https:\/\/www.europesays.com\/fr\/426083\/"},"modified":"2025-09-29T12:45:15","modified_gmt":"2025-09-29T12:45:15","slug":"ajax-amsterdam-les-supporters-neerlandais-prives-de-deplacement-a-marseille","status":"publish","type":"post","link":"https:\/\/www.europesays.com\/fr\/426083\/","title":{"rendered":"Ajax Amsterdam, les supporters n\u00e9erlandais priv\u00e9s de d\u00e9placement \u00e0 Marseille"},"content":{"rendered":"<p>Mardi 30 septembre 2025, \u00e0 l\u2019occasion de l\u2019UEFA Champions League, l\u2019Olympique de Marseille rencontrera l\u2019Ajax Amsterdam au stade Orange V\u00e9lodrome.<\/p>\n<p class=\"p1\" style=\"text-align: justify;\">L\u2019antagonisme entre les supporters de l\u2019Olympique de Marseille et de l\u2019Ajax Amsterdam a entra\u00een\u00e9 par le pass\u00e9 de graves troubles \u00e0 l\u2019ordre public, causant notamment l\u2019interdiction de d\u00e9placement des supporters marseillais \u00e0 Amsterdam pour une dur\u00e9e de 5 ans.\u00a0\u00ab\u00a0\u00c0 la demande de la pr\u00e9f\u00e8te de police d\u00e9l\u00e9gu\u00e9e des Bouches-du-Rh\u00f4ne, le ministre d\u2019\u00c9tat, ministre de l\u2019Int\u00e9rieur Bruno Retailleau, a pris un arr\u00eat\u00e9 minist\u00e9riel interdisant le d\u00e9placement individuel ou collectif de toute personne se pr\u00e9valant de la qualit\u00e9 de supporter de l\u2019Ajax Amsterdam ou se comportant comme tel du lundi 29 septembre 2025 00 h 00 au mardi 30 septembre 2025 \u00e0 minuit\u00a0\u00bb, annonce un communiqu\u00e9 de la Pr\u00e9fecture des Bouches-du-Rh\u00f4ne.<\/p>\n<p class=\"p1\" style=\"text-align: justify;\">En outre, afin d\u2019assurer le d\u00e9roulement du match dans les meilleures conditions et de garantir l\u2019ordre public, la pr\u00e9f\u00e8te de police d\u00e9l\u00e9gu\u00e9e des Bouches-du-Rh\u00f4ne, Corinne SIMON a pris plusieurs arr\u00eat\u00e9s portant sur :<\/p>\n<p class=\"p4\" style=\"text-align: justify;\">&#8211; L\u2019interdiction \u00e0 toute personne se pr\u00e9valant de la qualit\u00e9 de supporter de l\u2019Ajax Amsterdam ou se comportant comme tel, d\u2019acc\u00e9der au stade Orange V\u00e9lodrome et de circuler ou de stationner sur la voie publique dans les 1er, 2\u00e8me, 6\u00e8me, 7\u00e8me et 8\u00e8me arrondissements de la commune de Marseille du lundi 29 septembre 2025 \u00e0 midi au mercredi 1er octobre 2025 \u00e0 05h00,<\/p>\n<p class=\"p4\" style=\"text-align: justify;\">&#8211; L\u2019interdiction du port, du transport, de la d\u00e9tention et de l\u2019usage d\u2019engins pyrotechniques aux abords du stade le mardi 30 septembre 2025.<\/p>\n<p class=\"p5\" style=\"text-align: justify;\"><strong>Une mont\u00e9e en puissance des effectifs des forces de l&rsquo;ordre<\/strong><\/p>\n<p class=\"p3\" style=\"text-align: justify;\">D\u00e8s lundi 29 septembre, un dispositif de police sera d\u00e9ploy\u00e9 et montera en puissance mardi 30 septembre. Des unit\u00e9s de forces mobiles seront mobilis\u00e9es en soutien des effectifs locaux pour faire respecter ces mesures, garantir l\u2019ordre public et s\u2019assurer que chacun puisse profiter de cette soir\u00e9e en toute s\u00e9curit\u00e9.<\/p>\n<p class=\"p1\" style=\"text-align: justify;\">En parall\u00e8le, le mardi 30 septembre \u00e0 14h00, dans le cadre de la Youth League, les \u00e9quipes U19 de l\u2019Olympique de Marseille et de l\u2019Ajax Amsterdam s\u2019affronteront au stade Francis Turcan \u00e0 Martigues. Compte tenu du caract\u00e8re sensible de cette rencontre et afin de garantir son bon d\u00e9roulement, des effectifs locaux de police seront mobilis\u00e9s pour assurer la s\u00e9curit\u00e9 de cette rencontre.<\/p>\n","protected":false},"excerpt":{"rendered":"Mardi 30 septembre 2025, \u00e0 l\u2019occasion de l\u2019UEFA Champions League, l\u2019Olympique de Marseille rencontrera l\u2019Ajax Amsterdam au stade&hellip;\n","protected":false},"author":2,"featured_media":426084,"comment_status":"","ping_status":"","sticky":false,"template":"","format":"standard","meta":{"footnotes":""},"categories":[2814],"tags":[1111,11,55488,1777,674,1011,27,884,12,149,882,25,10221],"class_list":{"0":"post-426083","1":"post","2":"type-post","3":"status-publish","4":"format-standard","5":"has-post-thumbnail","7":"category-marseille","8":"tag-actu","9":"tag-actualites","10":"tag-ajax","11":"tag-eu","12":"tag-europe","13":"tag-fr","14":"tag-france","15":"tag-marseille","16":"tag-news","17":"tag-om","18":"tag-provence-alpes-cote-dazur","19":"tag-republique-francaise","20":"tag-supporters"},"share_on_mastodon":{"url":"https:\/\/pubeurope.com\/@fr\/115287655990834228","error":""},"_links":{"self":[{"href":"https:\/\/www.europesays.com\/fr\/wp-json\/wp\/v2\/posts\/426083","targetHints":{"allow":["GET"]}}],"collection":[{"href":"https:\/\/www.europesays.com\/fr\/wp-json\/wp\/v2\/posts"}],"about":[{"href":"https:\/\/www.europesays.com\/fr\/wp-json\/wp\/v2\/types\/post"}],"author":[{"embeddable":true,"href":"https:\/\/www.europesays.com\/fr\/wp-json\/wp\/v2\/users\/2"}],"replies":[{"embeddable":true,"href":"https:\/\/www.europesays.com\/fr\/wp-json\/wp\/v2\/comments?post=426083"}],"version-history":[{"count":0,"href":"https:\/\/www.europesays.com\/fr\/wp-json\/wp\/v2\/posts\/426083\/revisions"}],"wp:featuredmedia":[{"embeddable":true,"href":"https:\/\/www.europesays.com\/fr\/wp-json\/wp\/v2\/media\/426084"}],"wp:attachment":[{"href":"https:\/\/www.europesays.com\/fr\/wp-json\/wp\/v2\/media?parent=426083"}],"wp:term":[{"taxonomy":"category","embeddable":true,"href":"https:\/\/www.europesays.com\/fr\/wp-json\/wp\/v2\/categories?post=426083"},{"taxonomy":"post_tag","embeddable":true,"href":"https:\/\/www.europesays.com\/fr\/wp-json\/wp\/v2\/tags?post=426083"}],"curies":[{"name":"wp","href":"https:\/\/api.w.org\/{rel}","templated":true}]}}