{"id":426085,"date":"2025-09-29T12:46:18","date_gmt":"2025-09-29T12:46:18","guid":{"rendered":"https:\/\/www.europesays.com\/fr\/426085\/"},"modified":"2025-09-29T12:46:18","modified_gmt":"2025-09-29T12:46:18","slug":"des-affiches-contre-la-propagande-et-netanyahou-quatre-activistes-antipub-interpelles","status":"publish","type":"post","link":"https:\/\/www.europesays.com\/fr\/426085\/","title":{"rendered":"des affiches contre la propagande et Netanyahou,\u00a0quatre activistes antipub interpell\u00e9s"},"content":{"rendered":"<p itemprop=\"description\"><strong>Des affiches d\u00e9non\u00e7ant la publicit\u00e9 et des messages \u00ab\u00a0anticoloniaux\u00a0\u00bb ont \u00e9t\u00e9 pos\u00e9s dans le centre-ville de Lyon.<\/strong><\/p>\n<p>Quatre militants de l\u2019association R\u00e9sistance \u00e0 l\u2019Agression Publicitaire (RAP) ont \u00e9t\u00e9 interpell\u00e9s et plac\u00e9s en garde \u00e0 vue samedi soir \u00e0 Lyon, \u00ab\u00a0\u00e0\u00a0l\u2019issue d\u2019une action antipub non\u2013violente et non\u2013d\u00e9gradante\u00a0\u00bb, indique l\u2019organisation dans un communiqu\u00e9.<\/p>\n<p>Selon RAP, l\u2019action consistait \u00e0 recouvrir des dispositifs publicitaires aux arr\u00eats de tram du centre-ville. \u00ab\u00a0Avant leur interpellation, 24 affiches avaient \u00e9t\u00e9 mises en place par les activistes\u00a0\u00bb, pr\u00e9cise l\u2019association. Une douzaine d\u00e9non\u00e7aient\u00a0\u00ab\u00a0la publicit\u00e9, sa propagande, et la privatisation des services publics\u00a0\u00bb.\u00a0<\/p>\n<p><img loading=\"lazy\" decoding=\"async\" src=\"https:\/\/www.europesays.com\/fr\/wp-content\/uploads\/2025\/09\/signal-2025-09-28-082329-002-78013.jpeg\" alt=\"\" width=\"700\" height=\"525\"\/><\/p>\n<p>L\u2019autre partie affichait le message : \u00ab\u00a0La Cour p\u00e9nale internationale recherche pour crimes de guerre et g\u00e9nocide. Premier ministre isra\u00e9lien Benyamin Netanyahou\u00a0\u00bb, ainsi que d\u2019autres slogans \u00ab\u00a0anticoloniaux\u00a0\u00bb.<\/p>\n<p>Les quatre interpellations ont eu lieu samedi 27 septembre \u00e0 23h15 \u00e0 la station de tram Route de Vienne. \u00ab\u00a0Ils sont encore actuellement en garde \u00e0 vue\u00a0\u00bb, assure RAP. L\u2019action s\u2019inscrivait dans le cadre de la Marche des r\u00e9sistances organis\u00e9e ce dimanche 28 septembre \u00e0 Lyon et dans plusieurs villes de France.<\/p>\n<p>Un comit\u00e9 de soutien est mis en place. L\u2019association r\u00e9clame \u00ab\u00a0la lib\u00e9ration imm\u00e9diate des 4 militants.\u00a0\u00bb<\/p>\n","protected":false},"excerpt":{"rendered":"Des affiches d\u00e9non\u00e7ant la publicit\u00e9 et des messages \u00ab\u00a0anticoloniaux\u00a0\u00bb ont \u00e9t\u00e9 pos\u00e9s dans le centre-ville de Lyon. Quatre&hellip;\n","protected":false},"author":2,"featured_media":426086,"comment_status":"","ping_status":"","sticky":false,"template":"","format":"standard","meta":{"footnotes":""},"categories":[1889],"tags":[1111,11,2813,2190,2430,1109,251,1112,2811,1777,674,118,1011,27,1922,1110,1114,2428,2810,12,241,316,25,2812,517,800],"class_list":{"0":"post-426085","1":"post","2":"type-post","3":"status-publish","4":"format-standard","5":"has-post-thumbnail","7":"category-lyon","8":"tag-actu","9":"tag-actualites","10":"tag-article","11":"tag-asvel","12":"tag-auvergne-rhone-alpes","13":"tag-breves","14":"tag-culture","15":"tag-depeches","16":"tag-economique","17":"tag-eu","18":"tag-europe","19":"tag-faits-divers","20":"tag-fr","21":"tag-france","22":"tag-info","23":"tag-informations","24":"tag-infos","25":"tag-lyon","26":"tag-lyonmag","27":"tag-news","28":"tag-ol","29":"tag-politique","30":"tag-republique-francaise","31":"tag-sociale","32":"tag-sport","33":"tag-transports"},"share_on_mastodon":{"url":"https:\/\/pubeurope.com\/@fr\/115287660350124447","error":""},"_links":{"self":[{"href":"https:\/\/www.europesays.com\/fr\/wp-json\/wp\/v2\/posts\/426085","targetHints":{"allow":["GET"]}}],"collection":[{"href":"https:\/\/www.europesays.com\/fr\/wp-json\/wp\/v2\/posts"}],"about":[{"href":"https:\/\/www.europesays.com\/fr\/wp-json\/wp\/v2\/types\/post"}],"author":[{"embeddable":true,"href":"https:\/\/www.europesays.com\/fr\/wp-json\/wp\/v2\/users\/2"}],"replies":[{"embeddable":true,"href":"https:\/\/www.europesays.com\/fr\/wp-json\/wp\/v2\/comments?post=426085"}],"version-history":[{"count":0,"href":"https:\/\/www.europesays.com\/fr\/wp-json\/wp\/v2\/posts\/426085\/revisions"}],"wp:featuredmedia":[{"embeddable":true,"href":"https:\/\/www.europesays.com\/fr\/wp-json\/wp\/v2\/media\/426086"}],"wp:attachment":[{"href":"https:\/\/www.europesays.com\/fr\/wp-json\/wp\/v2\/media?parent=426085"}],"wp:term":[{"taxonomy":"category","embeddable":true,"href":"https:\/\/www.europesays.com\/fr\/wp-json\/wp\/v2\/categories?post=426085"},{"taxonomy":"post_tag","embeddable":true,"href":"https:\/\/www.europesays.com\/fr\/wp-json\/wp\/v2\/tags?post=426085"}],"curies":[{"name":"wp","href":"https:\/\/api.w.org\/{rel}","templated":true}]}}