{"id":426091,"date":"2025-09-29T12:49:12","date_gmt":"2025-09-29T12:49:12","guid":{"rendered":"https:\/\/www.europesays.com\/fr\/426091\/"},"modified":"2025-09-29T12:49:12","modified_gmt":"2025-09-29T12:49:12","slug":"engie-solutions-et-cdc-habitat-idf-engages-pour-decarboner-le-patrimoine","status":"publish","type":"post","link":"https:\/\/www.europesays.com\/fr\/426091\/","title":{"rendered":"ENGIE Solutions et CDC Habitat IDF engag\u00e9s pour d\u00e9carboner le patrimoine"},"content":{"rendered":"<p><img loading=\"lazy\" decoding=\"async\" alt=\"\u00a9ENGIE Solutions - La signature du partenariat conclu entre ENGIE Solutions et CDC Habitat \u00cele-de-France pour la d\u00e9carbonation du patrimoine, au Congr\u00e8s Hlm 2025 \u00e0 Paris.\" data-zoom-src=\"https:\/\/www.europesays.com\/fr\/wp-content\/uploads\/2025\/09\/initial-signature-cdc-habitat-engie-solutions-1.jpg\" data-zoomable=\"\" height=\"702\" src=\"https:\/\/www.europesays.com\/fr\/wp-content\/uploads\/2025\/09\/initial-signature-cdc-habitat-engie-solutions-1.jpg\" width=\"1248\"\/>  <\/p>\n<p class=\"article-desc\">\u00a9ENGIE Solutions &#8211; La signature du partenariat conclu entre ENGIE Solutions et CDC Habitat \u00cele-de-France pour la d\u00e9carbonation du patrimoine, au Congr\u00e8s Hlm 2025 \u00e0 Paris. <\/p>\n<p>Lors du <strong>85e Congr\u00e8s Hlm de l\u2019Union sociale pour l\u2019habitat,<\/strong> qui s\u2019est tenu \u00e0 Paris du 23 au 25 septembre, <a href=\"https:\/\/mesinfos.fr\/ile-de-france\/sipperec-et-engie-solutions-accelerent-le-developpement-de-la-geothermie-180729.html\" rel=\"noopener nofollow\" target=\"_blank\">ENGIE Solutions<\/a> et CDC Habitat \u00cele-de-France ont sign\u00e9 un partenariat visant le d\u00e9ploiement de <strong>sondes d\u2019ambiance connect\u00e9es<\/strong> et la r\u00e9alisation d\u2019\u00e9tudes de <a href=\"https:\/\/mesinfos.fr\/75000-paris\/decarbonation-jean-jouzel-invite-d-honneur-au-sibca-229568.html\" rel=\"noopener nofollow\" target=\"_blank\">d\u00e9carbonation<\/a> sur les <strong>logements du patrimoine<\/strong> du groupe g\u00e9r\u00e9s par ENGIE Solutions.\u00a0 <\/p>\n<p>L\u2019officialisation de ce partenariat, qui s\u2019inscrit dans une <strong>d\u00e9marche commune de performance \u00e9nerg\u00e9tique<\/strong> et de solutions bas carbone en faveur d\u2019un habitat durable et accessible, s\u2019est tenue en pr\u00e9sence de Cl\u00e9ment Lecuivre directeur g\u00e9n\u00e9ral de CDC Habitat, d\u2019Eric Dubertrand, directeur interr\u00e9gional de CDC Habitat Ile-de-France, et de Jany Arnal, directrice du territoire \u00cele-de-France France d\u2019ENGIE Solutions. <\/p>\n<p>Identifier les \u00eelots de chaleur du patrimoine de CDC Habitat \u00cele-de-France en \u00e9t\u00e9 <\/p>\n<p>Les <strong>sondes connect\u00e9es<\/strong>, souvent utilis\u00e9es dans les logements pour contr\u00f4ler le respect des temp\u00e9ratures de consigne en hiver, sont un <strong>indicateur en temps r\u00e9el<\/strong> de la temp\u00e9rature, de l\u2019humidit\u00e9 et de la qualit\u00e9 de l\u2019air int\u00e9rieur. D\u00e9sormais, <strong>l\u2019ensemble des 19 600 logements de CDC Habitat \u00cele-de-France g\u00e9r\u00e9s par ENGIE Solutions<\/strong> en seront \u00e9quip\u00e9s mais pour <strong>relever les temp\u00e9ratures estivales.<\/strong> <\/p>\n<p>Durant un an, les donn\u00e9es issues des sondes seront analys\u00e9es par ENGIE Solutions afin d\u2019<strong>identifier les \u00eelots de chaleur du patrimoine <\/strong>de <a href=\"https:\/\/mesinfos.fr\/ile-de-france\/bclp-et-gide-aux-cotes-de-cdc-habitat-sur-une-cessions-dactifs-immobiliers-a-cnp-assurances-105365.html\" rel=\"noopener nofollow\" target=\"_blank\">CDC Habitat<\/a> \u00cele-de-France pendant la p\u00e9riode o\u00f9 le chauffage ne fonctionne pas, donc l\u2019\u00e9t\u00e9, et d\u2019\u00e9tablir une liste d\u2019actions \u00e0 mettre en \u0153uvre pour garantir le <strong>maximum de confort aux occupants<\/strong>, comme la <a href=\"https:\/\/mesinfos.fr\/75000-paris\/vegetalisation-des-rues-a-paris-la-nature-n-a-jamais-deserte-la-ville-218901.html\" rel=\"noopener nofollow\" target=\"_blank\">cr\u00e9ation d\u2019espaces arbor\u00e9s<\/a> ou la d\u00e9sartificialisation des sols.<\/p>\n<p>Ces sondes, actuellement en cours de d\u00e9ploiement, devraient toutes entrer en fonctionnement avant l\u2019\u00e9t\u00e9 2026. ENGIE Solutions en assurera le d\u00e9ploiement, la maintenance et l\u2019exploitation.\u00a0 <\/p>\n<p>Ouvrir la d\u00e9carbonation du patrimoine aux logements non \u00e9ligibles aux solutions du plan actuel <\/p>\n<p>En parall\u00e8le, le groupe a lanc\u00e9 une <strong>phase d\u2019analyse approfondie<\/strong> des logements du patrimoine de CDC Habitat \u00cele-de-France afin de <strong>permettre aux r\u00e9sidences non \u00e9ligibles<\/strong> aux <strong>solutions d\u00e9ploy\u00e9es dans le plan actuel de d\u00e9carbonation<\/strong> d\u2019y avoir acc\u00e8s en les raccordant aux b\u00e2timents situ\u00e9s \u00e0 proximit\u00e9 d\u2019un r\u00e9seau de chaleur existant ou en cr\u00e9ant des <strong>r\u00e9seaux de chaleur priv\u00e9s<\/strong> avec des partenaires comme les communes, bailleurs mais aussi les copropri\u00e9t\u00e9s et ASL (association syndicale libre) dont CDC Habitat Ile-de-France est membre.<\/p>\n<p>\u201cPour le groupe CDC Habitat, op\u00e9rateur global de l\u2019habitat d\u2019int\u00e9r\u00eat public, cette initiative s\u2019inscrit dans sa strat\u00e9gie de <strong>modernisation du parc immobilier<\/strong> et de <strong>r\u00e9duction de l\u2019empreinte carbone<\/strong>. Le partenariat avec ENGIE Solutions illustre la volont\u00e9 d\u2019innover au service des locataires, tout en contribuant activement \u00e0 la transition \u00e9nerg\u00e9tique\u201d, souligne E<strong>ric Dubertrand, directeur interr\u00e9gional de CDC Habitat \u00cele-de-France.<\/strong> <\/p>\n<p>\u201cPar ce partenariat, avec CDC Habitat \u00cele-de-France, nous d\u00e9montrons <strong>l\u2019importance de l\u2019adaptation climatique \u00e0 l\u2019\u00e9chelle des bailleurs<\/strong>. Nous avons la capacit\u00e9 d\u2019agir pour am\u00e9liorer la performance \u00e9nerg\u00e9tique et r\u00e9duire l&#8217;empreinte carbone. Et gr\u00e2ce \u00e0 des solutions comme les r\u00e9seaux locaux d&rsquo;\u00e9nergie et la production d&rsquo;\u00e9nergies d\u00e9carbon\u00e9es sur site, nous contribuons \u00e0 un habitat durable et confortable\u201d, ajoute <strong>Jany Arnal, directrice du territoire \u00cele-de-France France d\u2019ENGIE Solutions.<\/strong> <\/p>\n","protected":false},"excerpt":{"rendered":"\u00a9ENGIE Solutions &#8211; La signature du partenariat conclu entre ENGIE Solutions et CDC Habitat \u00cele-de-France pour la d\u00e9carbonation&hellip;\n","protected":false},"author":2,"featured_media":426092,"comment_status":"","ping_status":"","sticky":false,"template":"","format":"standard","meta":{"footnotes":""},"categories":[1592],"tags":[1111,11,25255,1777,674,1011,27,662,12,626,25],"class_list":{"0":"post-426091","1":"post","2":"type-post","3":"status-publish","4":"format-standard","5":"has-post-thumbnail","7":"category-ile-de-france","8":"tag-actu","9":"tag-actualites","10":"tag-du00e9carbonation","11":"tag-eu","12":"tag-europe","13":"tag-fr","14":"tag-france","15":"tag-ile-de-france","16":"tag-news","17":"tag-paris","18":"tag-republique-francaise"},"share_on_mastodon":{"url":"https:\/\/pubeurope.com\/@fr\/115287671712328377","error":""},"_links":{"self":[{"href":"https:\/\/www.europesays.com\/fr\/wp-json\/wp\/v2\/posts\/426091","targetHints":{"allow":["GET"]}}],"collection":[{"href":"https:\/\/www.europesays.com\/fr\/wp-json\/wp\/v2\/posts"}],"about":[{"href":"https:\/\/www.europesays.com\/fr\/wp-json\/wp\/v2\/types\/post"}],"author":[{"embeddable":true,"href":"https:\/\/www.europesays.com\/fr\/wp-json\/wp\/v2\/users\/2"}],"replies":[{"embeddable":true,"href":"https:\/\/www.europesays.com\/fr\/wp-json\/wp\/v2\/comments?post=426091"}],"version-history":[{"count":0,"href":"https:\/\/www.europesays.com\/fr\/wp-json\/wp\/v2\/posts\/426091\/revisions"}],"wp:featuredmedia":[{"embeddable":true,"href":"https:\/\/www.europesays.com\/fr\/wp-json\/wp\/v2\/media\/426092"}],"wp:attachment":[{"href":"https:\/\/www.europesays.com\/fr\/wp-json\/wp\/v2\/media?parent=426091"}],"wp:term":[{"taxonomy":"category","embeddable":true,"href":"https:\/\/www.europesays.com\/fr\/wp-json\/wp\/v2\/categories?post=426091"},{"taxonomy":"post_tag","embeddable":true,"href":"https:\/\/www.europesays.com\/fr\/wp-json\/wp\/v2\/tags?post=426091"}],"curies":[{"name":"wp","href":"https:\/\/api.w.org\/{rel}","templated":true}]}}