{"id":426095,"date":"2025-09-29T12:51:10","date_gmt":"2025-09-29T12:51:10","guid":{"rendered":"https:\/\/www.europesays.com\/fr\/426095\/"},"modified":"2025-09-29T12:51:10","modified_gmt":"2025-09-29T12:51:10","slug":"les-trains-de-nuit-vienne-paris-et-berlin-paris-ne-circuleront-plus-a-partir-du-14-decembre","status":"publish","type":"post","link":"https:\/\/www.europesays.com\/fr\/426095\/","title":{"rendered":"Les trains de nuit Vienne-Paris et Berlin-Paris ne circuleront plus \u00e0 partir du 14 d\u00e9cembre"},"content":{"rendered":"<p class=\"mb-4 text-lg md:leading-8 break-words\">Deux lignes de trains de nuit iconiques, le Vienne-Paris et le Berlin-Paris, seront arr\u00eat\u00e9es le 14\u00a0d\u00e9cembre, selon la compagnie autrichienne\u00a0\u00d6BB, \u00ab\u00a0apr\u00e8s un retrait des partenaires fran\u00e7ais\u00a0\u00bb. Tomb\u00e9s en d\u00e9su\u00e9tudes durant les ann\u00e9es 2010, ces lignes internationales avaient pourtant \u00e9t\u00e9 relanc\u00e9es en 2021\u00a0et 2023.<\/p>\n<p class=\"mb-4 text-lg md:leading-8 break-words\">Les trains de nuit Vienne-Paris et Berlin-Paris ne circuleront plus d\u00e8s le 14\u00a0d\u00e9cembre \u00ab\u00a0apr\u00e8s le retrait des partenaires fran\u00e7ais\u00a0\u00bb, a annonc\u00e9 la compagnie ferroviaire autrichienne \u00d6BB lundi 29\u00a0septembre dans un communiqu\u00e9.<\/p>\n<p class=\"mb-4 text-lg md:leading-8 break-words\">\u00ab\u00a0La <a class=\"link \" href=\"https:\/\/www.france24.com\/fr\/tag\/sncf\/\" rel=\"nofollow noopener\" target=\"_blank\" data-ylk=\"slk:SNCF;elm:context_link;itc:0;sec:content-canvas\">SNCF<\/a> a \u00e9t\u00e9 inform\u00e9e par le minist\u00e8re (fran\u00e7ais, NDLR) des Transports que les commandes publiques pour l&rsquo;exploitation des trains de nuit Vienne-Paris et Berlin-Paris seraient arr\u00eat\u00e9es pour l&rsquo;ann\u00e9e 2026&Prime;, a indiqu\u00e9 la compagnie autrichienne.<\/p>\n<p class=\"mb-4 text-lg md:leading-8 break-words\">\u00ab\u00a0Les deux liaisons de train de nuit ne pourront plus \u00eatre propos\u00e9es \u00e0 partir du 14\u00a0d\u00e9cembre 2025\u00a0\u00bb, a-t-elle regrett\u00e9, ce type d&rsquo;exploitation n\u00e9cessitant \u00ab\u00a0des partenaires internationaux\u00a0\u00bb.<\/p>\n<p class=\"mb-4 text-lg md:leading-8 break-words\">La semaine derni\u00e8re, le collectif d&rsquo;usagers \u00ab\u00a0Oui au train de nuit\u00a0\u00bb avait alert\u00e9 sur la possible disparition de <a href=\"https:\/\/www.france24.com\/fr\/info-en-continu\/20231211-le-train-de-nuit-paris-berlin-fait-son-retour\" rel=\"nofollow noopener\" target=\"_blank\" data-ylk=\"slk:ces liaisons ferroviaires relanc\u00e9es en 2021 et 2023;elm:context_link;itc:0;sec:content-canvas\" class=\"link \">ces liaisons ferroviaires relanc\u00e9es en 2021 et 2023<\/a>, qui ne survivraient pas \u00e0 la suppression d&rsquo;une subvention de l&rsquo;\u00c9tat fran\u00e7ais.<\/p>\n<p class=\"mb-4 text-lg md:leading-8 break-words\">Tomb\u00e9s en d\u00e9su\u00e9tude durant la d\u00e9cennie 2010, les trains de nuit internationaux devaient conna\u00eetre une renaissance \u00e0 partir du r\u00e9seau sp\u00e9cialis\u00e9 autrichien Nightjet.<\/p>\n<p>Des lignes de train largement subventionn\u00e9es par l&rsquo;\u00c9tat fran\u00e7ais<\/p>\n<p class=\"mb-4 text-lg md:leading-8 break-words\">Mais selon ce collectif, les op\u00e9rateurs ferroviaires n&rsquo;auraient pas respect\u00e9 \u00ab\u00a0leur promesse de cr\u00e9er une desserte quotidienne\u00a0\u00bb, le train ne circulant que trois jours par semaine.<\/p>\n<p class=\"mb-4 text-lg md:leading-8 break-words\">\u00c0 voir aussi<a class=\"link \" href=\"https:\/\/www.france24.com\/fr\/\u00e9missions\/ici-l-europe\/20250718-voyager-en-train-\u00e0-travers-l-europe-l-harmonisation-sur-les-rails\" rel=\"nofollow noopener\" target=\"_blank\" data-ylk=\"slk:Voyager en train \u00e0 travers l&#039;Europe\u00a0: l&#039;harmonisation sur les rails\u00a0?;elm:context_link;itc:0;sec:content-canvas\">Voyager en train \u00e0 travers l&rsquo;Europe\u00a0: l&rsquo;harmonisation sur les rails\u00a0?<\/a><\/p>\n<p class=\"mb-4 text-lg md:leading-8 break-words\">L&rsquo;\u00c9tat fran\u00e7ais subventionne largement les lignes relanc\u00e9es : environ 10\u00a0millions d&rsquo;euros par an pour la liaison vers Berlin.<\/p>\n<p class=\"mb-4 text-lg md:leading-8 break-words\">La compagnie \u00d6BB a pr\u00e9cis\u00e9 qu&rsquo;elle maintenait la liaison Vienne-Bruxelles et continuerait d&rsquo;investir dans les trains de nuit avec \u00ab\u00a0davantage de capacit\u00e9 et de confort sur les lignes existantes\u00a0\u00bb.<\/p>\n<p class=\"mb-4 text-lg md:leading-8 break-words\">\u00c0 voir aussi<a class=\"link  yahoo-link\" href=\"https:\/\/fr.news.yahoo.com\/trains-suisses-battent-records-ponctualit%C3%A9-082203332.html\" data-ylk=\"slk:Comment les trains suisses battent des records de ponctualit\u00e9;elm:context_link;itc:0;sec:content-canvas;outcm:mb_qualified_link;_E:mb_qualified_link;ct:story;\" target=\"_blank\" rel=\"noopener\">Comment les trains suisses battent des records de ponctualit\u00e9<\/a><\/p>\n<p class=\"mb-4 text-lg md:leading-8 break-words\">Cette compagnie est leader europ\u00e9en sur le march\u00e9 des trains de nuit gr\u00e2ce \u00e0 la situation g\u00e9ographique de Vienne au c\u0153ur de l&rsquo;<a class=\"link \" href=\"https:\/\/www.france24.com\/fr\/tag\/europe\/\" rel=\"nofollow noopener\" target=\"_blank\" data-ylk=\"slk:Europe;elm:context_link;itc:0;sec:content-canvas\">Europe<\/a> et acquiert progressivement de nouveaux wagons-lits modernes\u00a0pour renouveler et compl\u00e9ter sa flotte existante.<\/p>\n<p class=\"mb-4 text-lg md:leading-8 break-words\">\u00a0<\/p>\n<p class=\"mb-4 text-lg md:leading-8 break-words\">Avec AFP<\/p>\n","protected":false},"excerpt":{"rendered":"Deux lignes de trains de nuit iconiques, le Vienne-Paris et le Berlin-Paris, seront arr\u00eat\u00e9es le 14\u00a0d\u00e9cembre, selon la&hellip;\n","protected":false},"author":2,"featured_media":426096,"comment_status":"","ping_status":"","sticky":false,"template":"","format":"standard","meta":{"footnotes":""},"categories":[1888],"tags":[1111,1928,11,1927,55489,1777,674,1011,27,55492,41525,12,1926,626,1925,25,55490,55491],"class_list":{"0":"post-426095","1":"post","2":"type-post","3":"status-publish","4":"format-standard","5":"has-post-thumbnail","7":"category-paris","8":"tag-actu","9":"tag-actu-paris","10":"tag-actualites","11":"tag-actualites-paris","12":"tag-berlin-paris","13":"tag-eu","14":"tag-europe","15":"tag-fr","16":"tag-france","17":"tag-letat-francais","18":"tag-la-compagnie","19":"tag-news","20":"tag-news-paris","21":"tag-paris","22":"tag-paris-news","23":"tag-republique-francaise","24":"tag-trains-de-nuit","25":"tag-vienne-paris"},"share_on_mastodon":{"url":"https:\/\/pubeurope.com\/@fr\/115287679607637572","error":""},"_links":{"self":[{"href":"https:\/\/www.europesays.com\/fr\/wp-json\/wp\/v2\/posts\/426095","targetHints":{"allow":["GET"]}}],"collection":[{"href":"https:\/\/www.europesays.com\/fr\/wp-json\/wp\/v2\/posts"}],"about":[{"href":"https:\/\/www.europesays.com\/fr\/wp-json\/wp\/v2\/types\/post"}],"author":[{"embeddable":true,"href":"https:\/\/www.europesays.com\/fr\/wp-json\/wp\/v2\/users\/2"}],"replies":[{"embeddable":true,"href":"https:\/\/www.europesays.com\/fr\/wp-json\/wp\/v2\/comments?post=426095"}],"version-history":[{"count":0,"href":"https:\/\/www.europesays.com\/fr\/wp-json\/wp\/v2\/posts\/426095\/revisions"}],"wp:featuredmedia":[{"embeddable":true,"href":"https:\/\/www.europesays.com\/fr\/wp-json\/wp\/v2\/media\/426096"}],"wp:attachment":[{"href":"https:\/\/www.europesays.com\/fr\/wp-json\/wp\/v2\/media?parent=426095"}],"wp:term":[{"taxonomy":"category","embeddable":true,"href":"https:\/\/www.europesays.com\/fr\/wp-json\/wp\/v2\/categories?post=426095"},{"taxonomy":"post_tag","embeddable":true,"href":"https:\/\/www.europesays.com\/fr\/wp-json\/wp\/v2\/tags?post=426095"}],"curies":[{"name":"wp","href":"https:\/\/api.w.org\/{rel}","templated":true}]}}