{"id":426097,"date":"2025-09-29T12:52:11","date_gmt":"2025-09-29T12:52:11","guid":{"rendered":"https:\/\/www.europesays.com\/fr\/426097\/"},"modified":"2025-09-29T12:52:11","modified_gmt":"2025-09-29T12:52:11","slug":"sterin-notre-dame-de-paris-securite-sociale-les-grands-themes-de-la-fete-de-lhuma-sologne","status":"publish","type":"post","link":"https:\/\/www.europesays.com\/fr\/426097\/","title":{"rendered":"St\u00e9rin, Notre-Dame de Paris, S\u00e9curit\u00e9 sociale\u2026 les grands th\u00e8mes de la F\u00eate de l\u2019Huma Sologne"},"content":{"rendered":"<p>Rarement la F\u00eate de l\u2019Huma Sologne n\u2019avait pu rendre les d\u00e9bats aussi locaux. En ouverture de l\u2019\u00e9v\u00e9nement organis\u00e9 samedi 4\u00a0octobre 2025 \u00e0 Villefranche-sur-Cher, les organisateurs accueillent Thomas Lemahieu, journaliste \u00e0 L\u2019Humanit\u00e9 qui a expos\u00e9 le \u00ab\u00a0plan P\u00e9ricl\u00e8s\u00a0\u00bb du milliardaire Pierre-\u00c9douard St\u00e9rin, pour une table ronde sur ce th\u00e8me. \u00ab\u00a0On esp\u00e8re qu\u2019\u00e9tablir qui est ce monsieur et ses objectifs pourra nous amener des personnes qui s\u2019inqui\u00e8tent\u00a0\u00bb, r\u00e9sume Fabienne Bruneau, repr\u00e9sentante du PCF.<\/p>\n<p>Pour rappel, l\u2019entrepreneur proche de l\u2019extr\u00eame droite est derri\u00e8re <a target=\"_self\" href=\"https:\/\/www.lanouvellerepublique.fr\/loir-et-cher\/commune\/nouan-le-fuzelier\/academie-saint-louis-de-chales-son-ouverture-en-sologne-a-la-rentree-scolaire-2025-divise-la-classe-politique-1753017248\" rel=\"nofollow noopener\">le projet d\u2019Acad\u00e9mie Saint-Louis de Chal\u00e8s<\/a>, qui a ouvert cette ann\u00e9e \u00e0 Nouan-le-Fuzelier&#8230;. <\/p>\n<p>    Cet article a \u00e9t\u00e9 tronqu\u00e9. Abonnez-vous pour lire l&rsquo;article complet sur notre site.<\/p>\n<p style=\"margin: 0 !important; padding: 0 !important; font-size: 12px !important;\">Cet article a \u00e9t\u00e9 tronqu\u00e9. Abonnez-vous pour lire l&rsquo;article complet.<\/p>\n<p>    <a href=\"https:\/\/www.lanouvellerepublique.fr\/abonnements\" style=\"display: inline-block; margin-top: 5px !important; padding: 6px 12px !important; background: #cb1c27; color: white; text-decoration: none; border-radius: 4px; font-size: 12px !important;\" rel=\"nofollow noopener\" target=\"_blank\"><br \/>\n      S&rsquo;abonner<br \/>\n    <\/a><\/p>\n","protected":false},"excerpt":{"rendered":"Rarement la F\u00eate de l\u2019Huma Sologne n\u2019avait pu rendre les d\u00e9bats aussi locaux. En ouverture de l\u2019\u00e9v\u00e9nement organis\u00e9&hellip;\n","protected":false},"author":2,"featured_media":426098,"comment_status":"","ping_status":"","sticky":false,"template":"","format":"standard","meta":{"footnotes":""},"categories":[1888],"tags":[1392,11,1777,674,14537,1011,27,1380,4368,1393,12,626,316,25,9559,55493],"class_list":{"0":"post-426097","1":"post","2":"type-post","3":"status-publish","4":"format-standard","5":"has-post-thumbnail","7":"category-paris","8":"tag-a-la-une-local","9":"tag-actualites","10":"tag-eu","11":"tag-europe","12":"tag-fetes","13":"tag-fr","14":"tag-france","15":"tag-livres","16":"tag-loir-et-cher","17":"tag-loisirs","18":"tag-news","19":"tag-paris","20":"tag-politique","21":"tag-republique-francaise","22":"tag-romorantin-lanthenay","23":"tag-villefranche-sur-cher"},"share_on_mastodon":{"url":"https:\/\/pubeurope.com\/@fr\/115287683606284088","error":""},"_links":{"self":[{"href":"https:\/\/www.europesays.com\/fr\/wp-json\/wp\/v2\/posts\/426097","targetHints":{"allow":["GET"]}}],"collection":[{"href":"https:\/\/www.europesays.com\/fr\/wp-json\/wp\/v2\/posts"}],"about":[{"href":"https:\/\/www.europesays.com\/fr\/wp-json\/wp\/v2\/types\/post"}],"author":[{"embeddable":true,"href":"https:\/\/www.europesays.com\/fr\/wp-json\/wp\/v2\/users\/2"}],"replies":[{"embeddable":true,"href":"https:\/\/www.europesays.com\/fr\/wp-json\/wp\/v2\/comments?post=426097"}],"version-history":[{"count":0,"href":"https:\/\/www.europesays.com\/fr\/wp-json\/wp\/v2\/posts\/426097\/revisions"}],"wp:featuredmedia":[{"embeddable":true,"href":"https:\/\/www.europesays.com\/fr\/wp-json\/wp\/v2\/media\/426098"}],"wp:attachment":[{"href":"https:\/\/www.europesays.com\/fr\/wp-json\/wp\/v2\/media?parent=426097"}],"wp:term":[{"taxonomy":"category","embeddable":true,"href":"https:\/\/www.europesays.com\/fr\/wp-json\/wp\/v2\/categories?post=426097"},{"taxonomy":"post_tag","embeddable":true,"href":"https:\/\/www.europesays.com\/fr\/wp-json\/wp\/v2\/tags?post=426097"}],"curies":[{"name":"wp","href":"https:\/\/api.w.org\/{rel}","templated":true}]}}