{"id":426108,"date":"2025-09-29T12:58:13","date_gmt":"2025-09-29T12:58:13","guid":{"rendered":"https:\/\/www.europesays.com\/fr\/426108\/"},"modified":"2025-09-29T12:58:13","modified_gmt":"2025-09-29T12:58:13","slug":"lallemagne-exprime-un-fort-soutien-au-plan-de-cessez-le-feu-a-gaza-de-trump-anadolu-ajansi","status":"publish","type":"post","link":"https:\/\/www.europesays.com\/fr\/426108\/","title":{"rendered":"L&#039;Allemagne exprime un fort soutien au plan de cessez-le-feu \u00e0 Gaza de Trump &#8211; Anadolu Ajans\u0131"},"content":{"rendered":"<ol>\n<li><a href=\"https:\/\/news.google.com\/rss\/articles\/CBMivAFBVV95cUxPUHBfV2hvTDhEZDI4N3YySHgtWTlBdUg0dXhPekN5MEI3bEZzWTl1azBHajBJWmkxQnF2aWxvQk1IS2dGcDZtZDlMY01nZU5jdDBvR1RjcEQwSnRKLXdlRFdaN05aQ3N0ZmVuQS13MDlBNXdSREZOU1FnbnhYeDZjOUxPNXZVNnZETmRwN25haGRXYlFtMjI3YlNwdmhDYWc3R2FnR2hUbXpNektLMUJSRjF1UGJjUG80UWtNVA?oc=5\" target=\"_blank\" rel=\"nofollow noopener\">L&rsquo;Allemagne exprime un fort soutien au plan de cessez-le-feu \u00e0 Gaza de Trump<\/a>&nbsp;&nbsp;Anadolu Ajans\u0131<\/li>\n<li><a href=\"https:\/\/news.google.com\/rss\/articles\/CBMizwFBVV95cUxOZVUySUpIOGpKbVVxZmFwYmRob2QxOFhZOHBOemZKVFVCSFM2LXR1YWhBZ2RDUW1IQ3h4VURLSjhNQldzUWIwZ2hRRl9GREJvTmJHQk1rREtFcHBhTll3MG8xN3I1VWZaREZCWVl6Tkw2bXFCYUgtbzJzSklRME9mWmVySUJfNEZaeVk2dFNoMGxXNmNlNkltV0ZmTi1keVZQczBCc3l6SS1tYlRwYlNBZk9RVXBvc3B6enBjQmN5SkdWbzJ3eWdnMm45QkgtZlE?oc=5\" target=\"_blank\" rel=\"nofollow noopener\">\u00c9DITO. Palestine-Isra\u00ebl: l&rsquo;Allemagne et sa \u00ab\u00a0raison d&rsquo;\u00c9tat\u00a0\u00bb \u00e0 l&rsquo;\u00e9preuve de la guerre \u00e0 Gaza<\/a>&nbsp;&nbsp;tv5monde<\/li>\n<li><a href=\"https:\/\/news.google.com\/rss\/articles\/CBMiVkFVX3lxTE9PZXB5UUNuVWpaSHl4RkRYeFBMTUxwZnpsM3ZzcDFrbTJTY2owTVYwQ3FjTjR4NWZ5cTQzcllVR1Z3d09HTGhUVFllbWNZTG9XbjJnTnF3?oc=5\" target=\"_blank\" rel=\"nofollow noopener\">D\u00e9claration de presse \u00e9mise par le minist\u00e8re des Affaires \u00e9trang\u00e8res slovaque concernant l&rsquo;adh\u00e9sion de la Slovaquie \u00e0 l&rsquo;initiative danoise appelant \u00e0 fournir des soins de sant\u00e9 dans les territoires palestiniens occup\u00e9s<\/a>&nbsp;&nbsp;\u0648\u0643\u0627\u0644\u0629 \u0635\u062f\u0649 \u0646\u064a\u0648\u0632<\/li>\n<li><a href=\"https:\/\/news.google.com\/rss\/articles\/CBMirwFBVV95cUxQdUg3Z01nRGlaUzVhWUZmTld0TlVWYm5seTFSbTQ2TlVKT3gyYXg5UlRlX2ZScFNkVzE2RHRac1JEV3VyOGtkMXdkM1Q2ellkNkhpQ28wRjF2V05QQkFwRDJJTEZxaUd0eTBDOGdVcmVvc0RxWjl2MkJSWUNEZXVEMzctMzBrUS01VnllNjE0U2FrRlpBUEpRUmFVeDQ2SlR2emFYSDFIbGhDRXdJSnBv?oc=5\" target=\"_blank\" rel=\"nofollow noopener\">Discours du ministre des Affaires \u00e9trang\u00e8res Johann Wadephul<\/a>&nbsp;&nbsp;Ausw\u00e4rtiges Amt<\/li>\n<li><a href=\"https:\/\/news.google.com\/rss\/articles\/CBMi8gFBVV95cUxQTGFEZ1VmQm40Umx6MkJuQWYwbV9oVnpyTEVFMDJxMUNtSlNQdDBZS0d0T1YwR0xrdGtOUEU5SGRTNklZV19PQ1dtTUk3bEVtc2dsMjY5b1U0b3ZzM21sN3NiS0dJWWRJM0E0dUNINDZCUk1kX3dkVmtwLTN2NFNCaDFoN0pMVndSNHo4cWM2a1Z0LWkzQmdHcEpsVVVYVDJHVkw2WEtoWU5ncEFZZEJWQS1JWG93eDNJUnUtaURRemZBeGVwdXdUQU83WmtwVy10NkgwRXM0R29XMHhGUEU3WkV0d1R5UmlwMGpIZ0FzdmVhQQ?oc=5\" target=\"_blank\" rel=\"nofollow noopener\">Des pays occidentaux demandent la r\u00e9ouverture du corridor m\u00e9dical pour soigner les patients gazaouis en Cisjordanie<\/a>&nbsp;&nbsp;The Times of Isra\u00ebl<\/li>\n<\/ol>\n","protected":false},"excerpt":{"rendered":"L&rsquo;Allemagne exprime un fort soutien au plan de cessez-le-feu \u00e0 Gaza de Trump&nbsp;&nbsp;Anadolu Ajans\u0131 \u00c9DITO. Palestine-Isra\u00ebl: l&rsquo;Allemagne et&hellip;\n","protected":false},"author":2,"featured_media":426109,"comment_status":"","ping_status":"","sticky":false,"template":"","format":"standard","meta":{"footnotes":""},"categories":[1587],"tags":[11,672,1785,1804,1805,1803,1777,674,665,1801,12,1802],"class_list":{"0":"post-426108","1":"post","2":"type-post","3":"status-publish","4":"format-standard","5":"has-post-thumbnail","7":"category-allemagne","8":"tag-actualites","9":"tag-allemagne","10":"tag-anadolu-ajansi","11":"tag-bundesrepublik-deutschland","12":"tag-de","13":"tag-deutschland","14":"tag-eu","15":"tag-europe","16":"tag-gaza","17":"tag-germany","18":"tag-news","19":"tag-republique-federale-dallemagne"},"share_on_mastodon":{"url":"https:\/\/pubeurope.com\/@fr\/115287707286581581","error":""},"_links":{"self":[{"href":"https:\/\/www.europesays.com\/fr\/wp-json\/wp\/v2\/posts\/426108","targetHints":{"allow":["GET"]}}],"collection":[{"href":"https:\/\/www.europesays.com\/fr\/wp-json\/wp\/v2\/posts"}],"about":[{"href":"https:\/\/www.europesays.com\/fr\/wp-json\/wp\/v2\/types\/post"}],"author":[{"embeddable":true,"href":"https:\/\/www.europesays.com\/fr\/wp-json\/wp\/v2\/users\/2"}],"replies":[{"embeddable":true,"href":"https:\/\/www.europesays.com\/fr\/wp-json\/wp\/v2\/comments?post=426108"}],"version-history":[{"count":0,"href":"https:\/\/www.europesays.com\/fr\/wp-json\/wp\/v2\/posts\/426108\/revisions"}],"wp:featuredmedia":[{"embeddable":true,"href":"https:\/\/www.europesays.com\/fr\/wp-json\/wp\/v2\/media\/426109"}],"wp:attachment":[{"href":"https:\/\/www.europesays.com\/fr\/wp-json\/wp\/v2\/media?parent=426108"}],"wp:term":[{"taxonomy":"category","embeddable":true,"href":"https:\/\/www.europesays.com\/fr\/wp-json\/wp\/v2\/categories?post=426108"},{"taxonomy":"post_tag","embeddable":true,"href":"https:\/\/www.europesays.com\/fr\/wp-json\/wp\/v2\/tags?post=426108"}],"curies":[{"name":"wp","href":"https:\/\/api.w.org\/{rel}","templated":true}]}}