{"id":426112,"date":"2025-09-29T13:00:16","date_gmt":"2025-09-29T13:00:16","guid":{"rendered":"https:\/\/www.europesays.com\/fr\/426112\/"},"modified":"2025-09-29T13:00:16","modified_gmt":"2025-09-29T13:00:16","slug":"cop30-lunion-europeenne-sommee-daccentuer-ses-efforts-climatiques","status":"publish","type":"post","link":"https:\/\/www.europesays.com\/fr\/426112\/","title":{"rendered":"COP30\u00a0: l\u2019Union europ\u00e9enne somm\u00e9e d\u2019accentuer ses efforts climatiques"},"content":{"rendered":"<p>Les Vingt-Sept sont somm\u00e9s de revoir leur copie. Dans un rapport publi\u00e9 lundi 29\u00a0septembre, l\u2019Agence europ\u00e9enne pour l\u2019environnement (AEE) alerte sur le fait que \u00ab\u00a0l\u2019\u00e9tat g\u00e9n\u00e9ral de l\u2019environnement en Europe n\u2019est pas bon\u00a0\u00bb. Bien que l\u2019AEE pr\u00e9cise que des \u00ab\u00a0progr\u00e8s significatifs ont \u00e9t\u00e9 r\u00e9alis\u00e9s dans la r\u00e9duction des \u00e9missions de gaz \u00e0 effet de serre (-37\u00a0% par rapport \u00e0 1990, NDLR) et de la pollution&#8230;<\/p>\n","protected":false},"excerpt":{"rendered":"Les Vingt-Sept sont somm\u00e9s de revoir leur copie. Dans un rapport publi\u00e9 lundi 29\u00a0septembre, l\u2019Agence europ\u00e9enne pour l\u2019environnement&hellip;\n","protected":false},"author":2,"featured_media":426113,"comment_status":"","ping_status":"","sticky":false,"template":"","format":"standard","meta":{"footnotes":""},"categories":[1586],"tags":[11,1129,436,1777,674,1779,1011,27,12,25,1778,364],"class_list":{"0":"post-426112","1":"post","2":"type-post","3":"status-publish","4":"format-standard","5":"has-post-thumbnail","7":"category-europe","8":"tag-actualites","9":"tag-climat","10":"tag-environnement","11":"tag-eu","12":"tag-europe","13":"tag-european-union","14":"tag-fr","15":"tag-france","16":"tag-news","17":"tag-republique-francaise","18":"tag-ue","19":"tag-union-europeenne"},"share_on_mastodon":{"url":"https:\/\/pubeurope.com\/@fr\/115287715171102862","error":""},"_links":{"self":[{"href":"https:\/\/www.europesays.com\/fr\/wp-json\/wp\/v2\/posts\/426112","targetHints":{"allow":["GET"]}}],"collection":[{"href":"https:\/\/www.europesays.com\/fr\/wp-json\/wp\/v2\/posts"}],"about":[{"href":"https:\/\/www.europesays.com\/fr\/wp-json\/wp\/v2\/types\/post"}],"author":[{"embeddable":true,"href":"https:\/\/www.europesays.com\/fr\/wp-json\/wp\/v2\/users\/2"}],"replies":[{"embeddable":true,"href":"https:\/\/www.europesays.com\/fr\/wp-json\/wp\/v2\/comments?post=426112"}],"version-history":[{"count":0,"href":"https:\/\/www.europesays.com\/fr\/wp-json\/wp\/v2\/posts\/426112\/revisions"}],"wp:featuredmedia":[{"embeddable":true,"href":"https:\/\/www.europesays.com\/fr\/wp-json\/wp\/v2\/media\/426113"}],"wp:attachment":[{"href":"https:\/\/www.europesays.com\/fr\/wp-json\/wp\/v2\/media?parent=426112"}],"wp:term":[{"taxonomy":"category","embeddable":true,"href":"https:\/\/www.europesays.com\/fr\/wp-json\/wp\/v2\/categories?post=426112"},{"taxonomy":"post_tag","embeddable":true,"href":"https:\/\/www.europesays.com\/fr\/wp-json\/wp\/v2\/tags?post=426112"}],"curies":[{"name":"wp","href":"https:\/\/api.w.org\/{rel}","templated":true}]}}