{"id":426115,"date":"2025-09-29T13:01:12","date_gmt":"2025-09-29T13:01:12","guid":{"rendered":"https:\/\/www.europesays.com\/fr\/426115\/"},"modified":"2025-09-29T13:01:12","modified_gmt":"2025-09-29T13:01:12","slug":"une-plainte-deposee-apres-son-mensonge-sur-son-master-2-de-droit","status":"publish","type":"post","link":"https:\/\/www.europesays.com\/fr\/426115\/","title":{"rendered":"Une plainte d\u00e9pos\u00e9e apr\u00e8s son mensonge sur son master 2 de droit"},"content":{"rendered":"<p>Une plainte contre le Premier ministre. Le Syndicat national des agents publics de l\u2019Education nationale (Snapen) a d\u00e9pos\u00e9 plainte contre <a href=\"https:\/\/www.20minutes.fr\/politique\/sebastien-lecornu\/\" class=\"c-link c-link--is-underlined\" target=\"_blank\" rel=\"noopener\">S\u00e9bastien Lecornu<\/a>, l\u2019accusant d\u2019avoir <a href=\"https:\/\/www.20minutes.fr\/politique\/4174175-20250919-premier-ministre-sebastien-lecornu-reconnait-avoir-fini-cursus-mentionne-cv\" class=\"c-link c-link--is-underlined\" target=\"_blank\" rel=\"noopener\">fait croire qu\u2019il d\u00e9tenait un master de droit public<\/a> sans avoir valid\u00e9 sa deuxi\u00e8me ann\u00e9e de dipl\u00f4me.<\/p>\n<p>La plainte a \u00e9t\u00e9 adress\u00e9e \u00e0 la commission des requ\u00eates de la Cour de justice de la R\u00e9publique, a annonc\u00e9 lundi l\u2019avocat du syndicat, Me Vincent Brengarth.<\/p>\n<p>L\u2019argument du \u00ab\u00a0m\u00e9pris social\u00a0\u00bb<\/p>\n<p>Mi-septembre, <a href=\"https:\/\/www.20minutes.fr\/medias\/mediapart\/\" class=\"c-link c-link--is-underlined\" target=\"_blank\" rel=\"noopener\">Mediapart<\/a> a r\u00e9v\u00e9l\u00e9 que S\u00e9bastien Lecornu n\u2019avait pas le dipl\u00f4me de master, qui s\u2019obtient en deux ans, contrairement \u00e0 ce qu\u2019affirmaient des portraits publi\u00e9s depuis\u00a02016, sa page sur le site du minist\u00e8re des Arm\u00e9es lorsqu\u2019il \u00e9tait encore \u00e0 ce poste, sa page sur le r\u00e9seau social LinkedIn ou encore sa pr\u00e9sentation lors d\u2019une conf\u00e9rence universitaire.<\/p>\n<p>Interrog\u00e9 sur le sujet vendredi dans Le Parisien, le <a href=\"https:\/\/www.20minutes.fr\/dossier\/premier_ministre\" class=\"c-link c-link--is-underlined\" target=\"_blank\" rel=\"noopener\">Premier ministre<\/a> a r\u00e9pondu qu\u2019il avait \u00ab\u00a0valid\u00e9 (sa) ma\u00eetrise en droit, donc un master 1\u00a0\u00bb \u00e0 l\u2019Universit\u00e9 Panth\u00e9on-Assas. La ma\u00eetrise, qui correspondait \u00e0 un Bac +\u00a04, a \u00e9t\u00e9 remplac\u00e9e par le master, de niveau Bac +\u00a05, depuis la r\u00e9forme licence-master-doctorat (LMD) dans les ann\u00e9es\u00a02000. \u00ab\u00a0J\u2019ai ressenti dans cette fausse pol\u00e9mique une forme de m\u00e9pris social\u00a0\u00bb, a-t-il ajout\u00e9.<\/p>\n<\/p>\n<p>Un CV modifi\u00e9 depuis<\/p>\n<p>Dans la plainte, que l\u2019AFP a pu consulter, le syndicat reproche au ministre d\u2019avoir voulu \u00ab\u00a0faire croire (qu\u2019il) \u00e9tait titulaire d\u2019un master de droit public\u00a0\u00bb et \u00ab\u00a0utilisait en connaissance de cause un dipl\u00f4me dont il n\u2019\u00e9tait pas titulaire\u00a0\u00bb. \u00ab\u00a0Aucun dipl\u00f4me n\u2019est requis pour \u00eatre membre d\u2019un gouvernement et le fait de ne pas avoir obtenu de master 2 n\u2019est pas un signe d\u2019incomp\u00e9tence\u00a0\u00bb, a soulign\u00e9 Me Vincent Brengarth.<\/p>\n<p>\u00ab\u00a0Toutefois, l\u2019absence de transparence sur le niveau d\u2019\u00e9tudes acquis, par un ministre d\u2019Etat, est de nature \u00e0 porter atteinte \u00e0 la cr\u00e9dibilit\u00e9 de la certification par les universit\u00e9s publiques fran\u00e7aises, \u00e0 l\u2019\u00e9galit\u00e9 r\u00e9publicaine, \u00e0 l\u2019honneur des enseignants-chercheurs et, plus g\u00e9n\u00e9ralement, \u00e0 la mission de service public confi\u00e9e aux \u00e9tablissements d\u2019enseignement sup\u00e9rieur\u00a0\u00bb, ajoute-t-il.<\/p>\n<p>Sur son site officiel, S\u00e9bastien Lecornu mentionne aujourd\u2019hui simplement des \u00ab\u00a0\u00e9tudes de droit \u00e0 l\u2019universit\u00e9 Paris 2 Panth\u00e9on Assas\u00a0\u00bb, sans pr\u00e9cision. Sur LinkedIn, \u00e0 la rubrique formation, il indique \u00ab\u00a0Master, droit public g\u00e9n\u00e9ral, 2005-2008\u00a0\u00bb, \u00e0 Panth\u00e9on-Assas Universit\u00e9.<\/p>\n","protected":false},"excerpt":{"rendered":"Une plainte contre le Premier ministre. Le Syndicat national des agents publics de l\u2019Education nationale (Snapen) a d\u00e9pos\u00e9&hellip;\n","protected":false},"author":2,"featured_media":426116,"comment_status":"","ping_status":"","sticky":false,"template":"","format":"standard","meta":{"footnotes":""},"categories":[2],"tags":[47,11,19603,4081,1011,27,18391,21026,12,316,3363,25,11067],"class_list":{"0":"post-426115","1":"post","2":"type-post","3":"status-publish","4":"format-standard","5":"has-post-thumbnail","7":"category-actualites","8":"tag-actualite","9":"tag-actualites","10":"tag-diplome","11":"tag-etudiant","12":"tag-fr","13":"tag-france","14":"tag-linkedin","15":"tag-mediapart","16":"tag-news","17":"tag-politique","18":"tag-premier-ministre","19":"tag-republique-francaise","20":"tag-sebastien-lecornu"},"share_on_mastodon":{"url":"https:\/\/pubeurope.com\/@fr\/115287718931235670","error":""},"_links":{"self":[{"href":"https:\/\/www.europesays.com\/fr\/wp-json\/wp\/v2\/posts\/426115","targetHints":{"allow":["GET"]}}],"collection":[{"href":"https:\/\/www.europesays.com\/fr\/wp-json\/wp\/v2\/posts"}],"about":[{"href":"https:\/\/www.europesays.com\/fr\/wp-json\/wp\/v2\/types\/post"}],"author":[{"embeddable":true,"href":"https:\/\/www.europesays.com\/fr\/wp-json\/wp\/v2\/users\/2"}],"replies":[{"embeddable":true,"href":"https:\/\/www.europesays.com\/fr\/wp-json\/wp\/v2\/comments?post=426115"}],"version-history":[{"count":0,"href":"https:\/\/www.europesays.com\/fr\/wp-json\/wp\/v2\/posts\/426115\/revisions"}],"wp:featuredmedia":[{"embeddable":true,"href":"https:\/\/www.europesays.com\/fr\/wp-json\/wp\/v2\/media\/426116"}],"wp:attachment":[{"href":"https:\/\/www.europesays.com\/fr\/wp-json\/wp\/v2\/media?parent=426115"}],"wp:term":[{"taxonomy":"category","embeddable":true,"href":"https:\/\/www.europesays.com\/fr\/wp-json\/wp\/v2\/categories?post=426115"},{"taxonomy":"post_tag","embeddable":true,"href":"https:\/\/www.europesays.com\/fr\/wp-json\/wp\/v2\/tags?post=426115"}],"curies":[{"name":"wp","href":"https:\/\/api.w.org\/{rel}","templated":true}]}}