{"id":426127,"date":"2025-09-29T13:09:15","date_gmt":"2025-09-29T13:09:15","guid":{"rendered":"https:\/\/www.europesays.com\/fr\/426127\/"},"modified":"2025-09-29T13:09:15","modified_gmt":"2025-09-29T13:09:15","slug":"on-sait-que-notre-moto-ne-fonctionne-pas","status":"publish","type":"post","link":"https:\/\/www.europesays.com\/fr\/426127\/","title":{"rendered":"On sait que notre moto ne fonctionne pas"},"content":{"rendered":"<p><a href=\"https:\/\/fr.motorsport.com\/driver\/fabio-quartararo\/109400\/\" target=\"_blank\" rel=\"noopener nofollow\">Fabio Quartararo<\/a> savait qu&rsquo;il ne ferait pas de miracles \u00e0 Motegi. Qualifi\u00e9 au cinqui\u00e8me rang, le Fran\u00e7ais a doubl\u00e9 <a href=\"https:\/\/fr.motorsport.com\/driver\/joan-mir\/289392\/\" target=\"_blank\" rel=\"noopener nofollow\">Joan Mir<\/a> au d\u00e9part mais il a pay\u00e9 les difficult\u00e9s de sa Yamaha \u00e0 trouver le grip dans le deuxi\u00e8me tour, et perdu cinq places en l&rsquo;espace de quelques virages. Il est ensuite rest\u00e9 neuvi\u00e8me une grande partie de la course, juste devant <a href=\"https:\/\/fr.motorsport.com\/driver\/johann-zarco\/96107\/\" target=\"_blank\" rel=\"noopener nofollow\">Johann Zarco<\/a>, avant de profiter du passage hors piste de <a href=\"https:\/\/fr.motorsport.com\/driver\/pedro-acosta\/840236\/\" target=\"_blank\" rel=\"noopener nofollow\">Pedro Acosta<\/a> pour prendre la huiti\u00e8me place.<\/p>\n<p>La d\u00e9gringolade du deuxi\u00e8me tour a \u00e9t\u00e9 l&rsquo;un des moments forts de sa course, mais Quartararo a confi\u00e9 au micro de Canal+ qu&rsquo;il ne lui est \u00ab\u00a0rien\u00a0\u00bb arriv\u00e9, et qu&rsquo;il s&rsquo;attendait \u00e0 ne pas rester quatri\u00e8me\u00a0: \u00ab\u00a0Rien de sp\u00e9cial, on sait que notre moto ne fonctionne pas pour l&rsquo;instant.\u00a0\u00bb<\/p>\n<p>Une fois face \u00e0 la presse \u00e9crite, dont <strong>Motorsport.com<\/strong>, Quartararo a estim\u00e9 que sa huiti\u00e8me place \u00e9tait \u00ab\u00a0le maximum possible\u00a0\u00bb avec une Yamaha aux limites trop nettes\u00a0: \u00ab\u00a0Au d\u00e9but, j&rsquo;ai pris un tr\u00e8s bon d\u00e9part et \u00e9videmment, avec le niveau de grip que l&rsquo;on a, j&rsquo;ai \u00e9t\u00e9 doubl\u00e9 par tout le monde. Et j&rsquo;ai fait une erreur parce que j&rsquo;ai essay\u00e9 d&rsquo;attaquer et de rouler avec eux, or c&rsquo;est clairement impossible.\u00a0\u00bb<\/p>\n<p>\u00ab\u00a0Mais en tant que pilote, je pense que j&rsquo;ai fait toute la course \u00e0 mon rythme. Actuellement, mon objectif num\u00e9ro 1 est de travailler sur moi et d&rsquo;essayer de progresser, en tant que pilote. Je pense que j&rsquo;ai \u00e9t\u00e9 bon dans cette course, mais on sait \u00e0 quel point c&rsquo;est dur d&rsquo;\u00eatre rapides par rapport \u00e0 eux tous.\u00a0\u00bb<\/p>\n<p>   <img decoding=\"async\" draggable=\"false\" src=\"https:\/\/www.europesays.com\/fr\/wp-content\/uploads\/2025\/09\/1759151354_157_fabio-quartararo-yamaha-factor.jpg\" alt=\"Fabio Quartararo, Yamaha Factory Racing\" width=\"1200\" height=\"800\" loading=\"lazy\"\/> <\/p>\n<p class=\"title\">Fabio Quartararo<\/p>\n<p class=\"photographer\">Photo de: Qian Jun \/ MB Media via Getty Images<\/p>\n<p>Quartararo a \u00e9t\u00e9 l&rsquo;unique repr\u00e9sentant de Yamaha en Q2, le seul \u00e0 prendre des points lors du sprint et m\u00eame le seul parmi les 13 premiers \u00e0 l&rsquo;arriv\u00e9e. Il a n\u00e9anmoins connu un \u00ab\u00a0week-end tr\u00e8s compliqu\u00e9\u00a0\u00bb, en constatant des difficult\u00e9s de sa moto.<\/p>\n<p>\u00ab\u00a0J&rsquo;avais de toute fa\u00e7on annonc\u00e9 que le rythme n&rsquo;\u00e9tait pas l\u00e0 et je pense qu&rsquo;on a fait le meilleur r\u00e9sultat possible avec ce qu&rsquo;on a. Je pense que j&rsquo;ai fait une bonne course. On voit que dans les premiers tours, quand il n&rsquo;y a pas de grip, on n&rsquo;y arrive pas. Rien \u00e0 ajouter.\u00a0\u00bb<\/p>\n<p>\u00ab\u00a0Trop tard\u00a0\u00bb pour que les progr\u00e8s de Honda r\u00e9veillent Yamaha<\/p>\n<p>Cet aveu de faiblesse pourrait inqui\u00e9ter le jour o\u00f9 Honda, qui a travers\u00e9 des difficult\u00e9s similaires ces derni\u00e8res ann\u00e9es, a montr\u00e9 des signes de progr\u00e8s en pla\u00e7ant Joan Mir sur le podium sans profiter de faits de course. Mais alors que Yamaha avance dans le d\u00e9veloppement de la moto \u00e9quip\u00e9e du V4, Quartararo \u00ab\u00a0ne pense pas\u00a0\u00bb que son constructeur devra r\u00e9agir face \u00e0 la performance du clan rival.<\/p>\n<p>\u00ab\u00a0Si \u00e7a les r\u00e9veille, je pense que c&rsquo;est un peu trop tard. On sait d\u00e9j\u00e0 o\u00f9 on est dans les classements. Je ne pense pas que nous avons besoin d&rsquo;un podium de Honda [pour le r\u00e9aliser]. Je pense que c&rsquo;est bien pour le championnat de voir diff\u00e9rents constructeurs sur le podium. Il faut juste faire quelques progr\u00e8s.\u00a0\u00bb<\/p>\n<p>   <img decoding=\"async\" draggable=\"false\" src=\"https:\/\/www.europesays.com\/fr\/wp-content\/uploads\/2025\/09\/1759151355_297_fabio-quartararo-yamaha-factor.jpg\" alt=\"Fabio Quartararo, Yamaha Factory Racing\" width=\"1200\" height=\"800\" loading=\"lazy\"\/> <\/p>\n<p class=\"title\">Fabio Quartararo<\/p>\n<p class=\"photographer\">Photo de: Gold and Goose Photography \/ LAT Images \/ via Getty Images<\/p>\n<p>Interrog\u00e9 sur ses attentes pour les cinq derni\u00e8res courses de la saison, Fabio Quartararo s&rsquo;est n\u00e9anmoins permis une note d&rsquo;optimisme en vue du d\u00e9placement \u00e0 Mandalika cette semaine, sur un trac\u00e9 qui pourrait jouer sur les forces de la M1\u00a0: \u00ab\u00a0On essaiera de faire de notre mieux. Je pense que l&rsquo;Indon\u00e9sie peut \u00eatre une bonne piste pour nous. On verra comment \u00e7a se passera.\u00a0\u00bb<\/p>\n<p>\u00ab\u00a0Je pense que le pneu sera diff\u00e9rent, et que l&rsquo;Indon\u00e9sie pourra \u00eatre une piste o\u00f9 l&rsquo;on pourra peut-\u00eatre faire quelque chose de bien. Je n&rsquo;aime pas en parler en avance, mais je pense qu&rsquo;on pourra faire de tr\u00e8s bonnes qualifications et une tr\u00e8s bonne course l\u00e0-bas. Tr\u00e8s bonne, \u00e7a ne veut pas dire largement meilleure, mais si je devais choisir une piste, ce serait celle-ci.\u00a0\u00bb<\/p>\n<p>Lire aussi :<\/p>\n","protected":false},"excerpt":{"rendered":"Fabio Quartararo savait qu&rsquo;il ne ferait pas de miracles \u00e0 Motegi. Qualifi\u00e9 au cinqui\u00e8me rang, le Fran\u00e7ais a&hellip;\n","protected":false},"author":2,"featured_media":426128,"comment_status":"","ping_status":"","sticky":false,"template":"","format":"standard","meta":{"footnotes":""},"categories":[1413],"tags":[1680,1011,27,1581,1457,1456,1458,55494,60,51359,3796],"class_list":{"0":"post-426127","1":"post","2":"type-post","3":"status-publish","4":"format-standard","5":"has-post-thumbnail","7":"category-moto","8":"tag-fabio-quartararo","9":"tag-fr","10":"tag-france","11":"tag-gp-du-japon","12":"tag-moto","13":"tag-motocycle","14":"tag-motogp","15":"tag-quartararo-fatalisteu00a0-on-sait-que-notre-moto-ne-fonctionne-pas","16":"tag-sports","17":"tag-twin-ring-motegi","18":"tag-yamaha-factory-racing"},"share_on_mastodon":{"url":"https:\/\/pubeurope.com\/@fr\/115287750928242163","error":""},"_links":{"self":[{"href":"https:\/\/www.europesays.com\/fr\/wp-json\/wp\/v2\/posts\/426127","targetHints":{"allow":["GET"]}}],"collection":[{"href":"https:\/\/www.europesays.com\/fr\/wp-json\/wp\/v2\/posts"}],"about":[{"href":"https:\/\/www.europesays.com\/fr\/wp-json\/wp\/v2\/types\/post"}],"author":[{"embeddable":true,"href":"https:\/\/www.europesays.com\/fr\/wp-json\/wp\/v2\/users\/2"}],"replies":[{"embeddable":true,"href":"https:\/\/www.europesays.com\/fr\/wp-json\/wp\/v2\/comments?post=426127"}],"version-history":[{"count":0,"href":"https:\/\/www.europesays.com\/fr\/wp-json\/wp\/v2\/posts\/426127\/revisions"}],"wp:featuredmedia":[{"embeddable":true,"href":"https:\/\/www.europesays.com\/fr\/wp-json\/wp\/v2\/media\/426128"}],"wp:attachment":[{"href":"https:\/\/www.europesays.com\/fr\/wp-json\/wp\/v2\/media?parent=426127"}],"wp:term":[{"taxonomy":"category","embeddable":true,"href":"https:\/\/www.europesays.com\/fr\/wp-json\/wp\/v2\/categories?post=426127"},{"taxonomy":"post_tag","embeddable":true,"href":"https:\/\/www.europesays.com\/fr\/wp-json\/wp\/v2\/tags?post=426127"}],"curies":[{"name":"wp","href":"https:\/\/api.w.org\/{rel}","templated":true}]}}